{"id":232896,"date":"2024-11-01T00:00:35","date_gmt":"2024-10-31T23:00:35","guid":{"rendered":"https:\/\/smago.de\/ws2\/?p=232896"},"modified":"2024-10-31T22:40:44","modified_gmt":"2024-10-31T21:40:44","slug":"smago-informiert-reform-des-oeffentlich-rechtlichen-rundfunks","status":"publish","type":"post","link":"https:\/\/smago.de\/ws2\/smago-informiert\/smago-informiert-reform-des-oeffentlich-rechtlichen-rundfunks\/","title":{"rendered":"smago! INFORMIERT <br>Reform des \u00d6ffentlich-Rechtlichen Rundfunks:"},"content":{"rendered":"<p>DTV \/ SONG e.V. positioniert sich zu Staatsvertragsentwurf!<br \/>\n<!--more--><\/p>\n<h2 style=\"text-align: justify;\"><\/h2>\n<p>&nbsp;<\/p>\n<p class=\"ellipsis\" style=\"text-align: justify;\">Die Ministerpr\u00e4sidentenkonferenz hat am 25. Oktober 2024 einen\u00a0<a title=\"https:\/\/rundfunkkommission.rlp.de\/rundfunkkommission-der-laender\/reformstaatsvertrag\" href=\"https:\/\/rundfunkkommission.rlp.de\/rundfunkkommission-der-laender\/reformstaatsvertrag\" target=\"_blank\" rel=\"noopener\">Entwurf zu einer Reform des \u00d6ffentlich-Rechtlichen Rundfunks in Deutschland<\/a>\u00a0vorgelegt, der bereits im Vorfeld verschiedentlich diskutiert wurde. Insbesondere die vorgeschlagene Zusammenlegung der Fernsehsender 3sat und ARTE hat auch medial hohe Wellen geschlagen.<\/p>\n<p style=\"text-align: justify;\">Der Ansatz, gerade beim kulturellen Angebot einzusparen, wird auch von uns als Verband von Textschaffenden in der Musikbranche grunds\u00e4tzlich kritisch gesehen. Mehr, nicht weniger Vielfalt sollte das Ziel von Reformen vor allem im Bereich Kultur sein, wenn man den Bildungs- und Kulturauftrag des \u00d6ffentlich-Rechtlichen Rundfunks ernst nimmt.<\/p>\n<p style=\"text-align: justify;\">Besonders besorgniserregend finden wir aus Sicht unserer Mitglieder, aber auch aus Sicht der H\u00f6rerinnen und H\u00f6rer jedoch die Bestrebungen seitens der Politik, auch im Radio die Zahl der von \u00d6ffentlich-Rechtlichen Sendern angebotenen Programme zu reduzieren. Geplant ist laut Entwurf zum neuen Rundfunk-Staatsvertrag hier offenbar eine Verringerung um 23 % von bisher 69 auf dann nur noch 53 \u00f6ffentlich-rechtliche H\u00f6rfunkprogramme deutschlandweit.<\/p>\n<p style=\"text-align: justify;\">Schon heute hat es heimisches Repertoire &#8211; also in Deutschland produzierte Musik, insbesondere wenn sie deutschsprachig betextet ist &#8211; besonders schwer, im H\u00f6rfunk Platz zu finden. Angloamerikanische Popmusik dominiert nahezu alle Wellen. Nur 5 ARD-H\u00f6rfunksender haben einen Anteil deutschsprachiger Musik von mehr als 50 % am gesendeten Repertoire. Eine weitere Reduktion von H\u00f6rfunkprogrammen droht die mangelnde Repr\u00e4sentanz der Werke deutscher Autorinnen und Autoren im Rundfunk noch zu verst\u00e4rken. Vor allem Newcomer, so ist zu bef\u00fcrchten, finden dann noch schwerer Geh\u00f6r als ohnehin schon.<\/p>\n<p style=\"text-align: justify;\">Dies steht im krassen Gegensatz zum Erfolg heimischer Produktionen in allen anderen Auswertungsformen, sei es Streaming, Live-Konzerte oder Tontr\u00e4ger-Verk\u00e4ufe, worauf wir bereits in fr\u00fcheren Stellungnahmen hingewiesen haben. Das Argument, das Publikum wolle ein durchweg angloamerikanisch gepr\u00e4gtes Musikprogramm, ist l\u00e4ngst widerlegt.<\/p>\n<p style=\"text-align: justify;\">Wir appellieren daher an die politischen Entscheidungstr\u00e4ger, bei einer Reform des Rundfunk-Staatsvertrags auf eine angemessene Ber\u00fccksichtigung lokalen Repertoires zu achten und keinesfalls einer weiteren Vereinheitlichung des im Radio angebotenen Programms Vorschub zu leisten. Mehr, nicht weniger Produktionen auch in deutscher Sprache m\u00fcssen das Ziel sein. Andernfalls droht nicht nur eine kulturelle Verarmung des Rundfunks, sondern es wird Autorinnen und Autoren heimischer Sprache auch ein wesentlicher Teil ihrer Erwerbsm\u00f6glichkeiten entzogen, denn Tantiemen aus Rundfunkeins\u00e4tzen stellen f\u00fcr viele einen erheblichen Teil ihres Einkommens dar.<br \/>\n<strong>\u00a0<\/strong><\/p>\n<figure id=\"attachment_232899\" aria-describedby=\"caption-attachment-232899\" style=\"width: 800px\" class=\"wp-caption alignnone\"><img decoding=\"async\" loading=\"lazy\" class=\"size-large wp-image-232899\" src=\"https:\/\/smago.de\/ws2\/wp-content\/uploads\/2024\/10\/880_428_MPK_Schweitzer_Leip1-2-800x401.jpg\" alt=\"\" width=\"800\" height=\"401\" srcset=\"https:\/\/smago.de\/ws2\/wp-content\/uploads\/2024\/10\/880_428_MPK_Schweitzer_Leip1-2-800x401.jpg 800w, https:\/\/smago.de\/ws2\/wp-content\/uploads\/2024\/10\/880_428_MPK_Schweitzer_Leip1-2-522x262.jpg 522w, https:\/\/smago.de\/ws2\/wp-content\/uploads\/2024\/10\/880_428_MPK_Schweitzer_Leip1-2-292x146.jpg 292w, https:\/\/smago.de\/ws2\/wp-content\/uploads\/2024\/10\/880_428_MPK_Schweitzer_Leip1-2-768x385.jpg 768w, https:\/\/smago.de\/ws2\/wp-content\/uploads\/2024\/10\/880_428_MPK_Schweitzer_Leip1-2-392x196.jpg 392w, https:\/\/smago.de\/ws2\/wp-content\/uploads\/2024\/10\/880_428_MPK_Schweitzer_Leip1-2-130x65.jpg 130w, https:\/\/smago.de\/ws2\/wp-content\/uploads\/2024\/10\/880_428_MPK_Schweitzer_Leip1-2-870x436.jpg 870w, https:\/\/smago.de\/ws2\/wp-content\/uploads\/2024\/10\/880_428_MPK_Schweitzer_Leip1-2-435x218.jpg 435w, https:\/\/smago.de\/ws2\/wp-content\/uploads\/2024\/10\/880_428_MPK_Schweitzer_Leip1-2.jpg 880w\" sizes=\"(max-width: 800px) 100vw, 800px\" \/><figcaption id=\"caption-attachment-232899\" class=\"wp-caption-text\"><em>Foto-Copyright: Staatskanzlei Sachsen \/ Pawel Sosnowski<\/em><\/figcaption><\/figure>\n","protected":false},"excerpt":{"rendered":"<p>DTV \/ SONG e.V. positioniert sich zu Staatsvertragsentwurf!<\/p>\n","protected":false},"author":2,"featured_media":232899,"comment_status":"open","ping_status":"closed","sticky":false,"template":"","format":"standard","meta":{"_FSMCFIC_featured_image_caption":"","_FSMCFIC_featured_image_nocaption":"","_FSMCFIC_featured_image_hide":""},"categories":[33,128],"tags":[60],"acf":[],"_links":{"self":[{"href":"https:\/\/smago.de\/ws2\/wp-json\/wp\/v2\/posts\/232896"}],"collection":[{"href":"https:\/\/smago.de\/ws2\/wp-json\/wp\/v2\/posts"}],"about":[{"href":"https:\/\/smago.de\/ws2\/wp-json\/wp\/v2\/types\/post"}],"author":[{"embeddable":true,"href":"https:\/\/smago.de\/ws2\/wp-json\/wp\/v2\/users\/2"}],"replies":[{"embeddable":true,"href":"https:\/\/smago.de\/ws2\/wp-json\/wp\/v2\/comments?post=232896"}],"version-history":[{"count":3,"href":"https:\/\/smago.de\/ws2\/wp-json\/wp\/v2\/posts\/232896\/revisions"}],"predecessor-version":[{"id":232903,"href":"https:\/\/smago.de\/ws2\/wp-json\/wp\/v2\/posts\/232896\/revisions\/232903"}],"wp:featuredmedia":[{"embeddable":true,"href":"https:\/\/smago.de\/ws2\/wp-json\/wp\/v2\/media\/232899"}],"wp:attachment":[{"href":"https:\/\/smago.de\/ws2\/wp-json\/wp\/v2\/media?parent=232896"}],"wp:term":[{"taxonomy":"category","embeddable":true,"href":"https:\/\/smago.de\/ws2\/wp-json\/wp\/v2\/categories?post=232896"},{"taxonomy":"post_tag","embeddable":true,"href":"https:\/\/smago.de\/ws2\/wp-json\/wp\/v2\/tags?post=232896"}],"curies":[{"name":"wp","href":"https:\/\/api.w.org\/{rel}","templated":true}]}}