{"id":231728,"date":"2024-10-11T00:00:18","date_gmt":"2024-10-10T22:00:18","guid":{"rendered":"https:\/\/smago.de\/ws2\/?p=231728"},"modified":"2024-10-10T23:05:43","modified_gmt":"2024-10-10T21:05:43","slug":"roland-kaiser-u-a-heute-11-10-2024-ndr-fernsehen-ndr-talk-show-das-erste-mal","status":"publish","type":"post","link":"https:\/\/smago.de\/ws2\/schlager\/roland-kaiser-u-a-heute-11-10-2024-ndr-fernsehen-ndr-talk-show-das-erste-mal\/","title":{"rendered":"ROLAND KAISER u.a. <br>Heute (11.10.2024), NDR Fernsehen: &#8222;NDR Talk Show &#8211; Das erste Mal&#8220;!"},"content":{"rendered":"<p style=\"text-align: justify;\">&#8222;Prominente Talk-Premieren&#8220; \/\/ 22:00 Uhr &#8211; 22:30 Uhr!<br \/>\n<!--more--><\/p>\n<p>Erste Talk Show-Auftritte von Prominenten k\u00f6nnen wie ein Sprung ins kalte Wasser sein; man wei\u00df nie, was einen erwartet.<\/p>\n<p>\u00dcber diese Momente sprechen Comedian Bastian Pastewka, Schauspielerin Veronica Ferres, S\u00e4ngerin Nena, Schauspieler Matthias Schweigh\u00f6fer, Bergsteiger Reinhold Messner, Schwimmerin Franziska van Almsick, S\u00e4nger Roland Kaiser, S\u00e4ngerin Kim Petras und Comedian Kaya Yanar.<\/p>\n<p>&nbsp;<\/p>\n<p>&nbsp;<\/p>\n<figure id=\"attachment_231730\" aria-describedby=\"caption-attachment-231730\" style=\"width: 568px\" class=\"wp-caption alignnone\"><img decoding=\"async\" loading=\"lazy\" class=\"size-full wp-image-231730\" src=\"https:\/\/smago.de\/ws2\/wp-content\/uploads\/2024\/10\/premieren144_v-contentgross.jpg.jpg\" alt=\"\" width=\"568\" height=\"320\" srcset=\"https:\/\/smago.de\/ws2\/wp-content\/uploads\/2024\/10\/premieren144_v-contentgross.jpg.jpg 568w, https:\/\/smago.de\/ws2\/wp-content\/uploads\/2024\/10\/premieren144_v-contentgross.jpg-522x294.jpg 522w, https:\/\/smago.de\/ws2\/wp-content\/uploads\/2024\/10\/premieren144_v-contentgross.jpg-266x150.jpg 266w, https:\/\/smago.de\/ws2\/wp-content\/uploads\/2024\/10\/premieren144_v-contentgross.jpg-392x221.jpg 392w, https:\/\/smago.de\/ws2\/wp-content\/uploads\/2024\/10\/premieren144_v-contentgross.jpg-130x73.jpg 130w, https:\/\/smago.de\/ws2\/wp-content\/uploads\/2024\/10\/premieren144_v-contentgross.jpg-292x165.jpg 292w, https:\/\/smago.de\/ws2\/wp-content\/uploads\/2024\/10\/premieren144_v-contentgross.jpg-435x245.jpg 435w\" sizes=\"(max-width: 568px) 100vw, 568px\" \/><figcaption id=\"caption-attachment-231730\" class=\"wp-caption-text\"><em>Foto-Credit: NDR<\/em><\/figcaption><\/figure>\n","protected":false},"excerpt":{"rendered":"<p>&#8222;Prominente Talk-Premieren&#8220; \/\/ 22:00 Uhr &#8211; 22:30 Uhr!<\/p>\n","protected":false},"author":2,"featured_media":231729,"comment_status":"open","ping_status":"closed","sticky":false,"template":"","format":"standard","meta":{"_FSMCFIC_featured_image_caption":"","_FSMCFIC_featured_image_nocaption":"","_FSMCFIC_featured_image_hide":""},"categories":[29,128],"tags":[254],"acf":[],"_links":{"self":[{"href":"https:\/\/smago.de\/ws2\/wp-json\/wp\/v2\/posts\/231728"}],"collection":[{"href":"https:\/\/smago.de\/ws2\/wp-json\/wp\/v2\/posts"}],"about":[{"href":"https:\/\/smago.de\/ws2\/wp-json\/wp\/v2\/types\/post"}],"author":[{"embeddable":true,"href":"https:\/\/smago.de\/ws2\/wp-json\/wp\/v2\/users\/2"}],"replies":[{"embeddable":true,"href":"https:\/\/smago.de\/ws2\/wp-json\/wp\/v2\/comments?post=231728"}],"version-history":[{"count":1,"href":"https:\/\/smago.de\/ws2\/wp-json\/wp\/v2\/posts\/231728\/revisions"}],"predecessor-version":[{"id":231731,"href":"https:\/\/smago.de\/ws2\/wp-json\/wp\/v2\/posts\/231728\/revisions\/231731"}],"wp:featuredmedia":[{"embeddable":true,"href":"https:\/\/smago.de\/ws2\/wp-json\/wp\/v2\/media\/231729"}],"wp:attachment":[{"href":"https:\/\/smago.de\/ws2\/wp-json\/wp\/v2\/media?parent=231728"}],"wp:term":[{"taxonomy":"category","embeddable":true,"href":"https:\/\/smago.de\/ws2\/wp-json\/wp\/v2\/categories?post=231728"},{"taxonomy":"post_tag","embeddable":true,"href":"https:\/\/smago.de\/ws2\/wp-json\/wp\/v2\/tags?post=231728"}],"curies":[{"name":"wp","href":"https:\/\/api.w.org\/{rel}","templated":true}]}}