{"id":231660,"date":"2024-10-09T17:57:15","date_gmt":"2024-10-09T15:57:15","guid":{"rendered":"https:\/\/smago.de\/ws2\/?p=231660"},"modified":"2024-10-09T17:59:43","modified_gmt":"2024-10-09T15:59:43","slug":"smago-informiert-ard-beendet-sd-verbreitung-von-tv-programmen","status":"publish","type":"post","link":"https:\/\/smago.de\/ws2\/smago-informiert\/smago-informiert-ard-beendet-sd-verbreitung-von-tv-programmen\/","title":{"rendered":"smago! INFORMIERT <br>ARD beendet SD-Verbreitung von TV-Programmen!"},"content":{"rendered":"<p>Noch drei Monate bis Abschaltung!<br \/>\n<!--more--><\/p>\n<p>&nbsp;<\/p>\n<p style=\"text-align: justify;\">\n<p style=\"text-align: justify;\">Die ARD setzt f\u00fcr die \u00dcbertragung ihrer Programme auf High Definition (HD) und wird die Ausstrahlung ihrer Fernsehprogramme in Standard Definition (SD) zum 7. Januar 2025 einstellen. Auch das NDR Fernsehen l\u00e4sst sich dann nur noch in der h\u00f6heren HD-Bildqualit\u00e4t \u00fcber Satellit empfangen.<\/p>\n<p style=\"text-align: justify;\">Zuschauerinnen und Zuschauer, die Fernsehprogramme noch in SD nutzen, haben in den kommenden drei Monaten noch ausreichend Zeit, um auf HD zu wechseln. Grunds\u00e4tzlich gilt: Voraussetzung f\u00fcr den Empfang der HD-Programme ist ein HDTV-Ger\u00e4t mit integriertem DVB-S2-Receiver oder eine Set-Top-Box mit DVB-S2-Standard, zum Anschluss an einen vorhandenen Fernseher. Der Umstieg ist kosteng\u00fcnstig m\u00f6glich, HD-f\u00e4hige Receiver sind ab ca. 35 \u20ac erh\u00e4ltlich.<\/p>\n<p style=\"text-align: justify;\">\n<p style=\"text-align: justify;\">\n<p style=\"text-align: justify;\">\n<p style=\"text-align: justify;\"><strong>HD-Bildqualit\u00e4t setzt sich durch<\/strong><\/p>\n<p style=\"text-align: justify;\">\n<p style=\"text-align: justify;\">Bereits seit 14 Jahren stellt die ARD ihr Programmangebot in hochaufl\u00f6sender HD-Bildqualit\u00e4t zur Verf\u00fcgung \u2013 parallel wird auch in SD-Qualit\u00e4t verbreitet. Mit der Abschaltung zum 7. Januar 2025 endet die doppelte Programmverbreitung.<\/p>\n<p style=\"text-align: justify;\">W\u00e4hrend sich der HDTV-Empfang in Deutschland durchgesetzt hat und seit Jahren von nahezu allen TV-Haushalten genutzt wird, hat die ARD \u00fcber einen langen Zeitraum gleichwohl die Versorgung auch einer immer kleiner werdenden Zahl von Nutzern mit SDTV sichergestellt.<\/p>\n<p style=\"text-align: justify;\">Durch die Einstellung der SD-Ausstrahlung senkt die ARD die Kosten f\u00fcr die Programmverbreitung und kommt den Anforderungen an eine wirtschaftliche Verwendung der Rundfunkbeitr\u00e4ge nach.<\/p>\n<p style=\"text-align: justify;\">\n<p style=\"text-align: justify;\">\n<p style=\"text-align: justify;\">\n<p style=\"text-align: justify;\">\n<p style=\"text-align: justify;\"><strong>Anleitungen f\u00fcr den Wechsel und Laufb\u00e4nder<\/strong><\/p>\n<p style=\"text-align: justify;\">\n<p style=\"text-align: justify;\">Ab 14. Oktober werden Laufb\u00e4nder und Einblendungen in den SD-Programmen der ARD die Zuschauerinnen und Zuschauer \u00fcber die bevorstehende Beendigung der SD-\u00dcbertragung informieren. Im ARD-Text auf Seite 499 sowie unter <a href=\"http:\/\/ard-digital.de\/\">ard-digital.de<\/a> und <a href=\"http:\/\/hilfe.ard.de\/\">hilfe.ard.de<\/a> finden die Zuschauerinnen und Zuschauer dann weiterf\u00fchrende Informationen und Hilfe bei der Umstellung.<\/p>\n<p style=\"text-align: justify;\">\n<p style=\"text-align: justify;\">\n<p style=\"text-align: justify;\">Weitere Informationen sowie Erkl\u00e4rvideos und Anleitungen f\u00fcr den Wechsel auf HD finden die Zuschauerinnen und Zuschauer hier: <a href=\"http:\/\/www.ard-digital.de\/satellithdtv\">www.ard-digital.de\/satellithdtv<\/a>!<\/p>\n","protected":false},"excerpt":{"rendered":"<p>Noch drei Monate bis Abschaltung!<\/p>\n","protected":false},"author":2,"featured_media":197727,"comment_status":"open","ping_status":"closed","sticky":false,"template":"","format":"standard","meta":{"_FSMCFIC_featured_image_caption":"","_FSMCFIC_featured_image_nocaption":"","_FSMCFIC_featured_image_hide":""},"categories":[33,128],"tags":[798],"acf":[],"_links":{"self":[{"href":"https:\/\/smago.de\/ws2\/wp-json\/wp\/v2\/posts\/231660"}],"collection":[{"href":"https:\/\/smago.de\/ws2\/wp-json\/wp\/v2\/posts"}],"about":[{"href":"https:\/\/smago.de\/ws2\/wp-json\/wp\/v2\/types\/post"}],"author":[{"embeddable":true,"href":"https:\/\/smago.de\/ws2\/wp-json\/wp\/v2\/users\/2"}],"replies":[{"embeddable":true,"href":"https:\/\/smago.de\/ws2\/wp-json\/wp\/v2\/comments?post=231660"}],"version-history":[{"count":1,"href":"https:\/\/smago.de\/ws2\/wp-json\/wp\/v2\/posts\/231660\/revisions"}],"predecessor-version":[{"id":231661,"href":"https:\/\/smago.de\/ws2\/wp-json\/wp\/v2\/posts\/231660\/revisions\/231661"}],"wp:featuredmedia":[{"embeddable":true,"href":"https:\/\/smago.de\/ws2\/wp-json\/wp\/v2\/media\/197727"}],"wp:attachment":[{"href":"https:\/\/smago.de\/ws2\/wp-json\/wp\/v2\/media?parent=231660"}],"wp:term":[{"taxonomy":"category","embeddable":true,"href":"https:\/\/smago.de\/ws2\/wp-json\/wp\/v2\/categories?post=231660"},{"taxonomy":"post_tag","embeddable":true,"href":"https:\/\/smago.de\/ws2\/wp-json\/wp\/v2\/tags?post=231660"}],"curies":[{"name":"wp","href":"https:\/\/api.w.org\/{rel}","templated":true}]}}