{"id":231358,"date":"2024-10-04T00:00:57","date_gmt":"2024-10-03T22:00:57","guid":{"rendered":"https:\/\/smago.de\/ws2\/?p=231358"},"modified":"2024-10-03T12:30:31","modified_gmt":"2024-10-03T10:30:31","slug":"andrea-berg-u-a-heute-04-10-2024-in-der-ndr-talk-show-zu-gast","status":"publish","type":"post","link":"https:\/\/smago.de\/ws2\/schlager\/andrea-berg-u-a-heute-04-10-2024-in-der-ndr-talk-show-zu-gast\/","title":{"rendered":"ANDREA BERG u.a. <br>Heute (04.10.2024) in der &#8222;NDR Talk Show&#8220; zu Gast!"},"content":{"rendered":"<p>NDR Fernsehen + HR Fernsehen, 22:00 Uhr &#8211; 00:00 Uhr! Moderation: Bettina Tietjen &amp; Martin R\u00fctter!<br \/>\n<!--more--><\/p>\n<p style=\"text-align: justify;\">\n<p>Als f\u00fcnfter Moderationspartner bei &#8222;Bettina and Friends&#8220; tritt Martin R\u00fctter an die Seite von Bettina Tietjen.<\/p>\n<p style=\"text-align: justify;\">Vom erfolgreichsten Hundetrainer Deutschlands hat sich der geb\u00fcrtige Duisburger mit zahlreichen Fernsehsendungen bei VOX und RTL, seinem Podcast und seinem B\u00fchnenprogramm &#8222;Der will nur spielen!&#8220; zu einem gefragten Entertainer entwickelt. Der studierte Tierpsychologe gibt au\u00dferdem Seminare und engagiert sich als Tiersch\u00fctzer. Mit seiner Expertise f\u00fcr die Verst\u00e4ndigung zwischen Hund und Mensch wird er also von Mensch zu Mensch sicherlich nicht auf den Hund kommen.<\/p>\n<p>&nbsp;<\/p>\n<p style=\"text-align: justify;\">Bettina Tietjen und Martin R\u00fctter begr\u00fc\u00dfen in der NDR Talk Show aus Hamburg folgende G\u00e4ste &#8230;:<\/p>\n<p style=\"text-align: justify;\">\n<p style=\"text-align: justify;\">\n<p style=\"text-align: justify;\">\n<h2 style=\"text-align: justify;\">Andrea Berg, S\u00e4ngerin<\/h2>\n<div class=\"contentimage w50\" style=\"text-align: justify;\"><\/div>\n<p style=\"text-align: justify;\">Sie ist die unangefochtene K\u00f6nigin des deutschen Schlagers. Seit \u00fcber drei\u00dfig Jahren befindet sich die geborene Krefelderin auf ihrem einzigartigen Siegeszug durch die Musikbranche. Mit dreizehn Alben und mehr als 16 Millionen verkauften Tontr\u00e4gern ist die 58-J\u00e4hrige seit vergangenem Jahr die Musikerin mit den meisten Nummer-eins-Alben in Deutschland &#8211; und holt damit Madonna vom Thron.\u00a0 Am 27. September ver\u00f6ffentlicht die S\u00e4ngerin nach nunmehr f\u00fcnf Jahren ihr erstes Studioalbum mit neuem Material. Im Februar und M\u00e4rz 2025 geht sie dann auf gro\u00dfe Arena-Tour unter dem Titel &#8222;Party, Hits, Emotionen&#8220;. In der NDR Talk Show wird sie aus ihrem aktuellen Album den Song &#8222;Du bist der Kompass&#8220; live vorstellen und erz\u00e4hlen, wer ihr Kompass im Alltag ist. Andrea Berg lebt mit ihrem Ehemann Ulrich Ferber und ihrer Mutter Helga Zellen in Aspach bei Stuttgart. Zur Familie geh\u00f6ren au\u00dferdem ihre Tochter Lena-Maria und Ulrich Ferbers Sohn Andreas, der mit S\u00e4ngerin Vanessa Mai verheiratet ist.<\/p>\n<p>&nbsp;<\/p>\n<p>&nbsp;<\/p>\n<p>&nbsp;<\/p>\n<p>&nbsp;<\/p>\n<h2 style=\"text-align: justify;\">Judith Rakers, Moderatorin<\/h2>\n<div class=\"contentimage w50\" style=\"text-align: justify;\"><\/div>\n<p style=\"text-align: justify;\">Neunzehn Jahre lang ist Judith Rakers eines der beliebtesten Gesichter der &#8222;tagesschau&#8220;, bis sie sich aus dem hektischen Nachrichten-Gesch\u00e4ft zur\u00fcckzieht und sich ganz f\u00fcr das ruhige besinnliche Landleben entscheidet. Pferde, Katzen und H\u00fchner bestimmen nun den Takt ihres Lebens. Besonders mit Pferden kennt sich die Paderbornerin gut aus, denn fr\u00fch startet sie ihre Laufbahn als &#8222;Pferdem\u00e4dchen&#8220; und kauft sich mit zw\u00f6lf Jahren ihr erstes eigenes Pferd. Mittlerweile ist sie Herrin \u00fcber einen Haufen gackernder H\u00fchner und Profi in Sachen &#8222;Homefarming&#8220;. Die vielen Einblicke und Erfahrungen, die sie auf ihrer &#8222;kleinen Farm&#8220; gewonnen hat, sind bereits in vier B\u00fcchern und einen Podcast eingeflossen. Als Moderatorin der Bremer Talkshow <a title=\"Link: Link auf die Sendungsseite von 3nach9 bei Radio Bremen\" href=\"https:\/\/www.radiobremen.de\/programm\/3nach9\/\" target=\"_blank\" rel=\"noopener\">&#8222;3nach9&#8220;<\/a>, die sie seit 14 Jahren mit Giovanni di Lorenzo bestreitet, ist sie dem Fernsehen trotzdem treu geblieben. Auch mit ihrer Reisesendung <a title=\"Link: Link zur Sedungsseite beim WDR.\" href=\"https:\/\/www1.wdr.de\/fernsehen\/wunderschoen\/index.html\" target=\"_blank\" rel=\"noopener\">&#8222;Wundersch\u00f6n&#8220;<\/a> f\u00fchrt sie ihre Zuschauer und Zuschauerinnen immer wieder an verlockende Orte. Nun macht sie als Synchronsprecherin in dem Film &#8222;Der wilde Roboter&#8220; einen Ausflug in eine ganz andere Welt. Was sie in ihrem Leben gerne automatisieren w\u00fcrde und wo sie nach wie vor auf Handarbeit setzt, erz\u00e4hlt Judith Rakers in der NDR Talk Show.<\/p>\n<p>&nbsp;<\/p>\n<p>&nbsp;<\/p>\n<p>&nbsp;<\/p>\n<p>&nbsp;<\/p>\n<h2 style=\"text-align: justify;\">Paul Panzer, Komiker<\/h2>\n<div class=\"contentimage w50\" style=\"text-align: justify;\"><\/div>\n<p style=\"text-align: justify;\">Er ist der Mann mit dem bunten Bl\u00fcmchenhemd, dem charakteristischen S-Fehler beim Sprechen und der markanten Hornbrille: der Komiker Paul Panzer. Bekannt geworden ist er durch Telefonscherze im Radio. Inzwischen geh\u00f6rt der K\u00f6lner zu den erfolgreichsten deutschen Komikern und f\u00fcllt m\u00fchelos gro\u00dfe Arenen. In seinem letzten Programm &#8222;Midlife Crisis&#8230; willkommen auf der dunklen Seite&#8220; setzt sich der 52-J\u00e4hrige augenzwinkernd mit den eigenen Unzul\u00e4nglichkeiten auseinander. Jetzt &#8211; in seinem aktuellen Programm &#8222;APAULKALYPSE &#8211; Jede Reise geht einmal zu Ende&#8220; &#8211; geht es um das gro\u00dfe Ganze und in der NDR Talk Show beweist er, dass bei ihm selbst der Weltuntergang komische Seiten hat.<\/p>\n<p>&nbsp;<\/p>\n<p>&nbsp;<\/p>\n<p>&nbsp;<\/p>\n<p>&nbsp;<\/p>\n<h2 style=\"text-align: justify;\">&#8222;Ehrlich Brothers&#8220; Chris und Andreas Ehrlich, Magier<\/h2>\n<p>&nbsp;<\/p>\n<div class=\"contentimage w50\" style=\"text-align: justify;\"><\/div>\n<p style=\"text-align: justify;\">Seit zehn Jahren verbiegen sie Bahnschienen mit blo\u00dfen H\u00e4nden, lassen einen zehn Tonnen schweren Monstertruck erscheinen, fliegen und verwandeln sich dabei in Schmetterlinge &#8211; die &#8222;Ehrlich Brothers&#8220;. Mit ihren weltweit einzigartigen Illusionen sind die Magier Chris und Andreas Ehrlich national und international in den gr\u00f6\u00dften Arenen unterwegs. Jetzt bringen sie mit ihrer Show &#8222;Diamonds&#8220; erstmals ihre spektakul\u00e4rsten Illusionen aus zehn Jahren auf die B\u00fchne, darunter auch die Illusionen, die David Copperfield einst von den Zauberbr\u00fcdern erwerben wollte: Aus einem kleinen Kern w\u00e4chst in Sekunden ein echter Orangenbaum. Was sich die Br\u00fcder noch haben einfallen lassen und wie sie es auf der B\u00fchne sogar schneien lassen k\u00f6nnen, das verraten sie in der NDR Talk Show.<\/p>\n<p>&nbsp;<\/p>\n<p>&nbsp;<\/p>\n<p>&nbsp;<\/p>\n<p>&nbsp;<\/p>\n<h2 style=\"text-align: justify;\">Sina Wiedemeier, Sportlehrerin<\/h2>\n<div class=\"contentimage w50\" style=\"text-align: justify;\"><\/div>\n<p style=\"text-align: justify;\">Schon fr\u00fch stand Sina Wiedemeiers Berufswunsch fest: Sportlehrerin an einer Grundschule werden! Doch w\u00e4hrend einer Praxiseinheit im Studium geschieht ein Ungl\u00fcck: Die junge Frau st\u00fcrzt, ihr linkes Bein bleibt gel\u00e4hmt. Doch Sina verfolgt ihren Weg auch im Rollstuhl weiter. Dass sie heute an einer Grundschule in der N\u00e4he von Cuxhaven Sport unterrichten kann, empfindet sie als gro\u00dfes Gl\u00fcck. Auf ihrem Stundenplan stehen pro Woche 20 Stunden Sport und zwei Stunden Mathematik, immer unterst\u00fctzt von Assistenzh\u00fcndin Nala. Warum es ihr sogar leichter f\u00e4llt, Sport als Mathe zu unterrichten, das verr\u00e4t die 30-J\u00e4hrige in der NDR Talk Show.<\/p>\n<p>&nbsp;<\/p>\n<p>&nbsp;<\/p>\n<p>&nbsp;<\/p>\n<p>&nbsp;<\/p>\n<h2 style=\"text-align: justify;\">Heike Makatsch, Schauspielerin<\/h2>\n<div class=\"contentimage w50\" style=\"text-align: justify;\"><\/div>\n<p style=\"text-align: justify;\">Seit mehr als drei\u00dfig Jahren steht diese Frau vor der Kamera: Heike Makatsch ist eine der gefragtesten und erfolgreichsten Schauspielerinnen des Landes. Angefangen als Moderatorin in den 90-er Jahren beim Musiksender VIVA, schafft sie ihren Durchbruch als Darstellerin im Film &#8222;M\u00e4nnerpension&#8220;, wof\u00fcr sie direkt mit dem Bayerischen Filmpreis ausgezeichnet wird. Es folgen jede Menge gefeierter und preisgekr\u00f6nter Rollen, von der Hauptrolle als Hildegard Knef \u00fcber den internationalen Filmhit &#8222;Tats\u00e4chlich&#8230; Liebe&#8220; bis zur &#8222;Tatort&#8220;-Kommissarin und zum Musicalfilm &#8222;Ich war noch niemals in New York&#8220;. Jetzt ist sie in der Dark Comedy-Serie &#8222;Where&#8217;s Wanda?&#8220; zu sehen, in der sie verzweifelt die Suche nach ihrer verschwundenen Tochter in die eigene Hand nimmt und mehr \u00fcber ihre Nachbarn erf\u00e4hrt, als ihr lieb ist. \u00dcber diese Suche und welchen Rollenwunsch sie sich noch erf\u00fcllen will, erz\u00e4hlt Heike Makatsch in der NDR Talk Show.<\/p>\n<p>&nbsp;<\/p>\n<p>&nbsp;<\/p>\n<p>&nbsp;<\/p>\n<p>&nbsp;<\/p>\n<h2 style=\"text-align: justify;\">Felix Kroos, Fu\u00dfball-Experte<\/h2>\n<div class=\"contentimage w50\" style=\"text-align: justify;\"><\/div>\n<p style=\"text-align: justify;\">Auf dem Rasen kennt er sich aus: Vom heimischen Sportverein kickt sich der geb\u00fcrtige Greifswalder in die Profiliga, spielt unter anderem f\u00fcr Hansa Rostock, Werder Bremen und den 1. FC Union Berlin, wo er 2022 zudem seine Trainerqualit\u00e4ten beweist. Schon als Kind schl\u00e4gt sein Herz f\u00fcr Sport &#8211; Handball, Biathlon, Wrestling. Doch der Fu\u00dfball tut es ihm besonders an. Das gilt auch f\u00fcr Bruder Toni Kroos. Den sieht der 33-J\u00e4hrige viel zu selten, umso mehr haben sich die beiden zu erz\u00e4hlen. Und tun das in ihrem Podcast &#8222;Einfach mal Luppen&#8220;. Darin reden sie aber nicht nur \u00fcber Fu\u00dfball, sondern auch \u00fcber fast vergessene Kindheitserinnerungen, Familien-Eskapaden im Schrebergarten oder Omas leckerste Rezepte. Vom w\u00f6chentlichen Geschwister-Talk, dem Ende der Profifu\u00dfballkarriere seines Bruders und was er selbst abseits des Spielfelds am meisten genie\u00dft, erz\u00e4hlt der Zweifach-Papa in der NDR Talk Show.<\/p>\n<p>&nbsp;<\/p>\n<p>&nbsp;<\/p>\n<p>&nbsp;<\/p>\n<figure id=\"attachment_231359\" aria-describedby=\"caption-attachment-231359\" style=\"width: 800px\" class=\"wp-caption alignnone\"><img decoding=\"async\" loading=\"lazy\" class=\"size-large wp-image-231359\" src=\"https:\/\/smago.de\/ws2\/wp-content\/uploads\/2024\/10\/moderatoren2602_v-fullhd.jpg-800x450.jpg\" alt=\"\" width=\"800\" height=\"450\" srcset=\"https:\/\/smago.de\/ws2\/wp-content\/uploads\/2024\/10\/moderatoren2602_v-fullhd.jpg-800x450.jpg 800w, https:\/\/smago.de\/ws2\/wp-content\/uploads\/2024\/10\/moderatoren2602_v-fullhd.jpg-522x294.jpg 522w, https:\/\/smago.de\/ws2\/wp-content\/uploads\/2024\/10\/moderatoren2602_v-fullhd.jpg-267x150.jpg 267w, https:\/\/smago.de\/ws2\/wp-content\/uploads\/2024\/10\/moderatoren2602_v-fullhd.jpg-768x432.jpg 768w, https:\/\/smago.de\/ws2\/wp-content\/uploads\/2024\/10\/moderatoren2602_v-fullhd.jpg-1536x864.jpg 1536w, https:\/\/smago.de\/ws2\/wp-content\/uploads\/2024\/10\/moderatoren2602_v-fullhd.jpg-392x221.jpg 392w, https:\/\/smago.de\/ws2\/wp-content\/uploads\/2024\/10\/moderatoren2602_v-fullhd.jpg-130x73.jpg 130w, https:\/\/smago.de\/ws2\/wp-content\/uploads\/2024\/10\/moderatoren2602_v-fullhd.jpg-791x445.jpg 791w, https:\/\/smago.de\/ws2\/wp-content\/uploads\/2024\/10\/moderatoren2602_v-fullhd.jpg-870x489.jpg 870w, https:\/\/smago.de\/ws2\/wp-content\/uploads\/2024\/10\/moderatoren2602_v-fullhd.jpg-292x164.jpg 292w, https:\/\/smago.de\/ws2\/wp-content\/uploads\/2024\/10\/moderatoren2602_v-fullhd.jpg-435x245.jpg 435w, https:\/\/smago.de\/ws2\/wp-content\/uploads\/2024\/10\/moderatoren2602_v-fullhd.jpg-895x503.jpg 895w, https:\/\/smago.de\/ws2\/wp-content\/uploads\/2024\/10\/moderatoren2602_v-fullhd.jpg.jpg 1920w\" sizes=\"(max-width: 800px) 100vw, 800px\" \/><figcaption id=\"caption-attachment-231359\" class=\"wp-caption-text\"><\/em> <em>Foto-Credit: NDR \/ Thorsten Jander; Uwe Ernst<\/em><\/figcaption><\/figure>\n","protected":false},"excerpt":{"rendered":"<p>NDR Fernsehen + HR Fernsehen, 22:00 Uhr &#8211; 00:00 Uhr! Moderation: Bettina Tietjen &amp; Martin R\u00fctter!<\/p>\n","protected":false},"author":2,"featured_media":231359,"comment_status":"open","ping_status":"closed","sticky":false,"template":"","format":"standard","meta":{"_FSMCFIC_featured_image_caption":"","_FSMCFIC_featured_image_nocaption":"","_FSMCFIC_featured_image_hide":""},"categories":[29,128],"tags":[254],"acf":[],"_links":{"self":[{"href":"https:\/\/smago.de\/ws2\/wp-json\/wp\/v2\/posts\/231358"}],"collection":[{"href":"https:\/\/smago.de\/ws2\/wp-json\/wp\/v2\/posts"}],"about":[{"href":"https:\/\/smago.de\/ws2\/wp-json\/wp\/v2\/types\/post"}],"author":[{"embeddable":true,"href":"https:\/\/smago.de\/ws2\/wp-json\/wp\/v2\/users\/2"}],"replies":[{"embeddable":true,"href":"https:\/\/smago.de\/ws2\/wp-json\/wp\/v2\/comments?post=231358"}],"version-history":[{"count":1,"href":"https:\/\/smago.de\/ws2\/wp-json\/wp\/v2\/posts\/231358\/revisions"}],"predecessor-version":[{"id":231360,"href":"https:\/\/smago.de\/ws2\/wp-json\/wp\/v2\/posts\/231358\/revisions\/231360"}],"wp:featuredmedia":[{"embeddable":true,"href":"https:\/\/smago.de\/ws2\/wp-json\/wp\/v2\/media\/231359"}],"wp:attachment":[{"href":"https:\/\/smago.de\/ws2\/wp-json\/wp\/v2\/media?parent=231358"}],"wp:term":[{"taxonomy":"category","embeddable":true,"href":"https:\/\/smago.de\/ws2\/wp-json\/wp\/v2\/categories?post=231358"},{"taxonomy":"post_tag","embeddable":true,"href":"https:\/\/smago.de\/ws2\/wp-json\/wp\/v2\/tags?post=231358"}],"curies":[{"name":"wp","href":"https:\/\/api.w.org\/{rel}","templated":true}]}}