{"id":230999,"date":"2024-09-27T00:00:20","date_gmt":"2024-09-26T22:00:20","guid":{"rendered":"https:\/\/smago.de\/ws2\/?p=230999"},"modified":"2024-09-26T08:13:33","modified_gmt":"2024-09-26T06:13:33","slug":"jenny-juergens-u-a-heute-27-09-2024-in-der-ndr-talk-show-zu-gast","status":"publish","type":"post","link":"https:\/\/smago.de\/ws2\/schlager\/jenny-juergens-u-a-heute-27-09-2024-in-der-ndr-talk-show-zu-gast\/","title":{"rendered":"JENNY J\u00dcRGENS u.a. <br>Heute (27.09.2024) in der &#8222;NDR Talk Show&#8220; zu Gast!"},"content":{"rendered":"<p>NDR Fernsehen + HR Fernsehen, 22:00 Uhr &#8211; 00:00 Uhr! Moderation: Barbara Sch\u00f6neberger und Hubertus Meyer-Burckhardt!<br \/>\n<!--more--><\/p>\n<p>&nbsp;<\/p>\n<p>&nbsp;<\/p>\n<p style=\"text-align: justify;\">\n<p style=\"text-align: justify;\">Barbara Sch\u00f6neberger und Hubertus Meyer-Burckhardt begr\u00fc\u00dfen in der NDR Talk Show aus Hamburg folgende G\u00e4ste &#8230;:<br \/>\n<!--more--><\/p>\n<h2 style=\"text-align: justify;\">Tim Raue, Koch und Unternehmer<\/h2>\n<div class=\"contentimage w50\" style=\"text-align: justify;\"><\/div>\n<p style=\"text-align: justify;\">Er ist ein kulinarischer Weltenbummler und f\u00fchrt laut der Liste &#8222;The World&#8217;s 50 Best Restaurants 2024&#8220; Deutschlands bestes Restaurant: Tim Raue. Der 50-J\u00e4hrige w\u00e4chst im Berliner Wrangelkiez auf und zieht mit seiner Stra\u00dfengang durch die Gegend &#8211; immer auf der Suche nach der n\u00e4chsten Schl\u00e4gerei. Mit 17 Jahren dann die Kehrtwende: Tim Raue beginnt eine Kochausbildung, wird schnell zum K\u00fcchenchef in einem Sterne-Restaurant und erobert die Berliner Gastro-Szene. Der &#8222;Gault Millau&#8220; k\u00fcrt ihn 2007 zum &#8222;Koch des Jahres&#8220;, 2008 er\u00f6ffnet er sein erstes eigenes Restaurant. Seitdem geh\u00f6rt er zu den kreativsten und umtriebigsten K\u00f6chen des Landes. Jetzt entdeckt er f\u00fcr seine TV-Reihe &#8222;Tim Raue isst!&#8220; \u00fcberraschende kulinarische Highlights und macht damit deutlich: Offenbarungen kann man nicht nur in Sterne-Restaurants erleben, sondern auch in einer D\u00f6ner-Kebab-Bude in Berlin oder einer au\u00dfergew\u00f6hnlichen Burger-Braterei in Dresden.<\/p>\n<p>&nbsp;<\/p>\n<p>&nbsp;<\/p>\n<p>&nbsp;<\/p>\n<p>&nbsp;<\/p>\n<h2 style=\"text-align: justify;\">Olli Dittrich, Musiker und Humorist, und sein Sohn Jonathan Henrich, Musiker<\/h2>\n<div class=\"contentimage w50\" style=\"text-align: justify;\"><\/div>\n<p style=\"text-align: justify;\">Bei Musik und Bademantel denkt man zun\u00e4chst an Udo J\u00fcrgens. Doch auch f\u00fcr Humorist Olli Dittrich alias &#8222;Dittsche&#8220; spielen Musik und Bademantel eine zentrale Rolle im Leben. Schon fr\u00fch schreibt und komponiert Dittrich f\u00fcr Musiker wie James Last und &#8222;Die Prinzen&#8220;, er st\u00fcrmt mit Wigald Boning als Gesang-Duo die Charts und tritt 2006 erfolgreich mit seiner Band &#8222;Texas Lightning&#8220; beim Eurovision Song Contest an. Als Humorist in seiner Kultrolle &#8222;Dittsche&#8220; feiert er die gr\u00f6\u00dften Erfolge.<\/p>\n<p style=\"text-align: justify;\">Sein Sohn Jonathan Henrich hat offenbar das musikalische Talent geerbt und startet gerade eine Laufbahn als Profimusiker. Am Berklee College of Music in Boston hat er k\u00fcrzlich erfolgreich graduiert. Sein stolzer Vater sagt \u00fcber ihn, er sei ein &#8222;brillanter Pianist und ein wirklich begabter Singer-Songwriter&#8220;. Doch der 24-J\u00e4hrige braucht ihn nicht, um seinen Weg zu gehen. Mittlerweile hat er schon auf den \u00fcblichen Plattformen vier eigene Songs ver\u00f6ffentlicht. Ob er sich auch manchmal im Bademantel an den Fl\u00fcgel setzt und welche Rolle der Humor im Leben von Vater und Sohn gespielt hat, erz\u00e4hlen Olli Dittrich und Jonathan Henrich in der NDR Talk Show.<\/p>\n<p>&nbsp;<\/p>\n<p>&nbsp;<\/p>\n<p>&nbsp;<\/p>\n<p>&nbsp;<\/p>\n<h2 style=\"text-align: justify;\">Meltem Kaptan, Schauspielerin und Comedienne<\/h2>\n<div class=\"contentimage w50\" style=\"text-align: justify;\"><\/div>\n<p style=\"text-align: justify;\">Diese Frau ist ein Multi-Talent: Schauspielerin, Moderatorin, Komikerin. Schon mit f\u00fcnf Jahren wei\u00df die geb\u00fcrtige Ostwestf\u00e4lin, wohin sie will: auf die B\u00fchne. Meltem Kaptan studiert Anglistik, Medienwissenschaft, Grafik und Malerei, absolviert eine Schauspiel- und Gesangsausbildung in Istanbul und Washington. In den USA wird ihr Talent f\u00fcr die Komik entdeckt. In Deutschland tritt sie mit Stand-up-Comedy-Nummern in &#8222;Nightwash Live&#8220; oder dem &#8222;Quatsch Comedy Club&#8220; auf, wird Gastgeberin der Kabarettshow &#8222;Ladies Night&#8220; im Ersten. Als Schauspielerin wird die 44-J\u00e4hrige 2022 mit dem deutschen Filmpreis &#8222;Lola&#8220; als beste Hauptdarstellerin ausgezeichnet. Jetzt ist Meltem Kaptan im dritten Teil der Erfolgsreihe &#8222;Die Schule der magischen Tiere&#8220; als Miss Cornfield, Direktorin des Naturkundemuseums, im Kino zu sehen.<\/p>\n<p>&nbsp;<\/p>\n<p>&nbsp;<\/p>\n<p>&nbsp;<\/p>\n<p>&nbsp;<\/p>\n<h2 style=\"text-align: justify;\">Jenny J\u00fcrgens, Fotografin, und John J\u00fcrgens, DJ<\/h2>\n<div class=\"contentimage w50\" style=\"text-align: justify;\"><\/div>\n<p style=\"text-align: justify;\">Sie sind die Kinder eines Weltstars, Jenny und John J\u00fcrgens. Vor zehn Jahren verstarb Udo J\u00fcrgens pl\u00f6tzlich und unerwartet, doch er bleibt bis heute unvergessen. In seiner fast 60-j\u00e4hrigen Karriere schuf er Evergreens wie &#8222;Aber bitte mit Sahne&#8220;, &#8222;Griechischer Wein&#8220;, &#8222;Mit 66 Jahren&#8220; oder &#8222;Ich war noch niemals in New York&#8220;. Am 30. September 2024 w\u00e4re Udo J\u00fcrgens 90 Jahre alt geworden. Jenny J\u00fcrgens, die mittlerweile als Fotografin arbeitet, und ihr \u00e4lterer Bruder John, der als &#8222;DJ John Munich&#8220; Bekanntheit erlangt hat, erinnern sich in der NDR Talk Show an ihren Vater und erz\u00e4hlen, welche seiner Lieder ihnen besonders viel bedeuten.<\/p>\n<p>&nbsp;<\/p>\n<p>&nbsp;<\/p>\n<p>&nbsp;<\/p>\n<p>&nbsp;<\/p>\n<p>&nbsp;<\/p>\n<h2 style=\"text-align: justify;\">Charly H\u00fcbner, Schauspieler, Filmemacher, und Sven Regener, Musiker, Schriftsteller<\/h2>\n<div class=\"contentimage w50\" style=\"text-align: justify;\"><\/div>\n<p style=\"text-align: justify;\">Als Schauspieler Charly H\u00fcbner 2017 die Hauptrolle in der Verfilmung des Romans &#8222;Magical Mystery&#8220; von Sven Regener angeboten bekommt, freut er sich sehr, denn: &#8222;F\u00fcr mich waren diese Sven-Regener-Welten immer ein Kosmos, den ich aus der Ferne bewundert habe&#8220;, so H\u00fcbner. Danach laufen sich die beiden vielf\u00e4ltig aufgestellten K\u00fcnstler immer wieder \u00fcber den Weg und haben jetzt ein gemeinsames Projekt: Charly H\u00fcbner, der bereits zwei Musikdokumentationen gedreht hat, begleitet die Band von Sven Regener &#8222;Element of Crime&#8220; auf Tour.<\/p>\n<p style=\"text-align: justify;\">Daraus ist eine Hommage an die Band entstanden, die 1985 von dem geb\u00fcrtigen Bremer Regener gegr\u00fcndet wird und bis heute mit ihrem wohl einzigartigen Stil die Grenzen zwischen Songwriting und literarischem Text verschwimmen l\u00e4sst und mit ihrer Musik Trost und Einsicht schenken m\u00f6chte. Was sie auf der gemeinsamen Reise erlebt haben, das erz\u00e4hlen Charly H\u00fcbner und Sven Regener in der NDR Talk Show.<\/p>\n<p>&nbsp;<\/p>\n<p>&nbsp;<\/p>\n<p>&nbsp;<\/p>\n<p>&nbsp;<\/p>\n<h2 style=\"text-align: justify;\">Rea Garvey, Singer-Songwriter<\/h2>\n<div class=\"contentimage w50\" style=\"text-align: justify;\"><\/div>\n<p style=\"text-align: justify;\">Vor 26 Jahren ist dieser Mann von Irland nach Deutschland gezogen: S\u00e4nger, Gitarrist und Songwriter Rea Garvey. Und hier landet der Musiker mit seiner damaligen Band &#8222;Reamonn&#8220; den Superhit &#8222;Supergirl&#8220;. Seitdem legt er auch solo eine kometenhafte Laufbahn hin. Alle Alben platzieren sich in den Top 10 der deutschen Charts, er wird mehrfach f\u00fcr sein soziales und \u00f6kologisches Engagement ausgezeichnet und erlangt als Juror bei der Casting-Show &#8222;The Voice&#8220; Kult-Status. Mit neuer Musik startet der 51-J\u00e4hrige nach einer Kreativpause nun wieder durch. Am 13. September erscheint sein sechstes Studio-Album &#8222;Halo&#8220;, zu Deutsch &#8222;Heiligenschein&#8220;. Warum er diesen Titel gew\u00e4hlt hat und wer ihm Halt in allen Lebenslagen gibt, das verr\u00e4t uns Rea Garvey in der NDR Talk Show. Au\u00dferdem wird er den Titelsong seines Albums live bei uns vorstellen.<\/p>\n<p>&nbsp;<\/p>\n<p>&nbsp;<\/p>\n<p>&nbsp;<\/p>\n<p>&nbsp;<\/p>\n<h2 style=\"text-align: justify;\">Heike Heubach, SPD-Abgeordnete<\/h2>\n<div class=\"contentimage w50\" style=\"text-align: justify;\"><\/div>\n<p style=\"text-align: justify;\">Als Heike Heubach am 20. M\u00e4rz ihr Bundestagsmandat annimmt, ist das eine Premiere in 75 Jahren Bundestagsgeschichte: Die 44-J\u00e4hrige ist die erste geh\u00f6rlose Abgeordnete im Parlament. Dass ihre neuen Amtskolleg*innen sie mit dem &#8222;stillen Applaus&#8220; &#8211; den offenen, hin und her gedrehten H\u00e4nden \u00fcber dem Kopf &#8211; begr\u00fc\u00dfen, ist nur eine von vielen Neuerungen, die nun erfolgen. Bei der Arbeit wird sie von Geb\u00e4rdendolmetschern begleitet. Auf ihre Beeintr\u00e4chtigung will sich die zweifache Mutter keinesfalls reduzieren lassen: &#8222;Als erstes bin ich Mensch, als zweites Abgeordnete und als drittes Geh\u00f6rlose&#8220;. In der NDR Talk Show spricht sie \u00fcber ihr erstes halbes Jahr im Bundestag, in dem sie sich als Mitglied im Ausschuss f\u00fcr Wohnen, Stadtentwicklung, Bauwesen und Kommunen vor allem um bezahlbaren Wohnraum k\u00fcmmert.<\/p>\n<p>&nbsp;<\/p>\n<p>&nbsp;<\/p>\n<figure id=\"attachment_231000\" aria-describedby=\"caption-attachment-231000\" style=\"width: 800px\" class=\"wp-caption alignnone\"><img decoding=\"async\" loading=\"lazy\" class=\"size-large wp-image-231000\" src=\"https:\/\/smago.de\/ws2\/wp-content\/uploads\/2024\/09\/4_NDR_Talk_Show_2016-800x534.jpg\" alt=\"\" width=\"800\" height=\"534\" srcset=\"https:\/\/smago.de\/ws2\/wp-content\/uploads\/2024\/09\/4_NDR_Talk_Show_2016-800x534.jpg 800w, https:\/\/smago.de\/ws2\/wp-content\/uploads\/2024\/09\/4_NDR_Talk_Show_2016-522x348.jpg 522w, https:\/\/smago.de\/ws2\/wp-content\/uploads\/2024\/09\/4_NDR_Talk_Show_2016-225x150.jpg 225w, https:\/\/smago.de\/ws2\/wp-content\/uploads\/2024\/09\/4_NDR_Talk_Show_2016-768x512.jpg 768w, https:\/\/smago.de\/ws2\/wp-content\/uploads\/2024\/09\/4_NDR_Talk_Show_2016-1536x1024.jpg 1536w, https:\/\/smago.de\/ws2\/wp-content\/uploads\/2024\/09\/4_NDR_Talk_Show_2016-2048x1366.jpg 2048w, https:\/\/smago.de\/ws2\/wp-content\/uploads\/2024\/09\/4_NDR_Talk_Show_2016-392x261.jpg 392w, https:\/\/smago.de\/ws2\/wp-content\/uploads\/2024\/09\/4_NDR_Talk_Show_2016-130x87.jpg 130w, https:\/\/smago.de\/ws2\/wp-content\/uploads\/2024\/09\/4_NDR_Talk_Show_2016-667x445.jpg 667w, https:\/\/smago.de\/ws2\/wp-content\/uploads\/2024\/09\/4_NDR_Talk_Show_2016-783x522.jpg 783w, https:\/\/smago.de\/ws2\/wp-content\/uploads\/2024\/09\/4_NDR_Talk_Show_2016-285x190.jpg 285w, https:\/\/smago.de\/ws2\/wp-content\/uploads\/2024\/09\/4_NDR_Talk_Show_2016-435x290.jpg 435w, https:\/\/smago.de\/ws2\/wp-content\/uploads\/2024\/09\/4_NDR_Talk_Show_2016-150x100.jpg 150w, https:\/\/smago.de\/ws2\/wp-content\/uploads\/2024\/09\/4_NDR_Talk_Show_2016-370x247.jpg 370w\" sizes=\"(max-width: 800px) 100vw, 800px\" \/><figcaption id=\"caption-attachment-231000\" class=\"wp-caption-text\"><em>Barbara Sch\u00f6neberger und Hubertus Meyer-Burckhardt sind die Gastgeber der NDR Talk Show.<\/em><\/p>\n<p><em>\u00a9 NDR \/ Uwe Ernst<\/em><\/figcaption><\/figure>\n","protected":false},"excerpt":{"rendered":"<p>NDR Fernsehen + HR Fernsehen, 22:00 Uhr &#8211; 00:00 Uhr! Moderation: Barbara Sch\u00f6neberger und Hubertus Meyer-Burckhardt!<\/p>\n","protected":false},"author":2,"featured_media":231000,"comment_status":"open","ping_status":"closed","sticky":false,"template":"","format":"standard","meta":{"_FSMCFIC_featured_image_caption":"","_FSMCFIC_featured_image_nocaption":"","_FSMCFIC_featured_image_hide":""},"categories":[29,128],"tags":[254],"acf":[],"_links":{"self":[{"href":"https:\/\/smago.de\/ws2\/wp-json\/wp\/v2\/posts\/230999"}],"collection":[{"href":"https:\/\/smago.de\/ws2\/wp-json\/wp\/v2\/posts"}],"about":[{"href":"https:\/\/smago.de\/ws2\/wp-json\/wp\/v2\/types\/post"}],"author":[{"embeddable":true,"href":"https:\/\/smago.de\/ws2\/wp-json\/wp\/v2\/users\/2"}],"replies":[{"embeddable":true,"href":"https:\/\/smago.de\/ws2\/wp-json\/wp\/v2\/comments?post=230999"}],"version-history":[{"count":1,"href":"https:\/\/smago.de\/ws2\/wp-json\/wp\/v2\/posts\/230999\/revisions"}],"predecessor-version":[{"id":231001,"href":"https:\/\/smago.de\/ws2\/wp-json\/wp\/v2\/posts\/230999\/revisions\/231001"}],"wp:featuredmedia":[{"embeddable":true,"href":"https:\/\/smago.de\/ws2\/wp-json\/wp\/v2\/media\/231000"}],"wp:attachment":[{"href":"https:\/\/smago.de\/ws2\/wp-json\/wp\/v2\/media?parent=230999"}],"wp:term":[{"taxonomy":"category","embeddable":true,"href":"https:\/\/smago.de\/ws2\/wp-json\/wp\/v2\/categories?post=230999"},{"taxonomy":"post_tag","embeddable":true,"href":"https:\/\/smago.de\/ws2\/wp-json\/wp\/v2\/tags?post=230999"}],"curies":[{"name":"wp","href":"https:\/\/api.w.org\/{rel}","templated":true}]}}