{"id":230825,"date":"2024-09-24T00:00:22","date_gmt":"2024-09-23T22:00:22","guid":{"rendered":"https:\/\/smago.de\/ws2\/?p=230825"},"modified":"2024-09-24T15:04:24","modified_gmt":"2024-09-24T13:04:24","slug":"andy-borg-freiwillige-richtigstellung-ergaenzung-zur-schlager-spass-mit-andy-borg-folge-vom-21-09-2024","status":"publish","type":"post","link":"https:\/\/smago.de\/ws2\/schlager\/andy-borg-freiwillige-richtigstellung-ergaenzung-zur-schlager-spass-mit-andy-borg-folge-vom-21-09-2024\/","title":{"rendered":"ANDY BORG <br>(Freiwillige!) Richtigstellung \/ Erg\u00e4nzung zur &#8222;Schlager-Spa\u00df mit Andy Borg&#8220; Folge vom 21.09.2024!"},"content":{"rendered":"<p style=\"text-align: justify;\">Warum sich di<em>e smago! S<\/em>chlagzeile &#8222;Deutlicher Zuschauerschwund f\u00fcr &#8218;Schlager-Spa\u00df mit Andy Borg'&#8220; im Nachgang als ein bisschen ungl\u00fccklich gew\u00e4hlt erweist &#8230;:<br \/>\n<!--more--><\/p>\n<p>&nbsp;<\/p>\n<p>&nbsp;<\/p>\n<p>&nbsp;<\/p>\n<p style=\"text-align: justify;\">Am Sonntag (22.09.2024) hatte<em> smago!<\/em> getitelt: &#8222;Deutlicher Zuschauerschwund f\u00fcr &#8218;Schlager-Spa\u00df mit Andy Borg'&#8220;, jedoch bereits in der Unterzeile explizit darauf hingewiesen: &#8222;Allerdings wurde DIESE Ausgabe erst sehr kurzfristig gesetzt!&#8220;.<\/p>\n<p style=\"text-align: justify;\">Tats\u00e4chlich waren es im Sendegebiet des SWR Fernsehens diesmal nur 238.000 Zuschauer. Der Marktanteil lag bei 6,3 Prozent.<\/p>\n<p style=\"text-align: justify;\">Bedingt dadurch, dass die Gfk diesmal etwas in Zeitverzug war, standen bei Redaktionsschluss die Ergebnisse im Sendegebiet des MDR Fernsehens noch nicht zur Verf\u00fcgung. Und siehe da: Obwohl das ZDF parallel &#8222;Die Giovanni Zarrella Show&#8220; ausstrahlte, lief es im Sendegebiet des MDR Fernsehens mit 269.000 Zuschauern und 9,8 Prozent Marktanteil bei der Zuschauerzahl noch besser als bei der &#8222;Schlager-Spa\u00df mit Andy Borg&#8220; Folge vom 17.08.2024, als 255.000 Zuschauer ermittelt wurden, der Marktanteil allerdings 11,2 Prozent betrug.<\/p>\n<p style=\"text-align: justify;\">Bundesweit kam die &#8222;Schlager-Spa\u00df mit Andy Borg&#8220; Ausgabe, die extrem kurzfristig am 21.09.2024 ins Programm aufgenommen wurde, dann doch auf rund 1,4 Millionen Zuschauer. (Zum Vergleich: &#8222;Die Giovanni Zarrella Show&#8220; im ZDF hatte nur 2,73 Millionen Zuschauer, also noch nicht einmal doppelt so viele Zuschauer, wie der &#8222;Schlager-Spa\u00df mit Andy Borg&#8220; &#8218;in den Dritten&#8216;).<\/p>\n<p style=\"text-align: justify;\">Es bleibt nochmals klar festzuhalten, dass DIESE &#8222;Schlager-Spa\u00df mit Andy Borg&#8220; Ausgabe \u2013 logischerweise, wie Michael J\u00fcrgens sagen w\u00fcrde \u2013 in keiner Programmzeitschrift zu finden war. Auch etliche Tageszeitungen hatten die kurzfristige Programm\u00e4nderung nicht auf dem Schirm. Erstmalig musste der &#8222;Schlager-Spa\u00df mit Andy Borg&#8220; zudem gegen eine ernstzunehmende, konkurrierende Musik-Show mit teilweise &#8222;gleichen&#8220; K\u00fcnstlern (wie Semino Rossi) antreten. Unterm Strich hat der &#8222;Schlager-Spa\u00df mit Andy Borg&#8220; nur minimal Federn gelassen. Giovanni Zarrella allerdings schon &#8230;<\/p>\n<p style=\"text-align: justify;\">Der vielleicht auf den ersten Blick etwas &#8222;altmodisch&#8220; erscheinen m\u00f6gende Raddampfer (&#8222;Schlager-Spa\u00df mit Andy Borg&#8220;) ist also NICHT vom Luxus-Kreuzfahrtschiff (&#8222;Die Giovanni Zarrella Show&#8220;) versenkt worden.<\/p>\n<p style=\"text-align: justify;\">Mit bundesweit wohl 0,976 Millionen Zuschauern w\u00e4re diese &#8222;Schlager-Spa\u00df mit Andy Borg&#8220; Ausgabe eigentlich auch in der Top 25 Liste der meist gesehenen Sendungen des Tages am 21.09.2024 aufgetaucht. Das gro\u00dfe &#8222;Problem:&#8220; Wenn SWR Fernsehen und MDR Fernsehen gemeinsam ausstrahlen, teilen sich die Interessenten auf. So hatte bereits die letzte \u2013 ordnungsgem\u00e4\u00df &#8222;avisierte&#8220; A&#8220;Schlager-Spa\u00df mit Andy Borg&#8220; Ausgabe &#8222;nur&#8220; 243.000 Zuschauer im Sendegebiet des SWR Fernsehens, im Sendegebiet des MDR Fernsehens jedoch (erstmals!) mehr. Interessant ist ja immer die bundesweite Quote, die sich dann doch auf 1,41 Millionen addierte. Bereits Altbundeskanzler Helmut Kohl pr\u00e4gte den Ausspruch: &#8222;Wichtig ist, was hinten rauskommt &#8230;&#8220;.<\/p>\n<p style=\"text-align: justify;\">Hinzu kommt, dass von der sogenannten &#8222;SWR-Pressestelle&#8220; grunds\u00e4tzlich rein gar nichts (mehr) zu erwarten ist &#8230;<\/p>\n<p style=\"text-align: justify;\">Unter Ber\u00fccksichtigung dieser neuen Erkenntnisse nehmen wir die Titelzeile &#8222;Deutlicher Zuschauerschwund f\u00fcr &#8218;Schlager-Spa\u00df mit Andy Borg'&#8220; nur zu gerne \u2013 freiwillig \u2013 zur\u00fcck und gratulieren sehr herzlich zu erneut rund 1,4 Millionen Zuschauern bundesweit.<\/p>\n","protected":false},"excerpt":{"rendered":"<p>Warum sich die smago! Schlagzeile &#8222;Deutlicher Zuschauerschwund f\u00fcr &#8218;Schlager-Spa\u00df mit Andy Borg&#8217;&#8220; im Nachgang als ein bisschen ungl\u00fccklich gew\u00e4hlt erweist<\/p>\n","protected":false},"author":2,"featured_media":230826,"comment_status":"open","ping_status":"closed","sticky":false,"template":"","format":"standard","meta":{"_FSMCFIC_featured_image_caption":"","_FSMCFIC_featured_image_nocaption":"","_FSMCFIC_featured_image_hide":""},"categories":[29,39,128],"tags":[182],"acf":[],"_links":{"self":[{"href":"https:\/\/smago.de\/ws2\/wp-json\/wp\/v2\/posts\/230825"}],"collection":[{"href":"https:\/\/smago.de\/ws2\/wp-json\/wp\/v2\/posts"}],"about":[{"href":"https:\/\/smago.de\/ws2\/wp-json\/wp\/v2\/types\/post"}],"author":[{"embeddable":true,"href":"https:\/\/smago.de\/ws2\/wp-json\/wp\/v2\/users\/2"}],"replies":[{"embeddable":true,"href":"https:\/\/smago.de\/ws2\/wp-json\/wp\/v2\/comments?post=230825"}],"version-history":[{"count":3,"href":"https:\/\/smago.de\/ws2\/wp-json\/wp\/v2\/posts\/230825\/revisions"}],"predecessor-version":[{"id":230870,"href":"https:\/\/smago.de\/ws2\/wp-json\/wp\/v2\/posts\/230825\/revisions\/230870"}],"wp:featuredmedia":[{"embeddable":true,"href":"https:\/\/smago.de\/ws2\/wp-json\/wp\/v2\/media\/230826"}],"wp:attachment":[{"href":"https:\/\/smago.de\/ws2\/wp-json\/wp\/v2\/media?parent=230825"}],"wp:term":[{"taxonomy":"category","embeddable":true,"href":"https:\/\/smago.de\/ws2\/wp-json\/wp\/v2\/categories?post=230825"},{"taxonomy":"post_tag","embeddable":true,"href":"https:\/\/smago.de\/ws2\/wp-json\/wp\/v2\/tags?post=230825"}],"curies":[{"name":"wp","href":"https:\/\/api.w.org\/{rel}","templated":true}]}}