{"id":230811,"date":"2024-09-24T00:00:21","date_gmt":"2024-09-23T22:00:21","guid":{"rendered":"https:\/\/smago.de\/ws2\/?p=230811"},"modified":"2024-09-23T23:14:28","modified_gmt":"2024-09-23T21:14:28","slug":"tim-peters-mit-krass-verliebt-schiebt-er-seine-naechste-single-nach","status":"publish","type":"post","link":"https:\/\/smago.de\/ws2\/pop-schlager\/tim-peters-mit-krass-verliebt-schiebt-er-seine-naechste-single-nach\/","title":{"rendered":"TIM PETERS <br>Mit &#8222;Krass verliebt&#8220; schiebt er seine n\u00e4chste Single nach!"},"content":{"rendered":"<p>Das Album &#8222;KRASS!&#8220; soll jetzt wirklich am 15.11.2024 erscheinen!<br \/>\n<!--more--><\/p>\n<p>&nbsp;<\/p>\n<p style=\"text-align: justify;\">Ist TIM PETERS \u201eKrass verliebt\u201c?<\/p>\n<p>Er l\u00e4sst seine Fans und Follower vor allem in den Sozialen Medien, gerne an seinem Leben teilhaben. Regelm\u00e4\u00dfig sorgt der S\u00e4nger und Produzent mit pikanten Kurz-Videos zu seinen Popschlager Hits, f\u00fcr Aufsehen. Doch sein Privatleben h\u00e4lt Tim bisher aus der \u00d6ffentlichkeit heraus. Bis jetzt! Denn seine aktuelle Single \u201eKrass verliebt\u201c l\u00e4sst zumindest musikalisch tief in die Seele des Schlager-Multitalentes blicken.<\/p>\n<p style=\"text-align: justify;\">Der Song erz\u00e4hlt von den Herausforderungen, in einer Beziehung, auch dann festzuhalten, wenn die Liebe auf die Probe gestellt wird. Mit ehrlichen Worten und packenden Beats spricht Peters denjenigen Mut zu, die nicht aufgeben wollen und erz\u00e4hlt dabei eine sehr pers\u00f6nliche Geschichte.<\/p>\n<p>Mit \u00fcber 20 Millionen Streams auf Spotify und Amazon, begeistert Tim Peters Schlagerfans in Deutschland, \u00d6sterreich und der Schweiz und setzt mit seinem Sound immer wieder Trends in der Popschlager-Szene.<\/p>\n<p>Am 15.11.2024 erscheint sein langersehntes Album &#8222;KRASS!&#8220; mit dem Tim in den St\u00e4dten Hamburg, M\u00fcnchen, Berlin und Bochum auf Club-Tour gehen wird.<\/p>\n<p style=\"text-align: justify;\">Fakt ist: Tim Peters ist KRASS! Verliebt!<\/p>\n","protected":false},"excerpt":{"rendered":"<p>Das Album &#8222;KRASS!&#8220; soll jetzt wirklich am 15.11.2024 erscheinen!<\/p>\n","protected":false},"author":2,"featured_media":225731,"comment_status":"open","ping_status":"closed","sticky":false,"template":"","format":"standard","meta":{"_FSMCFIC_featured_image_caption":"","_FSMCFIC_featured_image_nocaption":"","_FSMCFIC_featured_image_hide":""},"categories":[28],"tags":[991],"acf":[],"_links":{"self":[{"href":"https:\/\/smago.de\/ws2\/wp-json\/wp\/v2\/posts\/230811"}],"collection":[{"href":"https:\/\/smago.de\/ws2\/wp-json\/wp\/v2\/posts"}],"about":[{"href":"https:\/\/smago.de\/ws2\/wp-json\/wp\/v2\/types\/post"}],"author":[{"embeddable":true,"href":"https:\/\/smago.de\/ws2\/wp-json\/wp\/v2\/users\/2"}],"replies":[{"embeddable":true,"href":"https:\/\/smago.de\/ws2\/wp-json\/wp\/v2\/comments?post=230811"}],"version-history":[{"count":1,"href":"https:\/\/smago.de\/ws2\/wp-json\/wp\/v2\/posts\/230811\/revisions"}],"predecessor-version":[{"id":230812,"href":"https:\/\/smago.de\/ws2\/wp-json\/wp\/v2\/posts\/230811\/revisions\/230812"}],"wp:featuredmedia":[{"embeddable":true,"href":"https:\/\/smago.de\/ws2\/wp-json\/wp\/v2\/media\/225731"}],"wp:attachment":[{"href":"https:\/\/smago.de\/ws2\/wp-json\/wp\/v2\/media?parent=230811"}],"wp:term":[{"taxonomy":"category","embeddable":true,"href":"https:\/\/smago.de\/ws2\/wp-json\/wp\/v2\/categories?post=230811"},{"taxonomy":"post_tag","embeddable":true,"href":"https:\/\/smago.de\/ws2\/wp-json\/wp\/v2\/tags?post=230811"}],"curies":[{"name":"wp","href":"https:\/\/api.w.org\/{rel}","templated":true}]}}