{"id":230579,"date":"2024-09-20T00:00:28","date_gmt":"2024-09-19T22:00:28","guid":{"rendered":"https:\/\/smago.de\/ws2\/?p=230579"},"modified":"2024-09-19T17:28:32","modified_gmt":"2024-09-19T15:28:32","slug":"hape-kerkeling-u-a-heute-20-09-2024-in-der-talk-show-3nach9-zu-gast","status":"publish","type":"post","link":"https:\/\/smago.de\/ws2\/nonsens\/hape-kerkeling-u-a-heute-20-09-2024-in-der-talk-show-3nach9-zu-gast\/","title":{"rendered":"HAPE KERKELING u.a. <br>Heute (20.09.2024) in der Talk-Show &#8222;3nach9&#8220; zu Gast!"},"content":{"rendered":"<p>NDR Fernsehen + HR Fernsehen, 22:00 Uhr &#8211; 00:00 Uhr! Moderation: Judith Rakers und Giovanni di Lorenzo!<br \/>\n<!--more--><\/p>\n<p>&nbsp;<\/p>\n<p>&nbsp;<\/p>\n<p>&nbsp;<\/p>\n<p>&nbsp;<\/p>\n<p style=\"text-align: justify;\"><strong>Hape Kerkeling<\/strong><\/p>\n<p>&nbsp;<\/p>\n<p style=\"text-align: justify;\">Im Jahr 1984, also vor 40 Jahren, betritt ein Sch\u00fcler die B\u00fchne der Radio Bremen-Jugendsendung &#8222;KLONS&#8220; und imitiert diverse G\u00e4ste einer fiktiven Talkshow. Nur folgerichtig, dass dieser Sch\u00fcler anl\u00e4sslich seines baldigen 60. Geburtstags zur\u00fcck zu seiner alten Wirkungsst\u00e4tte kommt: in die Radio Bremen- Talkshow &#8222;3nach9&#8220;. Die Rede ist von Hans-Peter Wilhelm Kerkeling. Dieser Hape Kerkeling legte in den vergangenen Jahrzehnten eine nicht vergleichbare Karriere hin: Mit Sendungen wie &#8222;K\u00e4nguru&#8220;, &#8222;Total Normal&#8220;, &#8222;Hape trifft&#8220; und &#8222;Let\u00b4s Dance&#8220;, den Figuren Hannilein, K\u00f6nigin Beatrix, Uschi Blum oder Horst Schl\u00e4mmer geht er ins kollektive Ged\u00e4chtnis der TV-Nation ein. Der Entertainer, Schauspieler, Moderator und Kabarettist wird vielfach mit Preisen ausgezeichnet. Als Autor ist er Inspiration f\u00fcr viele Pilgernde und erreicht mit seinen B\u00fcchern und den Verfilmungen dazu Millionen Menschen. Jetzt legt der geb\u00fcrtige Recklinghausener nach und berichtet \u00fcber die bewegte Geschichte seiner Familie und Vorfahren. Er bittet daf\u00fcr um etwas Zeit. Und &#8222;3nach9&#8220; gibt ihm diese ausgesprochen gern.<\/p>\n<p>&nbsp;<\/p>\n<p>&nbsp;<\/p>\n<p>&nbsp;<\/p>\n<p>&nbsp;<\/p>\n<p style=\"text-align: justify;\"><strong>Katarina Witt und Lavinia Nowak<\/strong><\/p>\n<p>&nbsp;<\/p>\n<p style=\"text-align: justify;\">Im Sommer hat die Weltklasseathletin Katarina Witt in Paris olympische Luft geschnuppert. Die ehemalige Eiskunstl\u00e4uferin, Doppelolympiasiegerin 1984 und 1988 und vierfache Weltmeisterin 1984, 1985, 1987, 1988, ist auf der ganzen Welt bekannt. Der internationale Durchbruch gelingt der Eiskunstl\u00e4uferin 1984 mit der Goldmedaille bei den Olympischen Winterspielen in Sarajevo. Vier Jahre sp\u00e4ter wiederholt sie diesen Erfolg in Calgary (Kanada). Mitte der 1990er-Jahre wagt sie ihr Comeback mit dem Ziel, erstmals f\u00fcr das vereinigte Deutschland bei den Olympischen Spielen in Lillehammer anzutreten. \u00dcber diese Zeit, die sie mit ihrer Trainerin Jutta M\u00fcller noch enger zusammenwachsen lie\u00df, wurde nun ein Spielfilm gedreht. Die Schauspielerin Lavinia Nowak verk\u00f6rpert Katarina Witt auf beeindruckende Art und Weise. Wie es war, pl\u00f6tzlich seinem optischen Klon gegen\u00fcberzustehen und was beide neben ihrer Art zu lachen noch verbindet, berichten Katarina Witt und Lavinia Nowak gemeinsam bei &#8222;3nach9&#8220;.<\/p>\n<p>&nbsp;<\/p>\n<p>&nbsp;<\/p>\n<p>&nbsp;<\/p>\n<p>&nbsp;<\/p>\n<p style=\"text-align: justify;\"><strong>Jan Weiler<\/strong><\/p>\n<p>&nbsp;<\/p>\n<p style=\"text-align: justify;\">Seine Werke: alle Bestseller: \u00fcber das Leben in einer italienischen Gro\u00dffamilie, das Leben mit fr\u00fch- und sp\u00e4tpubertierenden Kindern oder das Leben eines Polizisten. Es gibt wohl kaum jemanden, der nicht ein Buch von Jan Weiler gelesen hat. Der Journalist und Schriftsteller verk\u00fcndete k\u00fcrzlich, er wolle schreiben, bis er &#8222;tot umfalle&#8220;. Schreiben, das macht er auf \u00e4u\u00dferst geistreiche, tiefsinnige und humorvolle Weise. Jetzt hat sich der Kolumnist einem neuen Thema gewidmet: Er sinniert \u00fcber die Liebe. Welche Rolle seine Deutschlehrerin in seinem Werdegang einnimmt, seit wann seine &#8222;Gefallsucht dramatisch abgenommen&#8220; hat und warum eine lebensbedrohliche Erkrankung etwas damit zu tun hat, berichtet Jan Weiler bei &#8222;3nach9&#8220;.<\/p>\n<p>&nbsp;<\/p>\n<p>&nbsp;<\/p>\n<p>&nbsp;<\/p>\n<p>&nbsp;<\/p>\n<p style=\"text-align: justify;\"><strong>Magdalena Hoffmann<\/strong><\/p>\n<p>&nbsp;<\/p>\n<p style=\"text-align: justify;\">Wenn sie zur Arbeit geht, ist erst einmal Muskelkraft vonn\u00f6ten. Denn das Arbeitsger\u00e4t von Magdalena Hoffmann ist die Harfe, fast 1,80 Meter hoch und wiegt um die 40 Kilogramm. Die Musikerin ist eine der einflussreichsten Harfenistinnen dieser Zeit. Bereits im Alter von vier Jahren ist der geb\u00fcrtigen Schweizerin klar, dass die Harfe das f\u00fcr sie passende Instrument ist. Heute ist sie Solo-Harfenistin im Symphonieorchester des Bayerischen Rundfunks, eine Stelle, die viele Jahre unbesetzt war, da niemand den Anspr\u00fcchen gen\u00fcgte. Bei &#8222;3nach9&#8220; berichtet der junge Klassikstar \u00fcber die Kraft, die sie ben\u00f6tigt, um die 47 Saiten ihres Instruments in Bewegung zu bringen, wie ihre Harfe besonders auf norddeutsche Luft reagiert und wie sie die Wartezeiten w\u00e4hrend eines Musikst\u00fccks im Orchester \u00fcberbr\u00fcckt.<\/p>\n<p>&nbsp;<\/p>\n<p>&nbsp;<\/p>\n<p>&nbsp;<\/p>\n<p>&nbsp;<\/p>\n<p style=\"text-align: justify;\"><strong>Hamid Mossadegh<\/strong><\/p>\n<p>&nbsp;<\/p>\n<p style=\"text-align: justify;\">Bei der Abk\u00fcrzung PS d\u00fcrfte er gl\u00e4nzende Augen bekommen. Denn PS steht f\u00fcr Pferdest\u00e4rke und gibt die Leistung eines Motors an. Die Autos, mit denen Hamid Mossadegh handelt, haben meist eine ziemlich hohe PS-Zahl, denn er ist Deutschlands wohl bekanntester H\u00e4ndler f\u00fcr Luxusautos. Und nicht nur das: Der sympathische Moderator des Autoformats &#8222;Grip&#8220; kann eine sehr bewegende Lebensgeschichte aufweisen. Geboren in Teheran (Iran), ver\u00e4ndert die Revolution und der anschlie\u00dfende Krieg gegen den Irak sein Leben f\u00fcr immer. Seine Familie flieht nach Deutschland. Ohne ein Wort Deutsch zu sprechen, besucht er die Grundschule und hat es zun\u00e4chst schwer, seinen Platz in der Gesellschaft zu finden. Bis er sein Verkaufstalent entdeckt, welches ihn schlie\u00dflich rettet.<\/p>\n<p>&nbsp;<\/p>\n<p>&nbsp;<\/p>\n<p>&nbsp;<\/p>\n<p>&nbsp;<\/p>\n<p style=\"text-align: justify;\"><strong>Moritz Schmid<\/strong><\/p>\n<p>&nbsp;<\/p>\n<p style=\"text-align: justify;\">Ein Sprichwort sagt: &#8222;Wenn dir das Leben einen Korb gibt, geh Pilze sammeln!&#8220; Ob Moritz Schmid irgendwann in seinem Leben einen Korb bekommen hat, ist nicht bekannt. Sicher ist aber, dass die Pilzleidenschaft ihn bereits in seinen fr\u00fchen Lebensjahren infizierte, w\u00e4hrend er auf dem Land bei Bremen aufwuchs. \u00dcber die Jahre nahm seine Begeisterung f\u00fcr die Natur immer weiter zu und wurde so gro\u00df, dass der fr\u00fchere Werbefotograf, der unter anderem mit Topmodels wie Claudia Schiffer zusammengearbeitet hat, seinen alten Beruf an den Nagel h\u00e4ngte, um sich voll und ganz der Welt der Pilze zu widmen. Mittlerweile ist Moritz Schmid zertifizierter Pilzcoach der Deutschen Gesellschaft f\u00fcr Mykologie und gibt heute Kurse zum Thema Pilze und Waldbaden in Berlin und in ganz Deutschland. Was das Tolle an Pilzen ist, erz\u00e4hlt der geb\u00fcrtige Hamburger bei &#8222;3nach9&#8220;.<\/p>\n","protected":false},"excerpt":{"rendered":"<p>NDR Fernsehen + HR Fernsehen, 22:00 Uhr &#8211; 00:00 Uhr! Moderation: Judith Rakers und Giovanni di Lorenzo!<\/p>\n","protected":false},"author":2,"featured_media":230580,"comment_status":"open","ping_status":"closed","sticky":false,"template":"","format":"standard","meta":{"_FSMCFIC_featured_image_caption":"","_FSMCFIC_featured_image_nocaption":"","_FSMCFIC_featured_image_hide":""},"categories":[23,128],"tags":[215],"acf":[],"_links":{"self":[{"href":"https:\/\/smago.de\/ws2\/wp-json\/wp\/v2\/posts\/230579"}],"collection":[{"href":"https:\/\/smago.de\/ws2\/wp-json\/wp\/v2\/posts"}],"about":[{"href":"https:\/\/smago.de\/ws2\/wp-json\/wp\/v2\/types\/post"}],"author":[{"embeddable":true,"href":"https:\/\/smago.de\/ws2\/wp-json\/wp\/v2\/users\/2"}],"replies":[{"embeddable":true,"href":"https:\/\/smago.de\/ws2\/wp-json\/wp\/v2\/comments?post=230579"}],"version-history":[{"count":2,"href":"https:\/\/smago.de\/ws2\/wp-json\/wp\/v2\/posts\/230579\/revisions"}],"predecessor-version":[{"id":230582,"href":"https:\/\/smago.de\/ws2\/wp-json\/wp\/v2\/posts\/230579\/revisions\/230582"}],"wp:featuredmedia":[{"embeddable":true,"href":"https:\/\/smago.de\/ws2\/wp-json\/wp\/v2\/media\/230580"}],"wp:attachment":[{"href":"https:\/\/smago.de\/ws2\/wp-json\/wp\/v2\/media?parent=230579"}],"wp:term":[{"taxonomy":"category","embeddable":true,"href":"https:\/\/smago.de\/ws2\/wp-json\/wp\/v2\/categories?post=230579"},{"taxonomy":"post_tag","embeddable":true,"href":"https:\/\/smago.de\/ws2\/wp-json\/wp\/v2\/tags?post=230579"}],"curies":[{"name":"wp","href":"https:\/\/api.w.org\/{rel}","templated":true}]}}