{"id":230369,"date":"2024-09-16T10:10:16","date_gmt":"2024-09-16T08:10:16","guid":{"rendered":"https:\/\/smago.de\/ws2\/?p=230369"},"modified":"2024-09-16T10:10:57","modified_gmt":"2024-09-16T08:10:57","slug":"thomas-anders-u-a-swr4-festival-macht-woerth-am-rhein-zur-festival-hochburg","status":"publish","type":"post","link":"https:\/\/smago.de\/ws2\/schlager\/thomas-anders-u-a-swr4-festival-macht-woerth-am-rhein-zur-festival-hochburg\/","title":{"rendered":"THOMAS ANDERS u.a. <br>SWR4 Festival macht W\u00f6rth am Rhein zur Festival-Hochburg!"},"content":{"rendered":"<p style=\"text-align: justify;\">Konzerte, Talks und Partys mit Chris de Burgh und Thomas Anders vom 27.09. &#8211; 29.09.2024 +++ SWR4 Festivalradio t\u00e4glich bis 23:00 Uhr und im Livestream +++<br \/>\n<!--more--><\/p>\n<p>&nbsp;<\/p>\n<p>&nbsp;<\/p>\n<p>&nbsp;<\/p>\n<p style=\"font-weight: 400; text-align: justify;\">SWR4 kommt am letzten Wochenende im September nach W\u00f6rth am Rhein: Vom 27.09. &#8211; 29.09.2024 ist das SWR4 Festival zu Gast. Mit dabei sind Weltstars wie Chris de Burgh und Thomas Anders und f\u00fcr den richtigen Partysound der 70er sorgt die Bee-Gees-Tribute-Band \u201eNight Fever\u201c. Der SWR4 Promitalk mit Thomas Anders, eine Open-Air-Party im B\u00fcrgerpark mit buntem Programm und SWR4 DJ machen W\u00f6rth zur Festival-Hochburg im S\u00fcdwesten. An allen drei Festivaltagen berichtet das SWR4 Festivalradio aus W\u00f6rth und auf <a href=\"https:\/\/www.swr.de\/swr4\/musik\/swr4-festival-uebersicht-100.html\">SWR4.de\/festival<\/a> sind alle Veranstaltungen im Festivalstream zu sehen.<\/p>\n<p style=\"font-weight: 400; text-align: justify;\">Den Konzertreigen startet Thomas Anders am Freitag, 27. September. Gemeinsam mit seiner Band nimmt er die G\u00e4ste mit auf eine Reise durch vier Jahrzehnte Musikgeschichte. Einlass ist ab 19 Uhr, Beginn um 20 Uhr. Am Samstagabend, 28. September, wird die W\u00f6rther Festhalle von der Bee-Gees-Tribute-Band \u201eNight Fever\u201c bespielt, die f\u00fcr eine aufregende Partynacht sorgen. Auch hier ist der Einlass ab 19 Uhr und der Beginn um 20 Uhr. Den Weltstar Chris de Burgh gibt es zum Festival-Finale am Sonntag, 29. September \u2013 der irische Musiker steht seit 50 Jahren auf der B\u00fchne und pr\u00e4sentiert in W\u00f6rth seine gr\u00f6\u00dften Hits und Songs vom neuen Album. Einlass ist um 18 Uhr, das Konzert beginnt um 19 Uhr.<\/p>\n<p>&nbsp;<\/p>\n<p>&nbsp;<\/p>\n<p>&nbsp;<\/p>\n<p style=\"font-weight: 400; text-align: justify;\"><strong>Promitalk mit Thomas Anders<\/strong><\/p>\n<p>&nbsp;<\/p>\n<p>&nbsp;<\/p>\n<p style=\"font-weight: 400; text-align: justify;\">SWR4 Moderator J\u00f6rg Assenheimer begr\u00fc\u00dft in der Friedenskirche in W\u00f6rth zum SWR4 Promitalk: Am Freitag, 27. September, ist Thomas Anders zu Gast. Der Promitalk startet um 15 Uhr und wird musikalisch von der SWR4 Band umrahmt. Tickets hierf\u00fcr k\u00f6nnen nur bei SWR4 gewonnen werden.<\/p>\n<p style=\"font-weight: 400; text-align: justify;\"><strong>Open-Air-Party im B\u00fcrgerpark W\u00f6rth<\/strong><\/p>\n<p style=\"font-weight: 400; text-align: justify;\">Das SWR4 Festival bietet den G\u00e4sten in diesem Jahr noch mehr \u2013 zus\u00e4tzlich zum Abendprogramm gibt es im B\u00fcrgerpark eine Festivalb\u00fchne mit t\u00e4glich buntem Programm, einer Foodmeile und SWR4 DJ. Am Freitagnachmittag, 27. September, beginnt das Festival im B\u00fcrgerpark um 17 Uhr mit dem Livestream des Promitalks mit Thomas Anders. F\u00fcr musikalische Unterhaltung sorgt SWR4 DJ Maik Schieber, bevor das Highlight des Abends folgt: Thomas Anders tritt live in der Festhalle auf und wird gleichzeitig per Livestream auf der Leinwand im B\u00fcrgerpark \u00fcbertragen. Am Samstag, 28. September, f\u00fchrt SWR4 Moderator Matthias Methner ab 15 Uhr durch ein vielseitiges Programm. F\u00fcr Live-Musik sorgt der Karlsruher K\u00fcnstler Guitarman, w\u00e4hrend SWR Promi-Expertin Kristina Hortenbach interessante Einblicke in die Welt der Stars gew\u00e4hrt. Am Abend gibt es die Live-\u00dcbertragung der SWR4 Party mit \u201eNight Fever\u201c und SWR4 DJ Maik Schieber l\u00e4sst den Abend bei einer ausgelassenen Open-Air-Party ausklingen. Am Sonntag, 29. September, startet das Programm im B\u00fcrgerpark ebenso um 15 Uhr und steht ganz im Zeichen des Gartens. Die SWR4 Gartenexpertin Heike Boomgaarden steht den G\u00e4sten Rede und Antwort, w\u00e4hrend die Landauer Band ThomFreds f\u00fcr stimmungsvolle Live-Musik sorgt. Den H\u00f6hepunkt des Festivals bildet der Konzert-Livestream des SWR4 Konzerts mit Chris de Burgh. Der Eintritt f\u00fcr alle Veranstaltungen im B\u00fcrgerpark ist frei.<\/p>\n<p>&nbsp;<\/p>\n<p>&nbsp;<\/p>\n<p>&nbsp;<\/p>\n<p>&nbsp;<\/p>\n<p style=\"font-weight: 400; text-align: justify;\"><strong>Tickets und Sendungen<\/strong><\/p>\n<p>&nbsp;<\/p>\n<p>&nbsp;<\/p>\n<p style=\"font-weight: 400; text-align: justify;\">F\u00fcr das SWR4 Konzert mit Thomas Anders (27.9., Tickets jeweils 25 \u20ac inklusive aller Geb\u00fchren) und die SWR4 Party mit \u201eNight Fever\u201c (28.9., Tickets jeweils 12 \u20ac inklusive aller Geb\u00fchren) gibt es noch wenige Tickets unter <a href=\"http:\/\/www.woerth.de\/swr4festival\">www.woerth.de\/swr4festival<\/a>. Das SWR4 Konzert mit Chris de Burgh ist bereits ausverkauft. Das gesamte Festival sendet SWR4 im Festivalradio und alle Veranstaltungen sind im Festivalstream unter <a href=\"https:\/\/www.swr.de\/swr4\/musik\/swr4-festival-uebersicht-100.html\">SWR4.de\/festival<\/a>zu sehen.<\/p>\n<p>&nbsp;<\/p>\n<p>&nbsp;<\/p>\n<p>&nbsp;<\/p>\n<p style=\"font-weight: 400; text-align: justify;\"><strong>\u00c4nderungen bei Einlasszeit und Sitzpl\u00e4tze statt Stehpl\u00e4tze bei den SWR4 Konzerten<\/strong><\/p>\n<p>&nbsp;<\/p>\n<p style=\"font-weight: 400; text-align: justify;\">Das SWR4 Konzert von Chris de Burgh beginnt um 19 Uhr, der Einlass startet um 18 Uhr. Au\u00dferdem werden aus den Stehplatzkarten f\u00fcr die Konzerte von Thomas Anders und Chris de Burgh Sitzplatzkarten: Der Saal ist vollst\u00e4ndig bestuhlt und es gibt freie Platzwahl. Die Platznummerierungen auf der Empore behalten weiterhin ihre G\u00fcltigkeit.<\/p>\n<p>&nbsp;<\/p>\n<p>&nbsp;<\/p>\n<p style=\"font-weight: 400;\">Weitere Informationen auf <a href=\"https:\/\/www.swr.de\/swr4\/musik\/swr4-festival-uebersicht-100.html\">SWR4.de\/festival<\/a> und <a href=\"http:\/\/swr.li\/swr4-festival-in-woerth-2024\">http:\/\/swr.li\/swr4-festival-in-woerth-2024<\/a>!<\/p>\n<p>&nbsp;<\/p>\n<p>&nbsp;<\/p>\n<figure id=\"attachment_230370\" aria-describedby=\"caption-attachment-230370\" style=\"width: 577px\" class=\"wp-caption alignnone\"><img decoding=\"async\" loading=\"lazy\" class=\"size-large wp-image-230370\" src=\"https:\/\/smago.de\/ws2\/wp-content\/uploads\/2024\/09\/anders_Ben-Wolf-577x800.jpeg\" alt=\"\" width=\"577\" height=\"800\" srcset=\"https:\/\/smago.de\/ws2\/wp-content\/uploads\/2024\/09\/anders_Ben-Wolf-577x800.jpeg 577w, https:\/\/smago.de\/ws2\/wp-content\/uploads\/2024\/09\/anders_Ben-Wolf-376x522.jpeg 376w, https:\/\/smago.de\/ws2\/wp-content\/uploads\/2024\/09\/anders_Ben-Wolf-108x150.jpeg 108w, https:\/\/smago.de\/ws2\/wp-content\/uploads\/2024\/09\/anders_Ben-Wolf-196x272.jpeg 196w, https:\/\/smago.de\/ws2\/wp-content\/uploads\/2024\/09\/anders_Ben-Wolf-433x600.jpeg 433w, https:\/\/smago.de\/ws2\/wp-content\/uploads\/2024\/09\/anders_Ben-Wolf-94x130.jpeg 94w, https:\/\/smago.de\/ws2\/wp-content\/uploads\/2024\/09\/anders_Ben-Wolf-321x445.jpeg 321w, https:\/\/smago.de\/ws2\/wp-content\/uploads\/2024\/09\/anders_Ben-Wolf-137x190.jpeg 137w, https:\/\/smago.de\/ws2\/wp-content\/uploads\/2024\/09\/anders_Ben-Wolf-209x290.jpeg 209w, https:\/\/smago.de\/ws2\/wp-content\/uploads\/2024\/09\/anders_Ben-Wolf.jpeg 700w\" sizes=\"(max-width: 577px) 100vw, 577px\" \/><figcaption id=\"caption-attachment-230370\" class=\"wp-caption-text\"><em>Foto-Credit: Ben Wolf<\/em><\/figcaption><\/figure>\n","protected":false},"excerpt":{"rendered":"<p>Konzerte, Talks und Partys mit Chris de Burgh und Thomas Anders vom 27.09. &#8211; 29.09.2024 +++ SWR4 Festivalradio t\u00e4glich bis<\/p>\n","protected":false},"author":2,"featured_media":230370,"comment_status":"open","ping_status":"closed","sticky":false,"template":"","format":"standard","meta":{"_FSMCFIC_featured_image_caption":"","_FSMCFIC_featured_image_nocaption":"","_FSMCFIC_featured_image_hide":""},"categories":[29,39],"tags":[48],"acf":[],"_links":{"self":[{"href":"https:\/\/smago.de\/ws2\/wp-json\/wp\/v2\/posts\/230369"}],"collection":[{"href":"https:\/\/smago.de\/ws2\/wp-json\/wp\/v2\/posts"}],"about":[{"href":"https:\/\/smago.de\/ws2\/wp-json\/wp\/v2\/types\/post"}],"author":[{"embeddable":true,"href":"https:\/\/smago.de\/ws2\/wp-json\/wp\/v2\/users\/2"}],"replies":[{"embeddable":true,"href":"https:\/\/smago.de\/ws2\/wp-json\/wp\/v2\/comments?post=230369"}],"version-history":[{"count":2,"href":"https:\/\/smago.de\/ws2\/wp-json\/wp\/v2\/posts\/230369\/revisions"}],"predecessor-version":[{"id":230372,"href":"https:\/\/smago.de\/ws2\/wp-json\/wp\/v2\/posts\/230369\/revisions\/230372"}],"wp:featuredmedia":[{"embeddable":true,"href":"https:\/\/smago.de\/ws2\/wp-json\/wp\/v2\/media\/230370"}],"wp:attachment":[{"href":"https:\/\/smago.de\/ws2\/wp-json\/wp\/v2\/media?parent=230369"}],"wp:term":[{"taxonomy":"category","embeddable":true,"href":"https:\/\/smago.de\/ws2\/wp-json\/wp\/v2\/categories?post=230369"},{"taxonomy":"post_tag","embeddable":true,"href":"https:\/\/smago.de\/ws2\/wp-json\/wp\/v2\/tags?post=230369"}],"curies":[{"name":"wp","href":"https:\/\/api.w.org\/{rel}","templated":true}]}}