{"id":230323,"date":"2024-09-15T11:10:54","date_gmt":"2024-09-15T09:10:54","guid":{"rendered":"https:\/\/smago.de\/ws2\/?p=230323"},"modified":"2024-09-15T11:11:54","modified_gmt":"2024-09-15T09:11:54","slug":"stefan-raab-voll-auf-die-zwoelf-sensationelle-quoten-fuer-der-clark-final-fight","status":"publish","type":"post","link":"https:\/\/smago.de\/ws2\/nonsens\/stefan-raab-voll-auf-die-zwoelf-sensationelle-quoten-fuer-der-clark-final-fight\/","title":{"rendered":"STEFAN RAAB <br>Voll auf die Zw\u00f6lf! Sensationelle Quoten f\u00fcr &#8222;DER CLARK FINAL FIGHT&#8220;!"},"content":{"rendered":"<p>RTL am Samstagabend Marktf\u00fchrer in allen Zielgruppen!<br \/>\n<!--more--><\/p>\n<p>&nbsp;<\/p>\n<p>&nbsp;<\/p>\n<p>&nbsp;<\/p>\n<p>&nbsp;<\/p>\n<ul>\n<li>Bis zu 7,74 Mio. (bis zu 36,9 % Marktanteil, ab 3 J.) sahen das Box-Event in der Spitze<\/li>\n<li>Klarer Punktsieg f\u00fcr Regina Halmich \u00fcber sechs Runden<\/li>\n<li>Stefan Raab verk\u00fcndet R\u00fcckkehr auf die Showb\u00fchne bei RTL und auf RTL+<\/li>\n<\/ul>\n<p>&nbsp;<\/p>\n<p>&nbsp;<\/p>\n<p>&nbsp;<\/p>\n<p style=\"text-align: justify;\">Klarer Sieg f\u00fcr Regina Halmich und RTL! Der Boxkampf zwischen Regina Halmich und Stefan Raab sorgt f\u00fcr herausragende Quoten: 5,90 Mio. Zuschauende ab 3 J. (MA: 25,8 %) fieberten ab 20:15 Uhr bei der R\u00fcckkehr von Entertainment-Legende Stefan Raab ins TV mit. In den jungen Zielgruppen erreichte das Box-Spektakel fantastische 40,9 % Marktanteil bei den 14-59-J\u00e4hrigen (4,24 Mio. Zuseher) und megastarke 52,9 % Marktanteil bei den 14-49-J\u00e4hrigen (2,95 Mio. Zuseher). Damit war &#8222;DER CLARK FINAL FIGHT&#8220; mit weitem Abstand deutlicher Marktf\u00fchrer am Samstagabend in allen drei Zielgruppen.<\/p>\n<p style=\"text-align: justify;\">Das Live-Spektakel der Superlative aus dem D\u00fcsseldorfer PSD Bank Dome war mit zahllosen \u00dcberraschungen und gro\u00dfartigen Showeffekten gespickt. Stefan Raab performte seinen Song &#8222;Pa aufs Maul&#8220; gemeinsam mit Rapper Sido und Ski Aggu. Auftritte von Rockerin Doro Pesch, Fitness-Influencerin Pamela Reif, die singend in die Halle einschwebte oder Helge Schneider mit seinem Kult-Hit &#8222;Katzeklo&#8220; rundeten das Show-Erlebnis ab.<\/p>\n<p>&nbsp;<\/p>\n<p style=\"text-align: justify;\">Ebenfalls sehr gute Quoten erzielte das anschlie\u00dfende &#8222;Exclusiv Spezial: Der Talk danach&#8220; mit Frauke Ludowig. 2,44 Mio. Zuschauende ab 3 J. (MA: 21,0 %) verfolgten die Interviews live aus der Halle. Bei den 14-59-J\u00e4hrigen waren es megastarke 31,8 % Marktanteil (1,86 Mio.), bei den 14-49-J\u00e4hrigen sensationelle 42,7 % Marktanteil (1,31 Mio.).<\/p>\n<p>&nbsp;<\/p>\n<p>&nbsp;<\/p>\n<p>&nbsp;<\/p>\n<p style=\"text-align: justify;\">RTL war am Samstag mit weitem Abstand Marktf\u00fchrer in allen Zielgruppen:<\/p>\n<p>&nbsp;<\/p>\n<p>&nbsp;<\/p>\n<p>&nbsp;<\/p>\n<p style=\"text-align: justify;\">Tagesmarktanteile 14-59 J.: RTL: 19,7 %; ARD: 7,6 %; ZDF: 7,5 %<\/p>\n<p style=\"text-align: justify;\">Tagesmarktanteile 14-49 J.: RTL: 26,1 %; ZDF: 5.9 %; Sky D Ges.: 5,8 %<\/p>\n<p style=\"text-align: justify;\">Tagesmarktanteile ab 3 Jahre: RTL: 13,4 %; ARD: 12,5 %; ZDF: 12,2 %<\/p>\n<p>&nbsp;<\/p>\n<p>&nbsp;<\/p>\n<p>&nbsp;<\/p>\n<p style=\"text-align: justify;\"><em>Quelle f\u00fcr die TV-Quoten: AGF \/ GfK \/ DAP videoSCOPE \/ RTL DATA \/ vorl. gew. \/ Stand: 15.09.2024\u00a0<\/em><\/p>\n<p>&nbsp;<\/p>\n<p>&nbsp;<\/p>\n<figure id=\"attachment_230325\" aria-describedby=\"caption-attachment-230325\" style=\"width: 800px\" class=\"wp-caption alignnone\"><img decoding=\"async\" loading=\"lazy\" class=\"size-large wp-image-230325\" src=\"https:\/\/smago.de\/ws2\/wp-content\/uploads\/2024\/09\/9BD00-1-800x450.jpg\" alt=\"\" width=\"800\" height=\"450\" srcset=\"https:\/\/smago.de\/ws2\/wp-content\/uploads\/2024\/09\/9BD00-1-800x450.jpg 800w, https:\/\/smago.de\/ws2\/wp-content\/uploads\/2024\/09\/9BD00-1-522x294.jpg 522w, https:\/\/smago.de\/ws2\/wp-content\/uploads\/2024\/09\/9BD00-1-267x150.jpg 267w, https:\/\/smago.de\/ws2\/wp-content\/uploads\/2024\/09\/9BD00-1-768x432.jpg 768w, https:\/\/smago.de\/ws2\/wp-content\/uploads\/2024\/09\/9BD00-1-1536x864.jpg 1536w, https:\/\/smago.de\/ws2\/wp-content\/uploads\/2024\/09\/9BD00-1-2048x1152.jpg 2048w, https:\/\/smago.de\/ws2\/wp-content\/uploads\/2024\/09\/9BD00-1-392x221.jpg 392w, https:\/\/smago.de\/ws2\/wp-content\/uploads\/2024\/09\/9BD00-1-130x73.jpg 130w, https:\/\/smago.de\/ws2\/wp-content\/uploads\/2024\/09\/9BD00-1-791x445.jpg 791w, https:\/\/smago.de\/ws2\/wp-content\/uploads\/2024\/09\/9BD00-1-870x489.jpg 870w, https:\/\/smago.de\/ws2\/wp-content\/uploads\/2024\/09\/9BD00-1-292x164.jpg 292w, https:\/\/smago.de\/ws2\/wp-content\/uploads\/2024\/09\/9BD00-1-435x245.jpg 435w, https:\/\/smago.de\/ws2\/wp-content\/uploads\/2024\/09\/9BD00-1-895x503.jpg 895w\" sizes=\"(max-width: 800px) 100vw, 800px\" \/><figcaption id=\"caption-attachment-230325\" class=\"wp-caption-text\"><em>Stefan Raab vs. Regina Halmich, die Siegerin Regina Halmich<\/em><\/p>\n<p><em>Foto: Raab Entertainment \/ Willi Weber<\/em><\/p>\n<p><em>Bitte beachten Sie auch <strong><a href=\"http:\/\/www.rtlplus.de\">RTL+<\/a><\/strong>!<\/em><\/figcaption><\/figure>\n","protected":false},"excerpt":{"rendered":"<p>RTL am Samstagabend Marktf\u00fchrer in allen Zielgruppen!<\/p>\n","protected":false},"author":2,"featured_media":230325,"comment_status":"open","ping_status":"closed","sticky":false,"template":"","format":"standard","meta":{"_FSMCFIC_featured_image_caption":"","_FSMCFIC_featured_image_nocaption":"","_FSMCFIC_featured_image_hide":""},"categories":[23,128],"tags":[507],"acf":[],"_links":{"self":[{"href":"https:\/\/smago.de\/ws2\/wp-json\/wp\/v2\/posts\/230323"}],"collection":[{"href":"https:\/\/smago.de\/ws2\/wp-json\/wp\/v2\/posts"}],"about":[{"href":"https:\/\/smago.de\/ws2\/wp-json\/wp\/v2\/types\/post"}],"author":[{"embeddable":true,"href":"https:\/\/smago.de\/ws2\/wp-json\/wp\/v2\/users\/2"}],"replies":[{"embeddable":true,"href":"https:\/\/smago.de\/ws2\/wp-json\/wp\/v2\/comments?post=230323"}],"version-history":[{"count":2,"href":"https:\/\/smago.de\/ws2\/wp-json\/wp\/v2\/posts\/230323\/revisions"}],"predecessor-version":[{"id":230327,"href":"https:\/\/smago.de\/ws2\/wp-json\/wp\/v2\/posts\/230323\/revisions\/230327"}],"wp:featuredmedia":[{"embeddable":true,"href":"https:\/\/smago.de\/ws2\/wp-json\/wp\/v2\/media\/230325"}],"wp:attachment":[{"href":"https:\/\/smago.de\/ws2\/wp-json\/wp\/v2\/media?parent=230323"}],"wp:term":[{"taxonomy":"category","embeddable":true,"href":"https:\/\/smago.de\/ws2\/wp-json\/wp\/v2\/categories?post=230323"},{"taxonomy":"post_tag","embeddable":true,"href":"https:\/\/smago.de\/ws2\/wp-json\/wp\/v2\/tags?post=230323"}],"curies":[{"name":"wp","href":"https:\/\/api.w.org\/{rel}","templated":true}]}}