{"id":230225,"date":"2024-09-12T23:58:17","date_gmt":"2024-09-12T21:58:17","guid":{"rendered":"https:\/\/smago.de\/ws2\/?p=230225"},"modified":"2024-09-12T18:36:28","modified_gmt":"2024-09-12T16:36:28","slug":"ilka-bessin-u-a-fr-13-09-2024-in-der-ndr-talk-show-zu-gast","status":"publish","type":"post","link":"https:\/\/smago.de\/ws2\/comedy\/ilka-bessin-u-a-fr-13-09-2024-in-der-ndr-talk-show-zu-gast\/","title":{"rendered":"ILKA BESSIN u.a. <br>Fr. (13.09.2024) in der &#8222;NDR Talk Show&#8220; zu Gast!"},"content":{"rendered":"<p>NDR Fernsehen + HR Fernsehen, 22:00 Uhr &#8211; 00:00 Uhr! Moderation: Barbara Sch\u00f6neberger und Bettina Tietjen!<!--more--><\/p>\n<p>&nbsp;<\/p>\n<p>&nbsp;<\/p>\n<p>&nbsp;<\/p>\n<p style=\"text-align: justify;\">Barbara Sch\u00f6neberger und Bettina Tietjen begr\u00fc\u00dfen in der NDR Talk Show aus Hamburg folgende G\u00e4ste &#8230;:<\/p>\n<p>&nbsp;<\/p>\n<p>&nbsp;<\/p>\n<p>&nbsp;<\/p>\n<h2 style=\"text-align: justify;\">Karl-Theodor zu Guttenberg und Gregor Gysi, Ex-Politiker<\/h2>\n<p>&nbsp;<\/p>\n<div class=\"contentimage w50\" style=\"text-align: justify;\"><\/div>\n<p style=\"text-align: justify;\">Gegens\u00e4tze ziehen sich an &#8211; das trifft besonders auf die beiden Ex-Politiker Karl-Theodor zu Guttenberg, CSU, und Gregor Gysi, Die Linke, zu. Sie sind der beste Beweis daf\u00fcr, dass Menschen mit verschiedenen Parteib\u00fcchern durchaus Freundschaft schlie\u00dfen k\u00f6nnen. In ihrem Podcast &#8222;Gysi gegen Guttenberg&#8220; gehen sie seit 2023 wertsch\u00e4tzend und ehrlich immer wieder \u00fcber ideologische Grenzen hinweg und zeigen, wie Dialog heute auch funktionieren kann. Karl-Theodor zu Guttenberg verl\u00e4sst mit 39 Jahren nach Plagiatsvorw\u00fcrfen 2011 das Amt des Bundesverteidigungsministers, lebt f\u00fcr einige Jahre in den USA, ist aber mittlerweile wieder nach Deutschland zur\u00fcckgekehrt. Gregor Gysi arbeitet heute in erster Linie als Rechtsanwalt, ist aber weiterhin f\u00fcr Die Linke durch ein Direktmandat im Deutschen Bundestag vertreten. In ihrem neuen Buch und in ihrem Podcast widmen sich die beiden Polit-Stars politischen und gesellschaftspolitischen Themen, die Deutschland und sie pers\u00f6nlich bewegen.<\/p>\n<p>&nbsp;<\/p>\n<p>&nbsp;<\/p>\n<p>&nbsp;<\/p>\n<p>&nbsp;<\/p>\n<h2 style=\"text-align: justify;\">Ilka Bessin, Komikerin und Moderatorin<\/h2>\n<div class=\"contentimage w50\" style=\"text-align: justify;\"><\/div>\n<p style=\"text-align: justify;\">Vor 20 Jahren schl\u00fcpft die heutige Komikerin Ilka Bessin aus Luckenwalde in einen rosa Jogginganzug, setzt sich ein Kr\u00f6nchen auf und wird zur Comedy-Figur &#8222;Cindy aus Marzahn&#8220;. Im &#8222;Quatsch Comedy Club&#8220; beginnt ihre kometenhafte Karriere. Zuvor arbeitet sie als K\u00f6chin, Kellnerin, Animateurin auf einem Kreuzfahrtschiff und ist vier Jahre lang arbeitslos. Sie kennt das Leben mit allen H\u00f6hen und Tiefen. Zw\u00f6lf Jahre lang spielt sie sich von kleinen B\u00fchnen bis zum Broadway und beschlie\u00dft 2016, den rosa Jogginganzug in den Schrank zu h\u00e4ngen. Als Ilka Bessin moderiert sie verschiedene Formate, soziale Themen liegen ihr am Herzen und sie bringt ein Comedy-Programm als Ilka Bessin auf die B\u00fchne. Aber jetzt tut sie es endlich wieder: Zum 20. Jubil\u00e4um wird der Jogginganzug aufgeb\u00fcgelt und &#8222;Cindy aus Marzahn&#8220; geht wieder auf Tour. Alle malen schwarz, sie sieht die Zukunft Pink!<\/p>\n<p>&nbsp;<\/p>\n<p>&nbsp;<\/p>\n<p>&nbsp;<\/p>\n<p>&nbsp;<\/p>\n<h2 style=\"text-align: justify;\">Sabin Tambrea, Schauspieler und Autor<\/h2>\n<div class=\"contentimage w50\" style=\"text-align: justify;\"><\/div>\n<p style=\"text-align: justify;\">Sabin Tambrea kommt aus einer rum\u00e4nischen Musikerfamilie, die Mitte der 80er-Jahre vor Ceausescu nach Deutschland geflohen ist. Er lernt Geige, Bratsche und Klavier, entscheidet sich dann aber doch f\u00fcr eine Karriere als Schauspieler. In der TV-Reihe &#8222;Ku&#8217;damm&#8220; wird er zum Publikumsliebling und beweist auch sonst Wandlungsf\u00e4higkeit &#8211; in Rollen als Jesus, Kafka, Siegfried, Vampir, Stalker, Liebhaber, Mordverd\u00e4chtiger und R\u00fcbezahl. Nach dem Erfolg seines Deb\u00fctromans hat er nun die Geschichte seiner Familie aufgeschrieben. In seinem aktuellen Buch &#8222;Vaterl\u00e4nder&#8220; und in der NDR Talk Show erz\u00e4hlt der 39-J\u00e4hrige, wie seine Familie zun\u00e4chst getrennt und schlie\u00dflich dann doch gl\u00fccklich wiedervereint wird.<\/p>\n<p>&nbsp;<\/p>\n<p>&nbsp;<\/p>\n<p>&nbsp;<\/p>\n<p>&nbsp;<\/p>\n<h2 style=\"text-align: justify;\">Reinhold Messner, Bergsteiger und Autor<\/h2>\n<div class=\"contentimage w50\" style=\"text-align: justify;\">\n<div class=\"image-container quer\"><\/div>\n<\/div>\n<p style=\"text-align: justify;\">Am 17. September wird Reinhold Messner 80 Jahre alt. Als Bergsteiger ist er eine Legende: Er hat alle 14 Achttausender, den Mount Everest ohne Flaschensauerstoff und als Erster im Alleingang den Nanga Parbat bestiegen. Er ist ein Grenzg\u00e4nger, ein begnadeter Geschichtenerz\u00e4hler, aber auch ein Mahner, der auf die Zerst\u00f6rung der Natur und der Berge aufmerksam machen will. Seit 2021 ist er in dritter Ehe mit der Luxemburgerin Diane Messner verheiratet und betreibt mit ihr auf Schloss Juval im S\u00fcdtiroler Vinschgau das Unternehmen &#8222;Messner Mountain Heritage&#8220;. In seinem Buch &#8222;Gegenwind&#8220; und in der NDR Talk Show reflektiert er \u00fcber Freundschaften und Intrigen, alpinistische wie private H\u00f6hepunkte und R\u00fcckschl\u00e4ge und die F\u00e4higkeit, auch im Alter Tr\u00e4ume noch zu verwirklichen.<\/p>\n<div class=\"contentbox list voll\" style=\"text-align: justify;\">\n<div class=\"teaser\">\n<div class=\"teaserimage\"><\/div>\n<\/div>\n<\/div>\n<p>&nbsp;<\/p>\n<p>&nbsp;<\/p>\n<p>&nbsp;<\/p>\n<h2 style=\"text-align: justify;\">Ulla Lohmann, Vulkanexpertin und Expeditionsfotografin<\/h2>\n<div class=\"contentimage w50\" style=\"text-align: justify;\"><\/div>\n<p style=\"text-align: justify;\">Sie geht da hin, wo es kocht, brodelt und Funken spr\u00fchen, denn Ulla Lohmanns Leidenschaft sind Vulkane. Sie dokumentiert die aktivsten Vulkane Europas und ist mehrfach bei Vulkanausbr\u00fcchen dabei. Als erste Frau weltweit ist sie bereits in das Innere eines aktiven Vulkans gestiegen, um dort zu fotografieren. Ihre spektakul\u00e4ren Aufnahmen bringen ihr den Ruf als &#8222;hei\u00dfeste Frau Deutschlands&#8220; ein. Schon als Kind hat sie einen ausgepr\u00e4gten Abenteuersinn, mit der Rekonstruktion eines Lurchskeletts wird sie im Alter von 18 Jahren Bundessiegerin von &#8222;Jugend forscht&#8220;. Das Preisgeld nutzt sie zur Finanzierung ihrer ersten Weltreise, sie studiert Geografie und wird Fotojournalistin. Wie lange sie es in 600 Meter Tiefe eines Vulkans ausgehalten hat, welche Ausstattung sie daf\u00fcr brauchte und wie Menschen mit ihren Feuerbergen leben, erz\u00e4hlt Ulla Lohmann in der NDR Talk Show.<\/p>\n<p>&nbsp;<\/p>\n<p>&nbsp;<\/p>\n<p>&nbsp;<\/p>\n<p>&nbsp;<\/p>\n<h2 style=\"text-align: justify;\">Ewald Arenz, Schriftsteller und Lehrer<\/h2>\n<div class=\"contentimage w50\" style=\"text-align: justify;\"><\/div>\n<p style=\"text-align: justify;\">Der Bestsellerautor Ewald Arenz geh\u00f6rt zu den aktuell produktivsten und erfolgreichsten Schriftstellern Deutschlands. Nach ein paar Semestern Jura studiert der N\u00fcrnberger Anglistik, Amerikanistik und Geschichte und wird Gymnasiallehrer. Seit 1996 schreibt der Vater von drei Kindern Romane. &#8222;Alte Sorten&#8220;, &#8222;Der gro\u00dfe Sommer&#8220; und &#8222;Die Liebe an miesen Tagen&#8220; geh\u00f6ren zu seinen literarischen Hits und seine Fans warten schon sehns\u00fcchtig auf Nachschlag, der jetzt kommt: &#8222;Zwei Leben&#8220; hei\u00dft sein neuestes Werk. Die Schule, seine Sch\u00fcler und die eigene Jugend sind die Quellen seiner Inspiration. Er selbst war alles andere als ein vorbildlicher Sch\u00fcler. Trotz Klassenwiederholungen, diverser Verweise wegen Aufs\u00e4ssigkeit und einiger Nachpr\u00fcfungen hielt er sich damals f\u00fcr ein Genie. Auf den Lehrerberuf blickt er heute liebevoll und kritisch zugleich und r\u00e4t Eltern: &#8222;Bleiben Sie zugewandt. Und sch\u00e4rfen Sie den Blick auf Ihr Kind.&#8220;<\/p>\n<p>&nbsp;<\/p>\n<p>&nbsp;<\/p>\n<p>&nbsp;<\/p>\n<p>&nbsp;<\/p>\n<h2 style=\"text-align: justify;\">Tanja Scholz, Schwimmerin<\/h2>\n<div class=\"contentbox halb \" style=\"text-align: justify;\">\n<div class=\"teaser\">\n<div class=\"teaserimage\"><\/div>\n<div class=\"teaserpadding\">\n<div class=\"teasertext\">\n<p>&nbsp;<\/p>\n<\/div>\n<\/div>\n<\/div>\n<\/div>\n<p style=\"text-align: justify;\">Diese Frau gewinnt bei den diesj\u00e4hrigen Paralympics die erste Goldmedaille f\u00fcr Deutschland: Tanja Scholz aus Elmshorn schwimmt ihre pers\u00f6nliche Bestzeit und zeigt sich bei ihren ersten Paralympischen Spielen emotional: &#8222;Ich bin gerade v\u00f6llig \u00fcberw\u00e4ltigt von den Gef\u00fchlen&#8220;, so die dreifache Mutter. Die 40-J\u00e4hrige ist seit einem Reitunfall vor vier Jahren von der H\u00fcfte abw\u00e4rts querschnittsgel\u00e4hmt. Sie wechselt vom Reit- in den Schwimmsport, und nur zwei Jahre nach dem Unfall erschwimmt sie sich als Deb\u00fctantin im Para-Schwimmen ihre erste Goldmedaille bei den Weltmeisterschaften. Ohne die Unterst\u00fctzung ihrer Familie sei das unm\u00f6glich gewesen, sagt die Schleswig-Holsteinerin r\u00fcckblickend. Was das Element Wasser f\u00fcr sie bedeutet und welche Erinnerung an die Paralympics in Paris sie mit nach Elmshorn nimmt, erz\u00e4hlt Tanja Scholz in der NDR Talk Show.<\/p>\n","protected":false},"excerpt":{"rendered":"<p>NDR Fernsehen + HR Fernsehen, 22:00 Uhr &#8211; 00:00 Uhr! Moderation: Barbara Sch\u00f6neberger und Bettina Tietjen!<\/p>\n","protected":false},"author":2,"featured_media":230226,"comment_status":"open","ping_status":"closed","sticky":false,"template":"","format":"standard","meta":{"_FSMCFIC_featured_image_caption":"","_FSMCFIC_featured_image_nocaption":"","_FSMCFIC_featured_image_hide":""},"categories":[3,128],"tags":[254],"acf":[],"_links":{"self":[{"href":"https:\/\/smago.de\/ws2\/wp-json\/wp\/v2\/posts\/230225"}],"collection":[{"href":"https:\/\/smago.de\/ws2\/wp-json\/wp\/v2\/posts"}],"about":[{"href":"https:\/\/smago.de\/ws2\/wp-json\/wp\/v2\/types\/post"}],"author":[{"embeddable":true,"href":"https:\/\/smago.de\/ws2\/wp-json\/wp\/v2\/users\/2"}],"replies":[{"embeddable":true,"href":"https:\/\/smago.de\/ws2\/wp-json\/wp\/v2\/comments?post=230225"}],"version-history":[{"count":2,"href":"https:\/\/smago.de\/ws2\/wp-json\/wp\/v2\/posts\/230225\/revisions"}],"predecessor-version":[{"id":230228,"href":"https:\/\/smago.de\/ws2\/wp-json\/wp\/v2\/posts\/230225\/revisions\/230228"}],"wp:featuredmedia":[{"embeddable":true,"href":"https:\/\/smago.de\/ws2\/wp-json\/wp\/v2\/media\/230226"}],"wp:attachment":[{"href":"https:\/\/smago.de\/ws2\/wp-json\/wp\/v2\/media?parent=230225"}],"wp:term":[{"taxonomy":"category","embeddable":true,"href":"https:\/\/smago.de\/ws2\/wp-json\/wp\/v2\/categories?post=230225"},{"taxonomy":"post_tag","embeddable":true,"href":"https:\/\/smago.de\/ws2\/wp-json\/wp\/v2\/tags?post=230225"}],"curies":[{"name":"wp","href":"https:\/\/api.w.org\/{rel}","templated":true}]}}