{"id":230217,"date":"2024-09-12T23:59:08","date_gmt":"2024-09-12T21:59:08","guid":{"rendered":"https:\/\/smago.de\/ws2\/?p=230217"},"modified":"2024-09-12T16:06:05","modified_gmt":"2024-09-12T14:06:05","slug":"sascha-grammel-bastian-pastewka-birgit-schrowange-u-a-fr-13-09-2024-in-der-talk-show-koelner-treff-zu-gast","status":"publish","type":"post","link":"https:\/\/smago.de\/ws2\/comedy\/sascha-grammel-bastian-pastewka-birgit-schrowange-u-a-fr-13-09-2024-in-der-talk-show-koelner-treff-zu-gast\/","title":{"rendered":"SASCHA GRAMMEL, BASTIAN PASTEWKA, BIRGIT SCHROWANGE u.a. <br>Fr. (13.09.2024) in der Talk-Show &#8222;K\u00f6lner Treff&#8220; zu Gast!"},"content":{"rendered":"<p>WDR Fernsehen, 22:00 Uhr &#8211; 00:00 Uhr (Wh.: 15.09. 09:15 Uhr &#8211; 11:15 Uhr)! Moderation: Susan Link &amp; Micky Beisenherz!<br \/>\n<!--more--><\/p>\n<p>&nbsp;<\/p>\n<p>&nbsp;<\/p>\n<p>&nbsp;<\/p>\n<p>&nbsp;<\/p>\n<p style=\"text-align: justify;\"><strong>Bastian Pastewka<\/strong><\/p>\n<p>&nbsp;<\/p>\n<p style=\"text-align: justify;\">Dass Bastian Pastewka ein Mann mit vielen Talenten ist, d\u00fcrfte hinl\u00e4nglich bekannt sein: Schauspieler, Synchronsprecher, Moderator, Drehbuchautor oder H\u00f6rbuch-Regisseur. Die passende Berufsbezeichnung f\u00fcr den Entertainer zu finden, der seine Medienkarriere beim WDR begann, ist gar nicht so einfach. Im K\u00f6lner Treff begr\u00fc\u00dfen wir ihn in erster Linie als Schauspieler, der derzeit in verschiedenen Rollen gl\u00e4nzt, zum Beispiel als notorischer Hochstapler, der sich eine L\u00fcge &#8222;zu viel&#8220; erlaubt! Au\u00dferdem h\u00f6ren wir von seiner Leidenschaft f\u00fcr akustische Erlebnisse in Schwarz-Wei\u00df!<\/p>\n<p>&nbsp;<\/p>\n<p>&nbsp;<\/p>\n<p>&nbsp;<\/p>\n<p><strong>Birgit Schrowange<\/strong><\/p>\n<p>&nbsp;<\/p>\n<p style=\"text-align: justify;\">Ihre TV-Karriere startete sie beim WDR als Stenokontoristin. Doch Birgit Schrowange wollte unbedingt vor die Kamera &#8211; und schaffte es. Mehr als 40 Jahre war sie eines der beliebtesten Fernsehgesichter Deutschlands. Doch 2019 hatte sie genug vom TV und wollte sich nur den sch\u00f6nen Dingen des Lebens widmen. Und das hat sie geschafft. Getreu dem Motto &#8222;Das Beste kommt zum Schluss!&#8220; hat sie mit 65 im letzten Sommer ihren Traummann geheiratet und bekennt selbstironisch: &#8222;Die alte Schachtel ist endlich unter der Haube&#8220;. Nun tr\u00e4umt sie von der Silberhochzeit mit 90!<\/p>\n<p>&nbsp;<\/p>\n<p>&nbsp;<\/p>\n<p>&nbsp;<\/p>\n<p><strong>Sascha Grammel<\/strong><\/p>\n<p>&nbsp;<\/p>\n<p style=\"text-align: justify;\">Er ist wohl Deutschlands lustigster Bauchredner. Seit Jahren f\u00fcllen er und seine Puppen die gro\u00dfen Hallen des Landes. Egal, ob die 114 Jahre alte Schildkr\u00f6tendame Josie oder der schr\u00e4ge Vogel Freiherr Frederic von Furchensumpf &#8211; wenn Sascha Grammel seine Puppen zum Leben erweckt, bleibt kein Auge trocken. Dabei hat der geb\u00fcrtige Berliner mal ganz klein als Zauberk\u00fcnstler in der Jugendgruppe des Magischen Zirkels angefangen. Mittlerweile ist er mit seinem 5. B\u00fchnenprogramm auf Tour.<\/p>\n<p>&nbsp;<\/p>\n<p>&nbsp;<\/p>\n<p>&nbsp;<\/p>\n<p><strong>Ulrich Wickert<\/strong><\/p>\n<p>&nbsp;<\/p>\n<p style=\"text-align: justify;\">Wenn in Deutschland jemand eine Einordnung braucht, was im Nachbarland Frankreich gerade los ist, dann kann man sich auf Ulrich Wickert, auch &#8222;Mr. Tagesthemen&#8220; genannt, verlassen. Der bekennende Frankreich-Kenner liest jeden Morgen sechs Tageszeitungen, darunter zwei franz\u00f6sische, und denkt auch mit 81 Jahren noch lange nicht ans Aufh\u00f6ren. Zuletzt hat er ein Buch geschrieben \u00fcber die deutsch-franz\u00f6sische Freundschaft und wie sie in seinem Leben immer wieder eine Rolle gespielt hat. Da erf\u00e4hrt man nicht nur, wie gut sich die franz\u00f6sischen Pr\u00e4sidenten mit den deutschen Kanzlern verstanden haben, sondern auch, warum Wickert in der deutschen Botschaft in Paris immer Bier statt Champagner serviert bekam.<\/p>\n<p>&nbsp;<\/p>\n<p>&nbsp;<\/p>\n<p>&nbsp;<\/p>\n<p><strong>Arnd Zeigler<\/strong><\/p>\n<p>&nbsp;<\/p>\n<p style=\"text-align: justify;\">Fast 20 Jahre ist es her, dass der WDR Arnd Zeiglers &#8222;Wunderbare Welt des Fu\u00dfballs&#8220; vom Radio ins Fernsehen holte. Seitdem analysiert er jeden Sonntagabend mit gro\u00dfer Leidenschaft das aktuelle Fu\u00dfballgeschehen &#8211; live aus seinem ganz privaten Arbeitszimmer. Nebenbei moderiert er zwei Fu\u00dfball-Podcasts, schreibt mehrere Fu\u00dfballb\u00fccher und ist Stadionsprecher beim SV Werder Bremen. Alles dreht sich in seinem Leben um den Ball und sein erkl\u00e4rtes Ziel bleibt es, der Faszination Fu\u00dfball auf den Grund zu gehen. Gar nicht so einfach, denn die Kommerzialisierung wird immer gr\u00f6\u00dfer, das Regelwerk immer undurchsichtiger und am Ende gewinnen die Bayern.<\/p>\n<p>&nbsp;<\/p>\n<p>&nbsp;<\/p>\n<p>&nbsp;<\/p>\n<p><strong>Laura Larsson<\/strong><\/p>\n<p>&nbsp;<\/p>\n<p style=\"text-align: justify;\">Besonders bekannt ist sie f\u00fcr ihre humorvolle Schlagfertigkeit, denn als ehemalige Radiomoderatorin &#8222;1Live&#8220; nahm Laura Larsson ebenso wenig ein Blatt vor den Mund wie in ihren erfolgreichen Podcasts, f\u00fcr die sie mit dem Deutschen Podcastpreis und Comedypreis ausgezeichnet wurde. Jetzt ist sie nicht nur mit ihrer eigene Comedy-Tour unterwegs, sondern wandelt schlaflos durch die Metropolen Europas. In dem ARD-Reiseformat &#8222;Schlaflos in&#8230;&#8220; m\u00fcssen sie und ihr Co-Host 24 Stunden die Augen aufhalten. Gelingt das Durchhalten, wartet eine \u00dcbernachtung in einem Luxus-Hotel.<\/p>\n","protected":false},"excerpt":{"rendered":"<p>WDR Fernsehen, 22:00 Uhr &#8211; 00:00 Uhr (Wh.: 15.09. 09:15 Uhr &#8211; 11:15 Uhr)! Moderation: Susan Link &amp; Micky Beisenherz!<\/p>\n","protected":false},"author":2,"featured_media":230218,"comment_status":"open","ping_status":"closed","sticky":false,"template":"","format":"standard","meta":{"_FSMCFIC_featured_image_caption":"","_FSMCFIC_featured_image_nocaption":"","_FSMCFIC_featured_image_hide":""},"categories":[3,29,128],"tags":[129],"acf":[],"_links":{"self":[{"href":"https:\/\/smago.de\/ws2\/wp-json\/wp\/v2\/posts\/230217"}],"collection":[{"href":"https:\/\/smago.de\/ws2\/wp-json\/wp\/v2\/posts"}],"about":[{"href":"https:\/\/smago.de\/ws2\/wp-json\/wp\/v2\/types\/post"}],"author":[{"embeddable":true,"href":"https:\/\/smago.de\/ws2\/wp-json\/wp\/v2\/users\/2"}],"replies":[{"embeddable":true,"href":"https:\/\/smago.de\/ws2\/wp-json\/wp\/v2\/comments?post=230217"}],"version-history":[{"count":4,"href":"https:\/\/smago.de\/ws2\/wp-json\/wp\/v2\/posts\/230217\/revisions"}],"predecessor-version":[{"id":230222,"href":"https:\/\/smago.de\/ws2\/wp-json\/wp\/v2\/posts\/230217\/revisions\/230222"}],"wp:featuredmedia":[{"embeddable":true,"href":"https:\/\/smago.de\/ws2\/wp-json\/wp\/v2\/media\/230218"}],"wp:attachment":[{"href":"https:\/\/smago.de\/ws2\/wp-json\/wp\/v2\/media?parent=230217"}],"wp:term":[{"taxonomy":"category","embeddable":true,"href":"https:\/\/smago.de\/ws2\/wp-json\/wp\/v2\/categories?post=230217"},{"taxonomy":"post_tag","embeddable":true,"href":"https:\/\/smago.de\/ws2\/wp-json\/wp\/v2\/tags?post=230217"}],"curies":[{"name":"wp","href":"https:\/\/api.w.org\/{rel}","templated":true}]}}