{"id":229354,"date":"2024-08-28T00:00:29","date_gmt":"2024-08-27T22:00:29","guid":{"rendered":"https:\/\/smago.de\/ws2\/?p=229354"},"modified":"2024-08-27T09:09:01","modified_gmt":"2024-08-27T07:09:01","slug":"susan-ebrahimi-sie-ist-fuer-immer-verliebt","status":"publish","type":"post","link":"https:\/\/smago.de\/ws2\/pop-schlager\/susan-ebrahimi-sie-ist-fuer-immer-verliebt\/","title":{"rendered":"SUSAN EBRAHIMI <br>Sie ist &#8222;F\u00fcr immer verliebt&#8220;!"},"content":{"rendered":"<p>Die n\u00e4chste Single-Auskopplung aus ihrem ungemein facettenreichen Album &#8222;Hollywood&#8220; erscheint am 20.09.2024!<br \/>\n<!--more--><\/p>\n<p>&nbsp;<\/p>\n<p>&nbsp;<\/p>\n<p>&nbsp;<\/p>\n<p style=\"text-align: justify;\">&#8222;F\u00fcr immer verliebt&#8220; ist ein wundersch\u00f6ner Ausdruck, der die Idee einer tiefen, best\u00e4ndigen Liebe vermittelt, die die Zeit \u00fcberdauert. Es beschreibt ein Gef\u00fchl, das \u00fcber die erste Verliebtheit hinausgeht und in eine tiefe, reife Liebe \u00fcbergeht, die trotz aller Herausforderungen und Ver\u00e4nderungen im Leben bestehen bleibt.<\/p>\n<p style=\"text-align: justify;\">Diese Verbindung sagt uns, dass Liebe nicht nur ein fl\u00fcchtiges Gef\u00fchl ist, sondern eine bewusste Entscheidung, die man jeden Tag aufs Neue trifft. Es bedeutet, sich f\u00fcr die Liebe zu engagieren, auch wenn die Dinge mal schwierig werden, und die Sch\u00f6nheit in den allt\u00e4glichen Momenten zu finden, die man mit dem geliebten Menschen teilt.<\/p>\n<p style=\"text-align: justify;\">Also, was gibt es Sch\u00f6neres, als wenn das Gegen\u00fcber der \u201eRhythmus, der bleibt\u201c ist<\/p>\n<p style=\"text-align: justify;\">und mit seiner Energie immer am Puls der Zeit ist?<\/p>\n<p style=\"text-align: justify;\">&#8222;F\u00fcr immer verliebt&#8220; ist mehr als nur eine romantische Vorstellung; es ist ein Versprechen, dass die Liebe stark genug ist, um den Test der Zeit zu bestehen.<\/p>\n<p style=\"text-align: justify;\">Ein Song aus SUSAN EBRAHIMIs \u00a0Album &#8222;Gesichter&#8220;.<\/p>\n<p>&nbsp;<\/p>\n<p><img decoding=\"async\" loading=\"lazy\" class=\"alignnone size-large wp-image-229358\" src=\"https:\/\/smago.de\/ws2\/wp-content\/uploads\/2024\/08\/Cover-Fuer-immer-verliebt-R-800x800.jpg\" alt=\"\" width=\"800\" height=\"800\" srcset=\"https:\/\/smago.de\/ws2\/wp-content\/uploads\/2024\/08\/Cover-Fuer-immer-verliebt-R-800x800.jpg 800w, https:\/\/smago.de\/ws2\/wp-content\/uploads\/2024\/08\/Cover-Fuer-immer-verliebt-R-522x522.jpg 522w, https:\/\/smago.de\/ws2\/wp-content\/uploads\/2024\/08\/Cover-Fuer-immer-verliebt-R-150x150.jpg 150w, https:\/\/smago.de\/ws2\/wp-content\/uploads\/2024\/08\/Cover-Fuer-immer-verliebt-R-768x768.jpg 768w, https:\/\/smago.de\/ws2\/wp-content\/uploads\/2024\/08\/Cover-Fuer-immer-verliebt-R-1536x1536.jpg 1536w, https:\/\/smago.de\/ws2\/wp-content\/uploads\/2024\/08\/Cover-Fuer-immer-verliebt-R-2048x2048.jpg 2048w, https:\/\/smago.de\/ws2\/wp-content\/uploads\/2024\/08\/Cover-Fuer-immer-verliebt-R-272x272.jpg 272w, https:\/\/smago.de\/ws2\/wp-content\/uploads\/2024\/08\/Cover-Fuer-immer-verliebt-R-600x600.jpg 600w, https:\/\/smago.de\/ws2\/wp-content\/uploads\/2024\/08\/Cover-Fuer-immer-verliebt-R-130x130.jpg 130w, https:\/\/smago.de\/ws2\/wp-content\/uploads\/2024\/08\/Cover-Fuer-immer-verliebt-R-445x445.jpg 445w, https:\/\/smago.de\/ws2\/wp-content\/uploads\/2024\/08\/Cover-Fuer-immer-verliebt-R-190x190.jpg 190w, https:\/\/smago.de\/ws2\/wp-content\/uploads\/2024\/08\/Cover-Fuer-immer-verliebt-R-290x290.jpg 290w\" sizes=\"(max-width: 800px) 100vw, 800px\" \/><\/p>\n<p>&nbsp;<\/p>\n","protected":false},"excerpt":{"rendered":"<p>Die n\u00e4chste Single-Auskopplung aus ihrem ungemein facettenreichen Album &#8222;Hollywood&#8220; erscheint am 20.09.2024!<\/p>\n","protected":false},"author":2,"featured_media":229359,"comment_status":"open","ping_status":"closed","sticky":false,"template":"","format":"standard","meta":{"_FSMCFIC_featured_image_caption":"","_FSMCFIC_featured_image_nocaption":"","_FSMCFIC_featured_image_hide":""},"categories":[28],"tags":[360],"acf":[],"_links":{"self":[{"href":"https:\/\/smago.de\/ws2\/wp-json\/wp\/v2\/posts\/229354"}],"collection":[{"href":"https:\/\/smago.de\/ws2\/wp-json\/wp\/v2\/posts"}],"about":[{"href":"https:\/\/smago.de\/ws2\/wp-json\/wp\/v2\/types\/post"}],"author":[{"embeddable":true,"href":"https:\/\/smago.de\/ws2\/wp-json\/wp\/v2\/users\/2"}],"replies":[{"embeddable":true,"href":"https:\/\/smago.de\/ws2\/wp-json\/wp\/v2\/comments?post=229354"}],"version-history":[{"count":4,"href":"https:\/\/smago.de\/ws2\/wp-json\/wp\/v2\/posts\/229354\/revisions"}],"predecessor-version":[{"id":229360,"href":"https:\/\/smago.de\/ws2\/wp-json\/wp\/v2\/posts\/229354\/revisions\/229360"}],"wp:featuredmedia":[{"embeddable":true,"href":"https:\/\/smago.de\/ws2\/wp-json\/wp\/v2\/media\/229359"}],"wp:attachment":[{"href":"https:\/\/smago.de\/ws2\/wp-json\/wp\/v2\/media?parent=229354"}],"wp:term":[{"taxonomy":"category","embeddable":true,"href":"https:\/\/smago.de\/ws2\/wp-json\/wp\/v2\/categories?post=229354"},{"taxonomy":"post_tag","embeddable":true,"href":"https:\/\/smago.de\/ws2\/wp-json\/wp\/v2\/tags?post=229354"}],"curies":[{"name":"wp","href":"https:\/\/api.w.org\/{rel}","templated":true}]}}