{"id":229205,"date":"2024-08-24T00:00:26","date_gmt":"2024-08-23T22:00:26","guid":{"rendered":"https:\/\/smago.de\/ws2\/?p=229205"},"modified":"2024-08-23T17:46:25","modified_gmt":"2024-08-23T15:46:25","slug":"steffen-sturm-am-05-08-2024-erscheint-sein-song-wir-als-single","status":"publish","type":"post","link":"https:\/\/smago.de\/ws2\/pop-schlager\/steffen-sturm-am-05-08-2024-erscheint-sein-song-wir-als-single\/","title":{"rendered":"STEFFEN STURM <br>Am 05.08.2024 erscheint sein Song &#8222;WIR&#8220; als Single!"},"content":{"rendered":"<p>Denn: In Zeiten, in denen die Gesellschaft auseinander zu driften droht, gilt es, sich auf das Wesentliche zu besinnen und gemeinsam f\u00fcr ein gro\u00dfes Ganzes einzustehen &#8230;:<br \/>\n<!--more--><\/p>\n<p>&nbsp;<\/p>\n<p>&nbsp;<\/p>\n<p>&nbsp;<\/p>\n<p style=\"text-align: justify;\">WIR. Das sind drei kleine Buchstaben. Mit einer gro\u00dfe Message. Denn in Zeiten, in denen die Gesellschaft auseinander zu driften droht, gilt es, sich auf das Wesentliche zu besinnen und gemeinsam f\u00fcr ein gro\u00dfes Ganzes einzustehen.<\/p>\n<p style=\"text-align: justify;\">F\u00fcr eben diesen wichtigen Reminder steht STEFFEN STURM. Er nutzt die Kraft der Musik, um die Menschen daran zu erinnern, dass Gemeinschaft nur zusammen funktioniert.<\/p>\n<p style=\"text-align: justify;\">Wenn wir alle an einem Strang ziehen. Um \u201ewieder mit dem Herzen zu sehen\u201c &#8230;:<\/p>\n<p>&nbsp;<\/p>\n<p>&nbsp;<\/p>\n<p style=\"text-align: justify;\"><em>&#8222;Haben wir vergessen<\/em><br \/>\n<em>Wer wir wirklich sind<\/em><br \/>\n<em>Haben wir vergessen<\/em><br \/>\n<em>Was uns alles gelingt<\/em><br \/>\n<em>Wir haben die Kraft<\/em><br \/>\n<em>Neue Wege zu gehen<\/em><br \/>\n<em>Und auch in schweren Zeiten zusammenzustehen<\/em><br \/>\n<em>Ich glaub&#8216; an das Gute in dir und mir<\/em><br \/>\n<em>Ich w\u00e4hle statt Ich ein starkes Wir.&#8220;<\/em><\/p>\n<p>&nbsp;<\/p>\n<p>&nbsp;<\/p>\n<p style=\"text-align: justify;\">Mit seinem sDeb\u00fctalbum &#8222;Sturmzeit&#8220; hat Steffen Sturm, der in seiner langj\u00e4hrigen Karriere bereits als Schlagzeuger mit verschiedenen Bands Musikgr\u00f6\u00dfen wie Joe Cocker oder Herbert Gr\u00f6nemeyer als Support-Act begleitete, eine neue \u00c4ra eingel\u00e4utet. Denn der Musiker steht f\u00fcr Songs mit Tiefgang. F\u00fcr Melodien mit Wiedererkennungswert. Und Lyrics mit Empowerment.<\/p>\n<p style=\"text-align: justify;\">Somit scheint es nur folgerichtig, dass er seinen Fans mit WIR eine Single-Auskopplung der besonderen Art schenkt. Weil der Schlager-Rock-Song von unseren Ohren geradewegs ins Herz geht. Und uns dazu auffordert, Fragen zu stellen. Antworten einzufordern. Und gemeinsam f\u00fcr das einzustehen, wovon wir tr\u00e4umen: ein gro\u00dfes WIR.<\/p>\n","protected":false},"excerpt":{"rendered":"<p>Denn: In Zeiten, in denen die Gesellschaft auseinander zu driften droht, gilt es, sich auf das Wesentliche zu besinnen und<\/p>\n","protected":false},"author":2,"featured_media":229206,"comment_status":"open","ping_status":"closed","sticky":false,"template":"","format":"standard","meta":{"_FSMCFIC_featured_image_caption":"","_FSMCFIC_featured_image_nocaption":"","_FSMCFIC_featured_image_hide":""},"categories":[28,39],"tags":[2451],"acf":[],"_links":{"self":[{"href":"https:\/\/smago.de\/ws2\/wp-json\/wp\/v2\/posts\/229205"}],"collection":[{"href":"https:\/\/smago.de\/ws2\/wp-json\/wp\/v2\/posts"}],"about":[{"href":"https:\/\/smago.de\/ws2\/wp-json\/wp\/v2\/types\/post"}],"author":[{"embeddable":true,"href":"https:\/\/smago.de\/ws2\/wp-json\/wp\/v2\/users\/2"}],"replies":[{"embeddable":true,"href":"https:\/\/smago.de\/ws2\/wp-json\/wp\/v2\/comments?post=229205"}],"version-history":[{"count":2,"href":"https:\/\/smago.de\/ws2\/wp-json\/wp\/v2\/posts\/229205\/revisions"}],"predecessor-version":[{"id":229208,"href":"https:\/\/smago.de\/ws2\/wp-json\/wp\/v2\/posts\/229205\/revisions\/229208"}],"wp:featuredmedia":[{"embeddable":true,"href":"https:\/\/smago.de\/ws2\/wp-json\/wp\/v2\/media\/229206"}],"wp:attachment":[{"href":"https:\/\/smago.de\/ws2\/wp-json\/wp\/v2\/media?parent=229205"}],"wp:term":[{"taxonomy":"category","embeddable":true,"href":"https:\/\/smago.de\/ws2\/wp-json\/wp\/v2\/categories?post=229205"},{"taxonomy":"post_tag","embeddable":true,"href":"https:\/\/smago.de\/ws2\/wp-json\/wp\/v2\/tags?post=229205"}],"curies":[{"name":"wp","href":"https:\/\/api.w.org\/{rel}","templated":true}]}}