{"id":229144,"date":"2024-08-23T00:00:35","date_gmt":"2024-08-22T22:00:35","guid":{"rendered":"https:\/\/smago.de\/ws2\/?p=229144"},"modified":"2024-08-24T12:10:23","modified_gmt":"2024-08-24T10:10:23","slug":"pascal-silva-mit-la-noche-de-fuego-erzaehlt-er-von-einer-magischen-nacht-in-spanien","status":"publish","type":"post","link":"https:\/\/smago.de\/ws2\/pop-schlager\/pascal-silva-mit-la-noche-de-fuego-erzaehlt-er-von-einer-magischen-nacht-in-spanien\/","title":{"rendered":"PASCAL SILVA <br>Mit \u201eLa noche de fuego\u201c erz\u00e4hlt er von einer magischen Nacht in Spanien!"},"content":{"rendered":"<p>Der Schweizer (!) entf\u00fchrt seine Fans mit seiner neuen Single nach Valencia und bringt spanisches Flair in die Urlaubszeit!<br \/>\n<!--more--><\/p>\n<p>&nbsp;<\/p>\n<p>&nbsp;<\/p>\n<p>&nbsp;<\/p>\n<p style=\"text-align: justify;\">Mit seiner neuen Single \u201eLa noche de fuego\u201c bringt der Schweizer PASCAL SILVA, der einen Teil seines Lebens auch in der Dominikanischen Republik verbracht hat und somit f\u00fcr sommerlich-hei\u00dfe Musik zu haben ist, seinen Fans spanisches Flair direkt in die Urlaubszeit. Sein neuer Song erz\u00e4hlt von einer unvergesslichen Reise nach Spanien, von der er als Kind immer getr\u00e4umt hat.<\/p>\n<p style=\"text-align: justify;\">W\u00e4hrend seines Aufenthalts in einer Taverne erf\u00e4hrt er von der legend\u00e4ren Fiesta am Meer, bei der eine gewisse Rosita, eine hei\u00df begehrte T\u00e4nzerin, im Mittelpunkt steht. Rosita wird als faszinierende Mischung aus \u201eL\u00f6win und Lamm\u201c beschrieben \u2013 leidenschaftlich und charmant, die die Herzen der M\u00e4nnerwelt im Sturm zu erobern versteht.<\/p>\n<p style=\"text-align: justify;\">Die Geschichte entfaltet sich fast wie im M\u00e4rchen: PASCAL (als erz\u00e4hlender Protagonist \u2013 fiktiv, versteht sich) und Rosita verlieben sich ineinander und heiraten \u201eunter Orchideen\u201c. Die gemeinsame Zeit wird durch magische Mandolinen-Kl\u00e4nge untermalt, die das pure Gl\u00fcck und die Sch\u00f6nheit ihres Moments widerspiegeln. In Valencia, bei \u201eLa noche de fuego\u201c (Die Nacht des Feuers), beginnt ihre leidenschaftliche Beziehung, und sie erleben eine unvergessliche Fiesta, die sie erneut tanzen und feiern l\u00e4sst \u2013 olala\u2026<\/p>\n<p style=\"text-align: justify;\">Der Text beschreibt eindrucksvoll, wie der Rhythmus und die Atmosph\u00e4re der Fiesta ihre Gef\u00fchle intensivieren. Die wiederholte Feier und die Tanzeinlagen im Sand unterstreichen das Abenteuer und die emotionale Tiefe ihrer Beziehung, die von den Kastagnetten Kl\u00e4ngen und der feurigen Stimmung getragen wird.<\/p>\n<p style=\"text-align: justify;\">PASCAL SILVA, der sich in der deutschsprachigen Schlagerwelt bereits einen Namen gemacht hat, setzt mit \u201eLa noche de fuego\u201c seinen Erfolgskurs fort. Bekannt aus TV-Shows wie \u201eWillkommen bei Carmen Nebel\u201c und entdeckt von JACK WHITE, hat PASCAL k\u00fcrzlich ein bemerkenswertes Album ver\u00f6ffentlicht, das von ROLF WETEZEL produziert wurde. Mit diesem neuen Song, ebenfalls aus der Feder von ROLF WETZEL (Co-Autorin GINA GRANGET) bringt der Schweizer PASCAL SILVA ein St\u00fcck spanische Magie und Leidenschaft in die Herzen der Fans.<\/p>\n<p>&nbsp;<\/p>\n<p>&nbsp;<\/p>\n<p>&nbsp;<\/p>\n<p style=\"text-align: justify;\"><img decoding=\"async\" loading=\"lazy\" class=\"alignnone size-large wp-image-228277\" src=\"https:\/\/smago.de\/ws2\/wp-content\/uploads\/2024\/08\/silva_la_back-800x800.jpeg\" alt=\"\" width=\"800\" height=\"800\" srcset=\"https:\/\/smago.de\/ws2\/wp-content\/uploads\/2024\/08\/silva_la_back-800x800.jpeg 800w, https:\/\/smago.de\/ws2\/wp-content\/uploads\/2024\/08\/silva_la_back-522x522.jpeg 522w, https:\/\/smago.de\/ws2\/wp-content\/uploads\/2024\/08\/silva_la_back-150x150.jpeg 150w, https:\/\/smago.de\/ws2\/wp-content\/uploads\/2024\/08\/silva_la_back-768x768.jpeg 768w, https:\/\/smago.de\/ws2\/wp-content\/uploads\/2024\/08\/silva_la_back-1536x1536.jpeg 1536w, https:\/\/smago.de\/ws2\/wp-content\/uploads\/2024\/08\/silva_la_back-2048x2048.jpeg 2048w, https:\/\/smago.de\/ws2\/wp-content\/uploads\/2024\/08\/silva_la_back-272x272.jpeg 272w, https:\/\/smago.de\/ws2\/wp-content\/uploads\/2024\/08\/silva_la_back-600x600.jpeg 600w, https:\/\/smago.de\/ws2\/wp-content\/uploads\/2024\/08\/silva_la_back-130x130.jpeg 130w, https:\/\/smago.de\/ws2\/wp-content\/uploads\/2024\/08\/silva_la_back-445x445.jpeg 445w, https:\/\/smago.de\/ws2\/wp-content\/uploads\/2024\/08\/silva_la_back-190x190.jpeg 190w, https:\/\/smago.de\/ws2\/wp-content\/uploads\/2024\/08\/silva_la_back-290x290.jpeg 290w\" sizes=\"(max-width: 800px) 100vw, 800px\" \/><\/p>\n","protected":false},"excerpt":{"rendered":"<p>Der Schweizer (!) entf\u00fchrt seine Fans mit seiner neuen Single nach Valencia und bringt spanisches Flair in die Urlaubszeit!<\/p>\n","protected":false},"author":2,"featured_media":228278,"comment_status":"open","ping_status":"closed","sticky":false,"template":"","format":"standard","meta":{"_FSMCFIC_featured_image_caption":"","_FSMCFIC_featured_image_nocaption":"","_FSMCFIC_featured_image_hide":""},"categories":[28],"tags":[2541],"acf":[],"_links":{"self":[{"href":"https:\/\/smago.de\/ws2\/wp-json\/wp\/v2\/posts\/229144"}],"collection":[{"href":"https:\/\/smago.de\/ws2\/wp-json\/wp\/v2\/posts"}],"about":[{"href":"https:\/\/smago.de\/ws2\/wp-json\/wp\/v2\/types\/post"}],"author":[{"embeddable":true,"href":"https:\/\/smago.de\/ws2\/wp-json\/wp\/v2\/users\/2"}],"replies":[{"embeddable":true,"href":"https:\/\/smago.de\/ws2\/wp-json\/wp\/v2\/comments?post=229144"}],"version-history":[{"count":4,"href":"https:\/\/smago.de\/ws2\/wp-json\/wp\/v2\/posts\/229144\/revisions"}],"predecessor-version":[{"id":229219,"href":"https:\/\/smago.de\/ws2\/wp-json\/wp\/v2\/posts\/229144\/revisions\/229219"}],"wp:featuredmedia":[{"embeddable":true,"href":"https:\/\/smago.de\/ws2\/wp-json\/wp\/v2\/media\/228278"}],"wp:attachment":[{"href":"https:\/\/smago.de\/ws2\/wp-json\/wp\/v2\/media?parent=229144"}],"wp:term":[{"taxonomy":"category","embeddable":true,"href":"https:\/\/smago.de\/ws2\/wp-json\/wp\/v2\/categories?post=229144"},{"taxonomy":"post_tag","embeddable":true,"href":"https:\/\/smago.de\/ws2\/wp-json\/wp\/v2\/tags?post=229144"}],"curies":[{"name":"wp","href":"https:\/\/api.w.org\/{rel}","templated":true}]}}