{"id":228771,"date":"2024-08-15T23:58:42","date_gmt":"2024-08-15T21:58:42","guid":{"rendered":"https:\/\/smago.de\/ws2\/?p=228771"},"modified":"2024-08-15T19:00:20","modified_gmt":"2024-08-15T17:00:20","slug":"volker-heissmann-martin-rassau-fr-16-08-2024-br-fernsehen-heissmann-rassau-franken-fuer-anfaenger","status":"publish","type":"post","link":"https:\/\/smago.de\/ws2\/nonsens\/volker-heissmann-martin-rassau-fr-16-08-2024-br-fernsehen-heissmann-rassau-franken-fuer-anfaenger\/","title":{"rendered":"VOLKER HEI\u00dfMANN &#038; MARTIN RASSAU <br>Fr., 16.08.2024, BR Fernsehen: &#8222;Hei\u00dfmann &#038; Rassau&#8220; \u2013 &#8222;Franken f\u00fcr Anf\u00e4nger&#8220;!"},"content":{"rendered":"<p>22:00 Uhr &#8211; 22:45 Uhr (Wh.: 18.\/19.08. 00:15 Uhr &#8211; 01:00 Uhr)!<br \/>\n<!--more--><\/p>\n<p>&nbsp;<\/p>\n<p>&nbsp;<\/p>\n<p>&nbsp;<\/p>\n<p style=\"text-align: justify;\">Allm\u00e4chtna! Nicht nur die M\u00f6chtegern-Franken, sondern auch die Marotten ihrer Landsleute nehmen die F\u00fcrther Kom\u00f6dianten in ihrer Sketch-Show geh\u00f6rig auf die Schippe. Auch diesmal ist jede Menge Lachspa\u00df mit Volker Hei\u00dfmann und Martin Rassau garantiert.<\/p>\n<p style=\"text-align: justify;\">&#8222;Eher geht ein Kamel durch ein Nadel\u00f6hr&#8220;, als dass ein Preu\u00dfe den Einb\u00fcrgerungstest in Franken besteht \u2013 m\u00f6chte man meinen. Doch das gilt offenbar nicht f\u00fcr Waldemar (Martin Rassau) aus Niedersachsen, der sich beflissen vorbereitet hat. Siegessicher tritt der potenzielle Neub\u00fcrger zur Eignungspr\u00fcfung an, die auch einen Sprachtest vorsieht. Doch der fr\u00e4nkische Dialekt hat so seine T\u00fccken und dem selbstgef\u00e4lligen Pr\u00fcfer (Volker Hei\u00dfmann) wird schnell klar, dass er es bei Waldemar mit einem ausgewiesenen &#8222;Depperla&#8220; zu tun hat.Nicht nur die M\u00f6chtegern-Franken, sondern auch die Marotten ihrer Landsleute nehmen die F\u00fcrther Kom\u00f6dianten Volker Hei\u00dfmann und Martin Rassau in ihrer Sketch-Show geh\u00f6rig auf die Schippe.<\/p>\n<p style=\"text-align: justify;\">Nat\u00fcrlich d\u00fcrfen auch die Kult-Witwen Waltraud und Mariechen nicht fehlen, die im Caf\u00e9 mit Sahnetorte und Keksen ihren Cholesterinspiegel beleben und gen\u00fcsslich \u00fcber Gott und die fr\u00e4nkische Welt herziehen.<\/p>\n","protected":false},"excerpt":{"rendered":"<p>22:00 Uhr &#8211; 22:45 Uhr (Wh.: 18.\/19.08. 00:15 Uhr &#8211; 01:00 Uhr)!<\/p>\n","protected":false},"author":2,"featured_media":228772,"comment_status":"open","ping_status":"closed","sticky":false,"template":"","format":"standard","meta":{"_FSMCFIC_featured_image_caption":"","_FSMCFIC_featured_image_nocaption":"","_FSMCFIC_featured_image_hide":""},"categories":[23,128],"tags":[1287],"acf":[],"_links":{"self":[{"href":"https:\/\/smago.de\/ws2\/wp-json\/wp\/v2\/posts\/228771"}],"collection":[{"href":"https:\/\/smago.de\/ws2\/wp-json\/wp\/v2\/posts"}],"about":[{"href":"https:\/\/smago.de\/ws2\/wp-json\/wp\/v2\/types\/post"}],"author":[{"embeddable":true,"href":"https:\/\/smago.de\/ws2\/wp-json\/wp\/v2\/users\/2"}],"replies":[{"embeddable":true,"href":"https:\/\/smago.de\/ws2\/wp-json\/wp\/v2\/comments?post=228771"}],"version-history":[{"count":3,"href":"https:\/\/smago.de\/ws2\/wp-json\/wp\/v2\/posts\/228771\/revisions"}],"predecessor-version":[{"id":228775,"href":"https:\/\/smago.de\/ws2\/wp-json\/wp\/v2\/posts\/228771\/revisions\/228775"}],"wp:featuredmedia":[{"embeddable":true,"href":"https:\/\/smago.de\/ws2\/wp-json\/wp\/v2\/media\/228772"}],"wp:attachment":[{"href":"https:\/\/smago.de\/ws2\/wp-json\/wp\/v2\/media?parent=228771"}],"wp:term":[{"taxonomy":"category","embeddable":true,"href":"https:\/\/smago.de\/ws2\/wp-json\/wp\/v2\/categories?post=228771"},{"taxonomy":"post_tag","embeddable":true,"href":"https:\/\/smago.de\/ws2\/wp-json\/wp\/v2\/tags?post=228771"}],"curies":[{"name":"wp","href":"https:\/\/api.w.org\/{rel}","templated":true}]}}