{"id":228549,"date":"2024-08-09T00:00:05","date_gmt":"2024-08-08T22:00:05","guid":{"rendered":"https:\/\/smago.de\/ws2\/?p=228549"},"modified":"2024-08-09T20:54:11","modified_gmt":"2024-08-09T18:54:11","slug":"goetz-alsmann-joey-kelly-u-a-heute-09-08-2024-ndr-talk-show","status":"publish","type":"post","link":"https:\/\/smago.de\/ws2\/schlager\/goetz-alsmann-joey-kelly-u-a-heute-09-08-2024-ndr-talk-show\/","title":{"rendered":"G\u00d6TZ ALSMANN, JOEY KELLY u.a. <br>Heute, 09.08.2024: &#8222;NDR Talk Show&#8220;!"},"content":{"rendered":"<p>NDR Fernsehen + HR Fernsehen, 22:00 Uhr &#8211; 00:00 Uhr! Moderation: Bettina Tietjen und Laura Larsson!<br \/>\n<!--more--><\/p>\n<p>&nbsp;<\/p>\n<p>&nbsp;<\/p>\n<p style=\"text-align: justify;\">\n<p style=\"text-align: justify;\">Bettina Tietjen hat im Wechsel der Moderationsduos erneut eine neue Partnerin an ihrer Seite: Laura Larsson.<\/p>\n<p style=\"text-align: justify;\">F\u00fcr ihre humorvolle Schlagfertigkeit ist sie besonders bekannt, denn als Radiomoderatorin bei &#8222;1Live&#8220; nimmt Laura Larsson ebenso wenig ein Blatt vor den Mund wie in ihren \u00e4u\u00dferst erfolgreichen Podcasts &#8222;Herrengedeck&#8220; und &#8222;Zum Scheitern verurteilt&#8220;. Nachdem die geb\u00fcrtige Mecklenburg-Vorpommerin das Gro\u00dfstadtleben in Berlin gegen das Leben in der Kleinstadt Parchim eingetauscht hat, geht sie nun von dort aus regelm\u00e4\u00dfig auf &#8222;Ortskontrollfahrt&#8220; &#8211; und zwar mit ihrer gleichnamigen Solo-Comedy Show auf gro\u00dfe Deutschland-Tournee.<\/p>\n<p style=\"text-align: justify;\">\n<p style=\"text-align: justify;\">\n<p style=\"text-align: justify;\">\n<p style=\"text-align: justify;\">\n<p style=\"text-align: justify;\">Bettina Tietjen und Laura Larsson begr\u00fc\u00dfen in der NDR Talk Show aus Hamburg folgende G\u00e4ste &#8230;:<\/p>\n<h2 style=\"text-align: justify;\">Michaela May, Schauspielerin<\/h2>\n<div class=\"contentimage w50\" style=\"text-align: justify;\"><\/div>\n<p style=\"text-align: justify;\">Seit ihrem 17. Lebensjahr steht sie auf der B\u00fchne, mit 22 Jahren erlebt sie dank der &#8222;M\u00fcnchner Geschichten&#8220; und &#8222;Monaco Franze&#8220; ihren Durchbruch: Michaela May geh\u00f6rt zu den beliebtesten Schauspielerinnen des Landes. F\u00fcr ihre zahlreichen Rollen in mehr als 50 Jahren Karriere hat sie alles an Preisen abger\u00e4umt, was die Filmbranche zu bieten hat, u.a. den &#8222;Ehren-Bambi&#8220; oder den Bayerischen Fernsehpreis. Neben viel Glanz und Glamour zeigt die 72-J\u00e4hrige auch ein gro\u00dfes soziales Engagement. Sie ist Schirmherrin von RETLA e.V. Der Verein initiiert Projekte, die die Lebensqualit\u00e4t von Senior*innen verbessern sollen und sich z. B. gegen die Vereinsamung einsetzen. &#8222;Es kann nicht sein, dass zunehmend mehr Menschen im Alter vereinsamen, da braucht es dringend ein Umdenken und einen aktiven Einsatz.&#8220; Warum wir nicht nur am 21. August, dem Tag der Senioren, an die \u00e4lteren Menschen denken sollten und was sie sich selbst f\u00fcrs \u00c4lterwerden w\u00fcnscht, erz\u00e4hlt Michaela May in der NDR Talk Show.<\/p>\n<p>&nbsp;<\/p>\n<p>&nbsp;<\/p>\n<p>&nbsp;<\/p>\n<p>&nbsp;<\/p>\n<h2 style=\"text-align: justify;\">Joey Kelly, Musiker und Extremsportler<\/h2>\n<p>&nbsp;<\/p>\n<div class=\"contentimage w50\" style=\"text-align: justify;\"><\/div>\n<p style=\"text-align: justify;\">Dieser Mann lebt und liebt die Extreme: Eine unglaubliche Disziplin als Extremsportler auf der einen Seite und eine unvergleichliche Fan-Hysterie als Mitglied der Kelly-Family auf der anderen Seite. Vor genau 30 Jahren findet das legend\u00e4rste Konzert der Band statt, als sie als Stra\u00dfenmusiker vor der ausverkauften Westfalenhalle spielen &#8211; der Durchbruch! Rekorde bricht der 51-J\u00e4hrige immer noch. Der vierfache Vater hat so ziemlich jede sportliche Herausforderung der Welt gemeistert: Er absolviert acht Ironman-Triathlons in einem Jahr, l\u00e4uft \u00fcber 50 Marathons, bereist mit Markus Lanz und bei -40 Grad zu Fu\u00df den S\u00fcdpol und rennt \u00fcber 300 km durch die W\u00fcste. Auch seine Familie zieht bei den Abenteuern mit: Gemeinsam mit seiner Frau und seinen Kindern und im Bus hat er die &#8222;Panamericana&#8220; bereist, eine 30.000 Kilometer lange Strecke von Kanada bis Feuerland. Vom Reisen mit der Familie, welche Erfahrungen er auf seiner neuesten Tour gemacht hat &#8211; einer Wanderung zur Zugspitze mit Anf\u00e4ngern &#8211; und warum er den legend\u00e4ren &#8222;Kelly-Family&#8220;-Bus restauriert, erz\u00e4hlt Joey Kelly in der NDR Talk Show.<\/p>\n<p>&nbsp;<\/p>\n<p>&nbsp;<\/p>\n<p>&nbsp;<\/p>\n<p>&nbsp;<\/p>\n<h2 style=\"text-align: justify;\">Janin Ullmann, Moderatorin<\/h2>\n<div class=\"contentimage w50\" style=\"text-align: justify;\"><\/div>\n<p style=\"text-align: justify;\">Mit 18 Jahren wird Janin Ullmann vom Musiksender Viva als Moderatorin entdeckt, richtig bekannt macht sie aber ihre Rolle als Lotta in der Telenovela &#8222;Lotta in Love&#8220;. Sie w\u00e4chst mit ihrer Schwester und ihrer Mutter im DDR-Plattenbau in Erfurt auf, h\u00e4ngt mit Clueso ab und macht Breakdance. Ihr Talent f\u00fcrs Tanzen und ihre fr\u00fchere Ballett-Ausbildung bringen sie vor zwei Jahren bis ins Finale von &#8222;Let&#8217;s Dance&#8220;. Mittlerweile moderiert sie u.a. das RTL+ Format &#8222;Make Love Fake Love&#8220;, eine Kuppel-Show f\u00fcr Traumfrauen. Frauen liegen ihr auch besonders am Herzen: Sie engagiert sich f\u00fcr eine Initiative, die kostenlose Selbstverteidigungskurse f\u00fcr Frauen anbietet und sie hat einen Finanz-Podcast f\u00fcr Frauen ins Leben gerufen. Weil Frauen besonders h\u00e4ufig von Altersarmut betroffen sind, m\u00f6chte sie mit Hilfe von Expertinnen kluge Strategien zur Geldanlage weitergeben. Ihre ganz hei\u00dfen Tipps verr\u00e4t Janin Ullmann in der NDR Talk Show.<\/p>\n<p>&nbsp;<\/p>\n<p>&nbsp;<\/p>\n<p>&nbsp;<\/p>\n<p>&nbsp;<\/p>\n<h2 style=\"text-align: justify;\">G\u00f6tz Alsmann, Musiker und Entertainer<\/h2>\n<div class=\"contentimage w50\" style=\"text-align: justify;\"><\/div>\n<p style=\"text-align: justify;\">Sein Markenzeichen ist die Tolle im Haar, die Brille und die feinen Anz\u00fcge. G\u00f6tz Alsmann liebt und lebt den Stil und die Musik der 20er- bis 50er-Jahre. Er gilt als unangefochtener &#8222;K\u00f6nig des deutschen Jazzschlagers&#8220; und ist auch promovierter Musikwissenschaftler. &#8222;Nichts als Krach&#8220; ist der Titel seiner Doktorarbeit \u00fcber amerikanische Popmusik zwischen 1943 und 1963. Best\u00e4ndigkeit zeichnet ihn aus &#8211; 20 Jahre moderiert er erfolgreich mit Christine Westermann die beliebte WDR-Sendung &#8222;Zimmer frei&#8220;, 37 Jahre ist er mit seiner Frau Brigitte verheiratet und bis heute lebt er in seiner Heimatstadt M\u00fcnster. Nun erscheint sein neues Album &#8222;G\u00f6tz Alsmann bei Nacht&#8220;. Der Nachtschw\u00e4rmer ist nicht nur Multiinstrumentalist, S\u00e4nger, Showmaster, Musikproduzent und -arrangeur, sondern auch Sammler. Er hat eine beachtliche Keramik- und Glas-Kollektion aus den f\u00fcnfziger Jahren, sowie eine Schallplattensammlung von weit \u00fcber 10.000 Exemplaren. Was ihm in seiner Sammlung noch fehlt, erz\u00e4hlt er in der NDR Talk Show.<\/p>\n<p>&nbsp;<\/p>\n<p>&nbsp;<\/p>\n<p>&nbsp;<\/p>\n<p>&nbsp;<\/p>\n<h2 style=\"text-align: justify;\">Fan Xia, Designerin und Brautausstatterin<\/h2>\n<div class=\"contentimage w50\" style=\"text-align: justify;\"><\/div>\n<p style=\"text-align: justify;\">Kleider designen &#8211; davon tr\u00e4umt Fan Xia schon als Kind. Also macht sich die geb\u00fcrtige Chinesin daran, ihren Wunsch in die Tat umzusetzen. Mit 16 zieht sie von Shanghai nach M\u00fcnchen, absolviert eine Schneiderlehre und dann ein Modedesign-Studium. Den Abschluss in der Tasche, gr\u00fcndet die Fashionista ein Modelabel. Aber damit nicht genug: 2013 er\u00f6ffnet sie ihr eigenes Brautmodengesch\u00e4ft &#8222;White Silhouette&#8220;. Ihre Bilanz? Mehr als 10.000 Br\u00e4ute und verkaufte Kleider &#8211; viele davon selbst kreiert. Inzwischen begeistert die Designerin auch im Fernsehen, wenn sie Br\u00e4uten in der Vox-Sendung &#8222;Zwischen T\u00fcll und Tr\u00e4nen&#8220; zum Traumkleid verhilft. Dabei l\u00e4uteten f\u00fcr sie erst vergangenes Jahr selbst die Hochzeitsglocken. Welche Looks sie sich f\u00fcr ihren gro\u00dfen Tag geschneidert hat und wie es ist, regelm\u00e4\u00dfig f\u00fcr Freudentr\u00e4nen zu sorgen, dar\u00fcber spricht Fan Xia in der NDR Talk Show.<\/p>\n<p>&nbsp;<\/p>\n<p>&nbsp;<\/p>\n<p>&nbsp;<\/p>\n<p>&nbsp;<\/p>\n<h2 style=\"text-align: justify;\">Ralph Orth, Unternehmer<\/h2>\n<div class=\"contentimage w50\" style=\"text-align: justify;\"><\/div>\n<p style=\"text-align: justify;\">Die Nacht vom 14. auf den 15. Juli 2021 ver\u00e4ndert im Leben von Familie Orth alles: Bei der verheerenden Flutkatastrophe im Ahrtal kommt Johanna ums Leben. Johanna ist zu der Zeit gerade mal 22 Jahre alt, B\u00e4ckerin und Konditormeisterin mit dem Wunsch einer eigenen Konditorei. Die trauernden Eltern k\u00f6nnen ihre Tochter nicht zur\u00fcckholen, entscheiden aber, Johannas Traum f\u00fcr sie weiterzuleben: Anfang 2024 er\u00f6ffnen sie mit dem Chefp\u00e2tissier und Betriebsleiter Marcel Reinhardt die &#8222;P\u00e2tisserie Johanna&#8220; in der Hamburger Speicherstadt &#8211; auch als Teil des Heilungsprozesses. Mit der bereits preisgekr\u00f6nten P\u00e2tisserie hat Ralph Orth, der nun regelm\u00e4\u00dfig von Bad Neuenahr-Ahrweiler nach Hamburg pendelt, nicht nur eine Anlaufstelle f\u00fcr s\u00fc\u00dfen Hochgenuss geschaffen, sondern zeigt auf inspirierende Weise, wie mit Trauer und Schmerz umgegangen werden kann.<\/p>\n<p>&nbsp;<\/p>\n<p>&nbsp;<\/p>\n<p>&nbsp;<\/p>\n<p>&nbsp;<\/p>\n<h2 style=\"text-align: justify;\">Lydia M\u00f6cklinghoff, Zoologin<\/h2>\n<p>&nbsp;<\/p>\n<div class=\"contentimage w50\" style=\"text-align: justify;\"><\/div>\n<p style=\"text-align: justify;\">Diese Frau hat ihren Beruf und ihre Berufung in den Tieren der Wildnis gefunden: Lydia M\u00f6cklinghoff ist Zoologin, Tropen\u00f6kologin sowie Wissenschaftsjournalistin und bezeichnet sich als &#8222;wildnisverr\u00fcckte Abenteurerin&#8220;. Die K\u00f6lnerin ist au\u00dferdem die Ameisenb\u00e4r-Expertin des Landes und hat das weltweite Wissen \u00fcber Ameisenb\u00e4ren entscheidend vorangebracht. Jedes Jahr f\u00e4hrt sie f\u00fcr ihre Langzeitstudie drei Monate nach Brasilien. Durch Forschungsaufenthalte auf der ganzen Welt wei\u00df sie, dass manche Tiere sich in einer f\u00fcr uns nicht wahrnehmbaren Geheimsprache \u00fcber tausende von Kilometern unterhalten und andere auch mal rasch ihr Geschlecht wechseln k\u00f6nnen. Ihr Wissen gibt die 43-J\u00e4hrige in ihrem Podcast &#8222;Tierisch&#8220; weiter, und zwar auf unterhaltsame Art und Weise. &#8222;Nur durch Begeisterung f\u00fcr die wilde Seite unserer Erde sind Menschen f\u00fcr Natur- und Artenschutz zu mobilisieren&#8220;, so die Wissenschaftlerin. Welches Tier den Pokal als Weichtier des Jahres gewonnen hat, ob es wirklich tierische Orakel gibt und was alle f\u00fcr mehr Artenreichtum machen k\u00f6nnen, erz\u00e4hlt sie in der NDR Talk Show.<\/p>\n<p>&nbsp;<\/p>\n<p>&nbsp;<\/p>\n<figure id=\"attachment_228550\" aria-describedby=\"caption-attachment-228550\" style=\"width: 800px\" class=\"wp-caption alignnone\"><img decoding=\"async\" loading=\"lazy\" class=\"size-large wp-image-228550\" src=\"https:\/\/smago.de\/ws2\/wp-content\/uploads\/2024\/08\/moderatoren2572_v-fullhd.jpg-800x450.jpg\" alt=\"\" width=\"800\" height=\"450\" srcset=\"https:\/\/smago.de\/ws2\/wp-content\/uploads\/2024\/08\/moderatoren2572_v-fullhd.jpg-800x450.jpg 800w, https:\/\/smago.de\/ws2\/wp-content\/uploads\/2024\/08\/moderatoren2572_v-fullhd.jpg-522x294.jpg 522w, https:\/\/smago.de\/ws2\/wp-content\/uploads\/2024\/08\/moderatoren2572_v-fullhd.jpg-267x150.jpg 267w, https:\/\/smago.de\/ws2\/wp-content\/uploads\/2024\/08\/moderatoren2572_v-fullhd.jpg-768x432.jpg 768w, https:\/\/smago.de\/ws2\/wp-content\/uploads\/2024\/08\/moderatoren2572_v-fullhd.jpg-1536x864.jpg 1536w, https:\/\/smago.de\/ws2\/wp-content\/uploads\/2024\/08\/moderatoren2572_v-fullhd.jpg-392x221.jpg 392w, https:\/\/smago.de\/ws2\/wp-content\/uploads\/2024\/08\/moderatoren2572_v-fullhd.jpg-130x73.jpg 130w, https:\/\/smago.de\/ws2\/wp-content\/uploads\/2024\/08\/moderatoren2572_v-fullhd.jpg-791x445.jpg 791w, https:\/\/smago.de\/ws2\/wp-content\/uploads\/2024\/08\/moderatoren2572_v-fullhd.jpg-870x489.jpg 870w, https:\/\/smago.de\/ws2\/wp-content\/uploads\/2024\/08\/moderatoren2572_v-fullhd.jpg-292x164.jpg 292w, https:\/\/smago.de\/ws2\/wp-content\/uploads\/2024\/08\/moderatoren2572_v-fullhd.jpg-435x245.jpg 435w, https:\/\/smago.de\/ws2\/wp-content\/uploads\/2024\/08\/moderatoren2572_v-fullhd.jpg-895x503.jpg 895w, https:\/\/smago.de\/ws2\/wp-content\/uploads\/2024\/08\/moderatoren2572_v-fullhd.jpg.jpg 1920w\" sizes=\"(max-width: 800px) 100vw, 800px\" \/><figcaption id=\"caption-attachment-228550\" class=\"wp-caption-text\"><em>Foto-Credit: NDR \/ Uwe Ernst<\/em><\/figcaption><\/figure>\n","protected":false},"excerpt":{"rendered":"<p>NDR Fernsehen + HR Fernsehen, 22:00 Uhr &#8211; 00:00 Uhr! Moderation: Bettina Tietjen und Laura Larsson!<\/p>\n","protected":false},"author":2,"featured_media":228550,"comment_status":"open","ping_status":"closed","sticky":false,"template":"","format":"standard","meta":{"_FSMCFIC_featured_image_caption":"","_FSMCFIC_featured_image_nocaption":"","_FSMCFIC_featured_image_hide":""},"categories":[29,128],"tags":[254],"acf":[],"_links":{"self":[{"href":"https:\/\/smago.de\/ws2\/wp-json\/wp\/v2\/posts\/228549"}],"collection":[{"href":"https:\/\/smago.de\/ws2\/wp-json\/wp\/v2\/posts"}],"about":[{"href":"https:\/\/smago.de\/ws2\/wp-json\/wp\/v2\/types\/post"}],"author":[{"embeddable":true,"href":"https:\/\/smago.de\/ws2\/wp-json\/wp\/v2\/users\/2"}],"replies":[{"embeddable":true,"href":"https:\/\/smago.de\/ws2\/wp-json\/wp\/v2\/comments?post=228549"}],"version-history":[{"count":1,"href":"https:\/\/smago.de\/ws2\/wp-json\/wp\/v2\/posts\/228549\/revisions"}],"predecessor-version":[{"id":228551,"href":"https:\/\/smago.de\/ws2\/wp-json\/wp\/v2\/posts\/228549\/revisions\/228551"}],"wp:featuredmedia":[{"embeddable":true,"href":"https:\/\/smago.de\/ws2\/wp-json\/wp\/v2\/media\/228550"}],"wp:attachment":[{"href":"https:\/\/smago.de\/ws2\/wp-json\/wp\/v2\/media?parent=228549"}],"wp:term":[{"taxonomy":"category","embeddable":true,"href":"https:\/\/smago.de\/ws2\/wp-json\/wp\/v2\/categories?post=228549"},{"taxonomy":"post_tag","embeddable":true,"href":"https:\/\/smago.de\/ws2\/wp-json\/wp\/v2\/tags?post=228549"}],"curies":[{"name":"wp","href":"https:\/\/api.w.org\/{rel}","templated":true}]}}