{"id":228403,"date":"2024-08-06T16:44:03","date_gmt":"2024-08-06T14:44:03","guid":{"rendered":"https:\/\/smago.de\/ws2\/?p=228403"},"modified":"2024-08-06T16:47:17","modified_gmt":"2024-08-06T14:47:17","slug":"smago-informiert-rtl-ntv-trendbarometer-reiseplanung-deutsche-ueberwiegend-unbeeindruckt-von-gestiegenen-kosten","status":"publish","type":"post","link":"https:\/\/smago.de\/ws2\/smago-informiert\/smago-informiert-rtl-ntv-trendbarometer-reiseplanung-deutsche-ueberwiegend-unbeeindruckt-von-gestiegenen-kosten\/","title":{"rendered":"smago! INFORMIERT <br>RTL \/ ntv Trendbarometer \u2013 Reiseplanung: Deutsche \u00fcberwiegend unbeeindruckt von gestiegenen Kosten!"},"content":{"rendered":"<p>ABER: Die H\u00e4lfte der Befragten hat Einkaufsverhalten bei Lebensmitteln ge\u00e4ndert!<br \/>\n<!--more--><\/p>\n<p>&nbsp;<\/p>\n<p>&nbsp;<\/p>\n<p>&nbsp;<\/p>\n<p style=\"text-align: justify;\">Wegen der gestiegenen Kosten f\u00fcr Urlaub im In- und Ausland hat etwa jeder dritte Befragte (36%) nach eigenen Angaben seine bzw. ihre Urlaubsreisen bzw. die Urlaubsplanung in diesem Jahr ge\u00e4ndert. Bei der Mehrheit der Befragten (62%) hatten die gestiegenen Kosten allerdings keinen Einfluss auf das Urlaubsverhalten.<\/p>\n<p style=\"text-align: justify;\">Einfluss auf die Urlaubsreisen bzw. -planung hatten die gestiegenen Kosten am ehesten bei den Befragten zwischen 30 und 44 Jahren (44%), bei denjenigen mit niedrigeren Einkommen unter 2.500 Euro (41%) sowie bei den Anh\u00e4ngern der AfD (61%) und des BSW (49%).<\/p>\n<p style=\"text-align: justify;\">Kaum Einfluss hatten die gestiegenen Kosten auf die Urlaubspl\u00e4ne der Anh\u00e4nger der Gr\u00fcnen (77%), der SPD (65%), der FDP (64%) und der CDU\/CSU (63%) sowie Personen ab 60 Jahren (72%) und mit einem Einkommen zwischen 2.500 und 4.000 (64%) und ab 4.000 Euro (69%).<\/p>\n<p style=\"text-align: justify;\">Etwa die H\u00e4lfte derer, die wegen der gestiegenen Kosten ihre Urlaubsreisen bzw. ihre Urlaubsplanung in diesem Jahr ge\u00e4ndert haben, gibt an, sich jetzt g\u00fcnstigere Urlaubsziele und -arten auszusuchen (50%). 44 Prozent derer, die ihre Urlaubsreisen bzw. -planung in diesem Jahr ge\u00e4ndert haben, fahren nun seltener in den Urlaub.<strong>\u00a0<\/strong><\/p>\n<p>&nbsp;<\/p>\n<p>&nbsp;<\/p>\n<p>&nbsp;<\/p>\n<p>&nbsp;<\/p>\n<p style=\"text-align: justify;\"><strong>H\u00e4lfte der Befragten hat Einkaufsverhalten bei Lebensmitteln ge\u00e4ndert<\/strong><\/p>\n<p>&nbsp;<\/p>\n<p>&nbsp;<\/p>\n<p style=\"text-align: justify;\">Die H\u00e4lfte der Befragten (50%) gibt im aktuellen RTL\/ntv Trendbarometer an, aufgrund der gestiegenen Lebensmittelpreise ihr Einkaufsverhalten angepasst zu haben. Die andere H\u00e4lfte tut das nicht. Dass sie ihr Einkaufsverhalten aufgrund der gestiegenen Lebensmittelpreise ge\u00e4ndert haben, geben am ehesten die Befragten mittleren Alters (30 bis 44 Jahre) (58%), diejenigen mit niedrigeren Einkommen (56%) sowie die Anh\u00e4nger der AfD (61%) und des BSW (71%) an. Von den Anh\u00e4ngern der Gr\u00fcnen gibt eine gro\u00dfe Mehrheit (69%) an, ihr Einkaufsverhalten nicht ge\u00e4ndert zu haben.<\/p>\n<p>&nbsp;<\/p>\n<p>&nbsp;<\/p>\n<p>&nbsp;<\/p>\n<p style=\"text-align: justify;\"><em>Die Daten wurden vom Markt- und Meinungsforschungsinstitut forsa im Auftrag von RTL Deutschland am 2. und 5. August 2024 erhoben. Datenbasis: 1.003 Befragte. Statistische Fehlertoleranz: +\/- 3 Prozentpunkte.<\/em><em>\u00a0<\/em><\/p>\n<p>&nbsp;<\/p>\n<p>&nbsp;<\/p>\n<figure id=\"attachment_228404\" aria-describedby=\"caption-attachment-228404\" style=\"width: 800px\" class=\"wp-caption alignnone\"><img decoding=\"async\" loading=\"lazy\" class=\"size-large wp-image-228404\" src=\"https:\/\/smago.de\/ws2\/wp-content\/uploads\/2024\/08\/trendbarometer-800x450.jpg\" alt=\"\" width=\"800\" height=\"450\" srcset=\"https:\/\/smago.de\/ws2\/wp-content\/uploads\/2024\/08\/trendbarometer-800x450.jpg 800w, https:\/\/smago.de\/ws2\/wp-content\/uploads\/2024\/08\/trendbarometer-522x294.jpg 522w, https:\/\/smago.de\/ws2\/wp-content\/uploads\/2024\/08\/trendbarometer-267x150.jpg 267w, https:\/\/smago.de\/ws2\/wp-content\/uploads\/2024\/08\/trendbarometer-768x432.jpg 768w, https:\/\/smago.de\/ws2\/wp-content\/uploads\/2024\/08\/trendbarometer-392x221.jpg 392w, https:\/\/smago.de\/ws2\/wp-content\/uploads\/2024\/08\/trendbarometer-130x73.jpg 130w, https:\/\/smago.de\/ws2\/wp-content\/uploads\/2024\/08\/trendbarometer-791x445.jpg 791w, https:\/\/smago.de\/ws2\/wp-content\/uploads\/2024\/08\/trendbarometer-870x489.jpg 870w, https:\/\/smago.de\/ws2\/wp-content\/uploads\/2024\/08\/trendbarometer-292x164.jpg 292w, https:\/\/smago.de\/ws2\/wp-content\/uploads\/2024\/08\/trendbarometer-435x245.jpg 435w, https:\/\/smago.de\/ws2\/wp-content\/uploads\/2024\/08\/trendbarometer-895x503.jpg 895w, https:\/\/smago.de\/ws2\/wp-content\/uploads\/2024\/08\/trendbarometer.jpg 1150w\" sizes=\"(max-width: 800px) 100vw, 800px\" \/><figcaption id=\"caption-attachment-228404\" class=\"wp-caption-text\"><em>&#8222;RTL \/ ntv-Trendbarometer&#8220;-Logo<\/em><\/p>\n<p><em>Foto-Credit: RTL<\/em><\/p>\n<p><em>Bitte beachten Sie auch <strong><a href=\"http:\/\/www.rtlplus.de\">RTL+<\/a><\/strong>!<\/em><\/figcaption><\/figure>\n","protected":false},"excerpt":{"rendered":"<p>ABER: Die H\u00e4lfte der Befragten hat Einkaufsverhalten bei Lebensmitteln ge\u00e4ndert!<\/p>\n","protected":false},"author":2,"featured_media":228404,"comment_status":"open","ping_status":"closed","sticky":false,"template":"","format":"standard","meta":{"_FSMCFIC_featured_image_caption":"","_FSMCFIC_featured_image_nocaption":"","_FSMCFIC_featured_image_hide":""},"categories":[33],"tags":[60],"acf":[],"_links":{"self":[{"href":"https:\/\/smago.de\/ws2\/wp-json\/wp\/v2\/posts\/228403"}],"collection":[{"href":"https:\/\/smago.de\/ws2\/wp-json\/wp\/v2\/posts"}],"about":[{"href":"https:\/\/smago.de\/ws2\/wp-json\/wp\/v2\/types\/post"}],"author":[{"embeddable":true,"href":"https:\/\/smago.de\/ws2\/wp-json\/wp\/v2\/users\/2"}],"replies":[{"embeddable":true,"href":"https:\/\/smago.de\/ws2\/wp-json\/wp\/v2\/comments?post=228403"}],"version-history":[{"count":2,"href":"https:\/\/smago.de\/ws2\/wp-json\/wp\/v2\/posts\/228403\/revisions"}],"predecessor-version":[{"id":228407,"href":"https:\/\/smago.de\/ws2\/wp-json\/wp\/v2\/posts\/228403\/revisions\/228407"}],"wp:featuredmedia":[{"embeddable":true,"href":"https:\/\/smago.de\/ws2\/wp-json\/wp\/v2\/media\/228404"}],"wp:attachment":[{"href":"https:\/\/smago.de\/ws2\/wp-json\/wp\/v2\/media?parent=228403"}],"wp:term":[{"taxonomy":"category","embeddable":true,"href":"https:\/\/smago.de\/ws2\/wp-json\/wp\/v2\/categories?post=228403"},{"taxonomy":"post_tag","embeddable":true,"href":"https:\/\/smago.de\/ws2\/wp-json\/wp\/v2\/tags?post=228403"}],"curies":[{"name":"wp","href":"https:\/\/api.w.org\/{rel}","templated":true}]}}