{"id":228204,"date":"2024-08-02T11:09:21","date_gmt":"2024-08-02T09:09:21","guid":{"rendered":"https:\/\/smago.de\/ws2\/?p=228204"},"modified":"2024-08-02T11:09:21","modified_gmt":"2024-08-02T09:09:21","slug":"andrea-berg-patrizio-buanne-andreas-gabalier-u-a-starnacht-aus-der-wachau-2024-news","status":"publish","type":"post","link":"https:\/\/smago.de\/ws2\/schlager\/andrea-berg-patrizio-buanne-andreas-gabalier-u-a-starnacht-aus-der-wachau-2024-news\/","title":{"rendered":"ANDREA BERG, PATRIZIO BUANNE, ANDREAS GABALIER u.a. <br>\u201eSTARnacht aus der Wachau\u201c 2024-News!"},"content":{"rendered":"<p>Auch Alexander Eder und Florian K\u00fcnstler kommen am 20.09. + 21.09.2024 nach Rossatzbach in der Wachau!<b><\/b><!--more--><\/p>\n<p>&nbsp;<\/p>\n<p>&nbsp;<\/p>\n<p>&nbsp;<\/p>\n<p style=\"text-align: justify;\">\n<p style=\"font-weight: 400; text-align: justify;\">Die K\u00fcnstlerliste \u201eSTARnacht aus der Wachau\u201c hat prominenten Zuwachs bekommen.<\/p>\n<p style=\"font-weight: 400; text-align: justify;\">Am 20. und 21. September wird <strong>Andreas Gabablier <\/strong>das Publikum in Rossatzbach mit seinem Volks-Rock&#8217;n&#8217;Roll begeistern. Der geb\u00fcrtige Steirer z\u00e4hlt schon seit vielen Jahren zu den Fixsternen der STARnacht \u2013 insgesamt war er 13-mal mit dabei.<\/p>\n<p style=\"font-weight: 400; text-align: justify;\">Ebenso neu auf der Set-Liste ist der deutsche Singer\/Songwriter <strong>Florian K\u00fcnstler<\/strong>, der mit seinem aktuellen Song \u201eAuf den allerletzten Blick\u201c zur STARnacht anreist. Ein Heimspiel wird der geb\u00fcrtige Nieder\u00f6sterreicher <strong>Alexander Eder <\/strong>absolvieren. Eder, der mit seiner einpr\u00e4gsamen sonorigen Stimme auch schon die Jury von \u201eVoice of Germany\u201c begeisterte, wird mit seiner neuen Single \u201eLiebeslieder\u201c das Publikum in seinem Bann ziehen.<\/p>\n<p style=\"font-weight: 400; text-align: justify;\">Weiters sind bei der \u201eSTARnacht aus der Wachau\u201c 2024 mit dabei: <strong>Andrea Berg<\/strong>, <strong>S\u00f6hne Mannheims<\/strong>,<strong> Patrizio<\/strong> <strong>Buanne<\/strong>,<strong> Poxrucker Sisters<\/strong>,<strong> Holza, Aura Dione, Charlien, Matakustix <\/strong>und <strong>Kaleen<\/strong>.<\/p>\n<p style=\"font-weight: 400; text-align: justify;\">Durch die musikalischen Abende in Rossatzbach gegen\u00fcber der Burgruine D\u00fcrnstein f\u00fchren Starmoderatorin <strong>Barbara Sch\u00f6neberger<\/strong> und Schauspieler &amp; Entertainer <strong>Hans Sigl<\/strong>.<\/p>\n<p style=\"font-weight: 400; text-align: justify;\">\n<p style=\"font-weight: 400; text-align: justify;\">Die \u201eSTARnacht aus der Wachau\u201c wird am 21. September 2024 auf ORF2 und im MDR zeitversetzt live ausgestrahlt.<\/p>\n<p style=\"font-weight: 400; text-align: justify;\">\n<p style=\"font-weight: 400; text-align: justify;\">Karten\u00a0und VIP Tickets f\u00fcr die STARnacht gibt es unter\u00a0<strong><a href=\"http:\/\/www.starnacht.tv\/\">www.starnacht.tv<\/a><\/strong>!<\/p>\n<p>&nbsp;<\/p>\n<p>&nbsp;<\/p>\n<p>&nbsp;<\/p>\n<figure id=\"attachment_228205\" aria-describedby=\"caption-attachment-228205\" style=\"width: 534px\" class=\"wp-caption alignnone\"><img decoding=\"async\" loading=\"lazy\" class=\"size-large wp-image-228205\" src=\"https:\/\/smago.de\/ws2\/wp-content\/uploads\/2024\/08\/Andreas-Gabalier-Copyright-krivograd-534x800.jpg\" alt=\"\" width=\"534\" height=\"800\" srcset=\"https:\/\/smago.de\/ws2\/wp-content\/uploads\/2024\/08\/Andreas-Gabalier-Copyright-krivograd-534x800.jpg 534w, https:\/\/smago.de\/ws2\/wp-content\/uploads\/2024\/08\/Andreas-Gabalier-Copyright-krivograd-348x522.jpg 348w, https:\/\/smago.de\/ws2\/wp-content\/uploads\/2024\/08\/Andreas-Gabalier-Copyright-krivograd-100x150.jpg 100w, https:\/\/smago.de\/ws2\/wp-content\/uploads\/2024\/08\/Andreas-Gabalier-Copyright-krivograd-768x1151.jpg 768w, https:\/\/smago.de\/ws2\/wp-content\/uploads\/2024\/08\/Andreas-Gabalier-Copyright-krivograd-1025x1536.jpg 1025w, https:\/\/smago.de\/ws2\/wp-content\/uploads\/2024\/08\/Andreas-Gabalier-Copyright-krivograd-1367x2048.jpg 1367w, https:\/\/smago.de\/ws2\/wp-content\/uploads\/2024\/08\/Andreas-Gabalier-Copyright-krivograd-182x272.jpg 182w, https:\/\/smago.de\/ws2\/wp-content\/uploads\/2024\/08\/Andreas-Gabalier-Copyright-krivograd-400x600.jpg 400w, https:\/\/smago.de\/ws2\/wp-content\/uploads\/2024\/08\/Andreas-Gabalier-Copyright-krivograd-87x130.jpg 87w, https:\/\/smago.de\/ws2\/wp-content\/uploads\/2024\/08\/Andreas-Gabalier-Copyright-krivograd-297x445.jpg 297w, https:\/\/smago.de\/ws2\/wp-content\/uploads\/2024\/08\/Andreas-Gabalier-Copyright-krivograd-127x190.jpg 127w, https:\/\/smago.de\/ws2\/wp-content\/uploads\/2024\/08\/Andreas-Gabalier-Copyright-krivograd-194x290.jpg 194w, https:\/\/smago.de\/ws2\/wp-content\/uploads\/2024\/08\/Andreas-Gabalier-Copyright-krivograd-scaled.jpg 1708w\" sizes=\"(max-width: 534px) 100vw, 534px\" \/><figcaption id=\"caption-attachment-228205\" class=\"wp-caption-text\"><em>Foto-Credit: ip|media \/ Peter Krivograd<\/em><\/figcaption><\/figure>\n","protected":false},"excerpt":{"rendered":"<p>Auch Alexander Eder und Florian K\u00fcnstler kommen am 20.09. + 21.09.2024 nach Rossatzbach in der Wachau!<\/p>\n","protected":false},"author":2,"featured_media":228205,"comment_status":"open","ping_status":"closed","sticky":false,"template":"","format":"standard","meta":{"_FSMCFIC_featured_image_caption":"","_FSMCFIC_featured_image_nocaption":"","_FSMCFIC_featured_image_hide":""},"categories":[29,39,128],"tags":[3705],"acf":[],"_links":{"self":[{"href":"https:\/\/smago.de\/ws2\/wp-json\/wp\/v2\/posts\/228204"}],"collection":[{"href":"https:\/\/smago.de\/ws2\/wp-json\/wp\/v2\/posts"}],"about":[{"href":"https:\/\/smago.de\/ws2\/wp-json\/wp\/v2\/types\/post"}],"author":[{"embeddable":true,"href":"https:\/\/smago.de\/ws2\/wp-json\/wp\/v2\/users\/2"}],"replies":[{"embeddable":true,"href":"https:\/\/smago.de\/ws2\/wp-json\/wp\/v2\/comments?post=228204"}],"version-history":[{"count":1,"href":"https:\/\/smago.de\/ws2\/wp-json\/wp\/v2\/posts\/228204\/revisions"}],"predecessor-version":[{"id":228206,"href":"https:\/\/smago.de\/ws2\/wp-json\/wp\/v2\/posts\/228204\/revisions\/228206"}],"wp:featuredmedia":[{"embeddable":true,"href":"https:\/\/smago.de\/ws2\/wp-json\/wp\/v2\/media\/228205"}],"wp:attachment":[{"href":"https:\/\/smago.de\/ws2\/wp-json\/wp\/v2\/media?parent=228204"}],"wp:term":[{"taxonomy":"category","embeddable":true,"href":"https:\/\/smago.de\/ws2\/wp-json\/wp\/v2\/categories?post=228204"},{"taxonomy":"post_tag","embeddable":true,"href":"https:\/\/smago.de\/ws2\/wp-json\/wp\/v2\/tags?post=228204"}],"curies":[{"name":"wp","href":"https:\/\/api.w.org\/{rel}","templated":true}]}}