{"id":228174,"date":"2024-08-01T23:59:37","date_gmt":"2024-08-01T21:59:37","guid":{"rendered":"https:\/\/smago.de\/ws2\/?p=228174"},"modified":"2024-08-01T20:28:38","modified_gmt":"2024-08-01T18:28:38","slug":"bjoern-both-santiano-u-a-fr-02-08-2024-in-der-ndr-talk-show-zu-gast","status":"publish","type":"post","link":"https:\/\/smago.de\/ws2\/party-schlager\/bjoern-both-santiano-u-a-fr-02-08-2024-in-der-ndr-talk-show-zu-gast\/","title":{"rendered":"BJ\u00d6RN BOTH ((SANTIANO)) u.a. <br>Fr. (02.08.2024) in der &#8222;NDR Talk Show&#8220; zu Gast!"},"content":{"rendered":"<p>NDR Fernsehen + HR Fernsehen, 22:00 Uhr &#8211; 00:00 Uhr! Moderation: Barbara Sch\u00f6neberger und Hubertus Meyer-Burckhardt!<br \/>\n<!--more--><\/p>\n<p>&nbsp;<\/p>\n<p style=\"text-align: justify;\">\n<p style=\"text-align: justify;\">Barbara Sch\u00f6neberger und Hubertus Meyer-Burckhardt begr\u00fc\u00dfen in der NDR Talk Show aus Hamburg folgende G\u00e4ste &#8230;:<\/p>\n<p>&nbsp;<\/p>\n<p>&nbsp;<\/p>\n<p>&nbsp;<\/p>\n<p>&nbsp;<\/p>\n<h2 style=\"text-align: justify;\">Juliane K\u00f6hler, Schauspielerin<\/h2>\n<div class=\"contentimage w50\" style=\"text-align: justify;\"><\/div>\n<p style=\"text-align: justify;\">Schauspielerin Juliane K\u00f6hler ist ein seltener Gast in Talk Shows. Ihre Karriere beginnt 1988 am Nieders\u00e4chsischen Staatstheater in Hannover. Es folgen Engagements in M\u00fcnchen, Frankfurt und Z\u00fcrich. Zurzeit ist die in G\u00f6ttingen geborene Schauspielerin wieder Mitglied im Ensemble des M\u00fcnchner Residenztheaters. Als Filmschauspielerin ist Juliane K\u00f6hler vor allem durch Hauptrollen im mehrfach ausgezeichneten Drama &#8222;Aim\u00e9e und Jaguar&#8220; und in der oscarpr\u00e4mierten Romanverfilmung &#8222;Nirgendwo in Afrika&#8220; bekannt geworden. Dar\u00fcber hinaus spielte sie 2003 neben Bruno Ganz die Eva Braun im Geschichtsdrama &#8222;Der Untergang&#8220;. Jetzt ist die 58-j\u00e4hrige Wahl-M\u00fcnchnerin in dem Film &#8222;Sonnenpl\u00e4tze&#8220;, der am 22. August in die Kinos kommt, in einer Hauptrolle zu sehen. Der Film erz\u00e4hlt eine tragikomische Familiengeschichte \u00fcber die Sehnsucht nach Zusammenhalt und die Suche nach Selbstzufriedenheit.<\/p>\n<p>&nbsp;<\/p>\n<p>&nbsp;<\/p>\n<p>&nbsp;<\/p>\n<p>&nbsp;<\/p>\n<h2 style=\"text-align: justify;\">Bodo Wartke, Musikkabarettist<\/h2>\n<div class=\"contentbox halb \" style=\"text-align: justify;\">\n<div class=\"teaser\">\n<div class=\"teaserimage\"><\/div>\n<div class=\"teaserpadding\">\n<h2><\/h2>\n<div class=\"teasertext\">\n<p>Er ist ein Meister der pointierten Formulierungen und mit seinen Remakes von Klassikern wie Antigone oder \u00d6dipus begeistert Bodo Wartke nicht nur Liebhaber der Hochkultur.<\/p>\n<\/div>\n<\/div>\n<\/div>\n<\/div>\n<p style=\"text-align: justify;\">Dieser Mann landet, ohne es beabsichtigt zu haben, einen viralen Welthit: Bodo Wartke hat aus dem Zungenbrecher &#8222;Barbaras Rhabarberbar&#8220; gemeinsam mit dem Comedian Marti Fischer einen Rap gemacht, der auf TikTok, Instagram und YouTube seit Monaten und millionenfach geklickt wird. Auch international, besonders in den USA, erfreut sich der Hit riesiger Beliebtheit &#8211; es gibt mittlerweile sogar einen eigenen Tanz zu dem Lied. Das sei eine &#8222;\u00dcberraschung&#8220;, sagt Bodo Wartke. Der Liedermacher, bekannt als &#8222;Wortakrobat&#8220;, wird seit vielen Jahren von einer treuen Fangemeinde gefeiert, hat u.a. schon den &#8222;Deutschen Sprachpreis&#8220; gewonnen und ist auf Klavierkabarett spezialisiert. Wie er sich den Erfolg von &#8222;Barbaras Rhabarberbar&#8220; erkl\u00e4rt, warum sich die weltweite Internet-Community so f\u00fcr Zungenbrecher interessiert und wie er sich als pl\u00f6tzlicher Social-Media-Star f\u00fchlt, erz\u00e4hlt der geb\u00fcrtige Schleswig-Holsteiner in der NDR Talk Show.<\/p>\n<p>&nbsp;<\/p>\n<p>&nbsp;<\/p>\n<p>&nbsp;<\/p>\n<p>&nbsp;<\/p>\n<h2 style=\"text-align: justify;\">Minh-Khai Phan-Thi, Schauspielerin<\/h2>\n<div class=\"contentimage w50\" style=\"text-align: justify;\"><\/div>\n<p style=\"text-align: justify;\">In den 90er-Jahren hat sie beim Musiksender VIVA ihre eigene Sendung und interviewt regelm\u00e4\u00dfig die Prominenz der nationalen und internationalen Musikszene. Sp\u00e4ter ist sie die erste deutsch-vietnamesische Kommissarin im deutschen Fernsehen: Minh-Khai Phan-Thi. Schon mit vier Jahren wird sie mit dem Gedanken des &#8222;Andersseins&#8220; konfrontiert. Durch Reisen nach Vietnam beginnt die heute 50-J\u00e4hrige, ein anderes Bewusstsein f\u00fcr ihre famili\u00e4ren Wurzeln zu entwickeln. Zu Beginn ihres Weges zum Schauspiel h\u00f6rt sie oft: &#8222;Das schaffst du nicht. Du brauchst dich gar nicht bei der Schauspielschule zu bewerben, weil, was willst du spielen? Eine asiatische Julia gibt es nicht&#8220;. Von solchen Kommentaren hat Minh-Khai Phan-Thi sich jedoch nicht beirren lassen und zeigt heute ihr schauspielerisches Talent u.a. in der TV-Serie &#8222;Doppelhaush\u00e4lfte&#8220;, an der sie auch mitschreibt.<\/p>\n<p>&nbsp;<\/p>\n<p>&nbsp;<\/p>\n<p>&nbsp;<\/p>\n<p>&nbsp;<\/p>\n<h2 style=\"text-align: justify;\">Caroline Wahl, Schriftstellerin<\/h2>\n<div class=\"contentbox halb \" style=\"text-align: justify;\">\n<div class=\"teaser\">\n<div class=\"teaserimage\"><\/div>\n<div class=\"teaserpadding\">\n<div class=\"teasertext\">\n<p>&nbsp;<\/p>\n<\/div>\n<\/div>\n<\/div>\n<\/div>\n<p style=\"text-align: justify;\">Die Schriftstellerin Caroline Wahl wird 1995 in Mainz geboren und w\u00e4chst mit drei Geschwistern in der N\u00e4he von Heidelberg auf. Sie studiert Germanistik in T\u00fcbingen und Berlin. Danach arbeitet sie in mehreren Verlagen. 2023 erscheint ihr Deb\u00fctroman &#8222;22 Bahnen&#8220; \u00fcber die Mathematikstudentin Tilda, die mit ihrer alkoholkranken Mutter und ihrer kleinen Schwester Ida zwischen Pflichtbewusstsein und Lebenshunger ihren Alltag meistert. Im Mai ist ihr zweiter Roman <a title=\"Zum Artikel: Windst\u00e4rke 17\" href=\"https:\/\/www.ndr.de\/kultur\/buch\/buchdesmonats\/NDR-Buch-des-Monats-Mai-Windstaerke-17-von-Caroline-Wahl,wahl2582.html\">&#8222;Windst\u00e4rke 17&#8220;<\/a> erschienen, eine Art Fortsetzung, in dem das Leben von Ida im Vordergrund steht. Mit ihrer humorvollen, frischen Erz\u00e4hlweise gelingt es der jungen Autorin, immer dem Traurigen und Tragischen etwas Sch\u00f6nes abzugewinnen. Sie r\u00e4umt alle wichtigen Literaturpreise ab, zieht von Z\u00fcrich nach Rostock und wird Hansa Rostock-Fan. Nun spielt die rastlose 29-J\u00e4hrige mit dem Gedanken, nach Kiel zu ziehen. Der Norden l\u00e4sst sie nicht mehr los.<\/p>\n<p>&nbsp;<\/p>\n<p>&nbsp;<\/p>\n<p>&nbsp;<\/p>\n<p>&nbsp;<\/p>\n<h2 style=\"text-align: justify;\">Horst Mager, Gartenexperte<\/h2>\n<div class=\"contentimage w50\" style=\"text-align: justify;\"><\/div>\n<p style=\"text-align: justify;\">420 Quadratmeter gro\u00df ist sein ganz pers\u00f6nliches Paradies: Horst Mager hat seit 2018 einen Schrebergarten mitten in Berlin-Charlottenburg! Von dort aus gibt er als Gartenexperte Tipps und Tricks an das Publikum der Sendung &#8222;Gartenzeit&#8220; im rbb weiter oder an seine unz\u00e4hligen Instagram-Follower*innen. Seine Liebe zum G\u00e4rtnern hat sich der 60-J\u00e4hrige schon in seiner Kindheit angeeignet und sich mit einer Ausbildung zum G\u00e4rtner, einem Biologiestudium und einer anschlie\u00dfenden Journalistenausbildung das notwendige Handwerk erarbeitet, um als einer der gefragtesten Gartenprofis des Landes zu gelten. In seinem Buch &#8222;Einfach g\u00e4rtnern!&#8220; gibt er Empfehlungen f\u00fcr alle, die das G\u00e4rtnern lernen wollen. Was er unter &#8222;naturnahem G\u00e4rtnern&#8220; versteht, wie sein Hund Fritz ihm im Garten hilft und welche sommerlichen Pflanzentipps er parat h\u00e4lt, erz\u00e4hlt Horst Mager in der NDR Talk Show.<\/p>\n<p>&nbsp;<\/p>\n<p>&nbsp;<\/p>\n<p>&nbsp;<\/p>\n<p>&nbsp;<\/p>\n<h2 style=\"text-align: justify;\">Bj\u00f6rn Both, Frontmann der Band Santiano<\/h2>\n<div class=\"contentimage w50\" style=\"text-align: justify;\"><\/div>\n<p style=\"text-align: justify;\">&#8222;Zack! Ahoi!&#8220; hei\u00dft ihr Motto und Tausende Fans erwidern auf ihren Konzerten den Ruf. Santiano geh\u00f6ren zu den erfolgreichsten deutschen Bands und haben sich mit ihrem &#8222;Shanty-Rock&#8220;, den Hymnen \u00fcber das Meer und die Kraft der Naturgewalten in die Herzen ihrer Fans gespielt und gesungen. Seit Anfang des Jahres unterst\u00fctzen die Flensburger die <a title=\"Zum Artikel: Seit 1865: Die Geschichte der Seenotretter - die DGzRS\" href=\"https:\/\/www.ndr.de\/geschichte\/chronologie\/Seit-1865-Die-Geschichte-der-Seenotretter-die-DGzRS,seenotrettung360.html\">&#8222;Deutsche Gesellschaft zur Rettung Schiffbr\u00fcchiger&#8220;<\/a>. Am 28. Juli wird mit dem &#8222;Tag der Seenotretter&#8220; die Arbeit der Helfer und Helferinnen gew\u00fcrdigt. Auch Santiano verbeugt sich mit ihrer aktuellen Single &#8222;Retter in der Not&#8220; vor den Seenotrettern auf der Nord- und Ostsee. In der NDR Talk Show erz\u00e4hlt Bj\u00f6rn Both, der in Husum geborene Frontmann der Band, von seiner Segelleidenschaft und verr\u00e4t, ob er selbst schon einmal in Seenot geraten ist.<\/p>\n<p>&nbsp;<\/p>\n<p>&nbsp;<\/p>\n<p>&nbsp;<\/p>\n<p>&nbsp;<\/p>\n<h2 style=\"text-align: justify;\">Jan Becker, Hypnotiseur, &#8222;Wundermacher&#8220; und Autor<\/h2>\n<p>&nbsp;<\/p>\n<div class=\"contentimage w50\" style=\"text-align: justify;\"><\/div>\n<p style=\"text-align: justify;\">Jan Becker ist Deutschlands bekanntester Hypnotiseur und Magier, er ist Bestsellerautor und ein begnadeter Entertainer. Der ausgebildete Hypnosetrainer gibt seit vielen Jahren erfolgreich Nichtraucher-Seminare, arbeitet als Coach und tritt in seinem eigenen Salon in Berlin-Wei\u00dfensee mit magischen Shows auf. In seinem aktuellen Buch &#8222;WOW &#8211; die Kraft des Staunens&#8220; erkl\u00e4rt der &#8222;Wundermacher&#8220;, warum Staunen unser Leben verzaubern kann. Unsere Zuschauer und Zuschauerinnen und unser Studiopublikum wird er in der Runde u.a. mit verbl\u00fcffenden magischen Tricks zum Staunen bringen.<\/p>\n","protected":false},"excerpt":{"rendered":"<p>NDR Fernsehen + HR Fernsehen, 22:00 Uhr &#8211; 00:00 Uhr! Moderation: Barbara Sch\u00f6neberger und Hubertus Meyer-Burckhardt!<\/p>\n","protected":false},"author":2,"featured_media":223412,"comment_status":"open","ping_status":"closed","sticky":false,"template":"","format":"standard","meta":{"_FSMCFIC_featured_image_caption":"","_FSMCFIC_featured_image_nocaption":"","_FSMCFIC_featured_image_hide":""},"categories":[26,128],"tags":[254],"acf":[],"_links":{"self":[{"href":"https:\/\/smago.de\/ws2\/wp-json\/wp\/v2\/posts\/228174"}],"collection":[{"href":"https:\/\/smago.de\/ws2\/wp-json\/wp\/v2\/posts"}],"about":[{"href":"https:\/\/smago.de\/ws2\/wp-json\/wp\/v2\/types\/post"}],"author":[{"embeddable":true,"href":"https:\/\/smago.de\/ws2\/wp-json\/wp\/v2\/users\/2"}],"replies":[{"embeddable":true,"href":"https:\/\/smago.de\/ws2\/wp-json\/wp\/v2\/comments?post=228174"}],"version-history":[{"count":2,"href":"https:\/\/smago.de\/ws2\/wp-json\/wp\/v2\/posts\/228174\/revisions"}],"predecessor-version":[{"id":228176,"href":"https:\/\/smago.de\/ws2\/wp-json\/wp\/v2\/posts\/228174\/revisions\/228176"}],"wp:featuredmedia":[{"embeddable":true,"href":"https:\/\/smago.de\/ws2\/wp-json\/wp\/v2\/media\/223412"}],"wp:attachment":[{"href":"https:\/\/smago.de\/ws2\/wp-json\/wp\/v2\/media?parent=228174"}],"wp:term":[{"taxonomy":"category","embeddable":true,"href":"https:\/\/smago.de\/ws2\/wp-json\/wp\/v2\/categories?post=228174"},{"taxonomy":"post_tag","embeddable":true,"href":"https:\/\/smago.de\/ws2\/wp-json\/wp\/v2\/tags?post=228174"}],"curies":[{"name":"wp","href":"https:\/\/api.w.org\/{rel}","templated":true}]}}