{"id":228038,"date":"2024-07-30T13:27:07","date_gmt":"2024-07-30T11:27:07","guid":{"rendered":"https:\/\/smago.de\/ws2\/?p=228038"},"modified":"2024-07-30T13:27:07","modified_gmt":"2024-07-30T11:27:07","slug":"andrea-berg-patrizio-buanne-charlien-u-a-so-wird-die-starnacht-aus-der-wachau-2024","status":"publish","type":"post","link":"https:\/\/smago.de\/ws2\/pop-schlager\/andrea-berg-patrizio-buanne-charlien-u-a-so-wird-die-starnacht-aus-der-wachau-2024\/","title":{"rendered":"ANDREA BERG, PATRIZIO BUANNE, CHARLIEN u.a. <br>So wird die \u201eSTARnacht aus der Wachau\u201c 2024"},"content":{"rendered":"<p style=\"font-weight: 400; text-align: justify;\">STARnacht-Veranstalter Martin Ramusch und ORF Unterhaltungschef Martin Gastinger pr\u00e4sentierten heute Mittag (30.07.2024) auf der Terrasse von Schloss D\u00fcrnstein die Highlights der \u201eSTARnacht aus der Wachau\u201c 2024!<br \/>\n<!--more--><\/p>\n<p style=\"font-weight: 400;\">\n<p>&nbsp;<\/p>\n<p style=\"text-align: justify;\">\n<p style=\"text-align: justify;\">\n<p style=\"font-weight: 400; text-align: justify;\"><strong><em>D\u00fcrnstein, 30.07.2024.<\/em> <\/strong>Vor 12 Jahren hat die STARnacht zum ersten Mal ihre Zelte in der Wachau, einer der sch\u00f6nsten Kulturlandschaften Europas, aufgeschlagen. Die Erfolgsproduktion von ipImedia feierte heuer die 25. \u201eSTARnacht am W\u00f6rthersee\u201c, am 20. und 21. September wird in Rossatzbach an der Donau das Finale des Jubil\u00e4ums-STARnacht-Jahres zelebriert. Seit dem Start 2012 in der Wachau standen 240 nationale und internationale K\u00fcnstler auf der B\u00fchne. Mehr als 80.000 Besucher erlebten die STARnacht vor Ort mit, mehr als 14,5 Millionen zuhause vor dem Fernseher. Gro\u00df war auch das Medieninteresse: \u00dcber 750 akkreditierte Journalisten aus dem In und Ausland kamen in die Wachau gereist, um \u00fcber das Musikereignis zu berichten.<\/p>\n<p style=\"font-weight: 400; text-align: justify;\">An einem neuen B\u00fchnen-Look f\u00fcr die \u201eSTARnacht aus der Wachau\u201c wurde bereits gearbeitet und auch die Landschaft rund um die Arena erstrahlt im neuen Glanz. Zur Freude der Einwohner der Region und auch der STARnacht-Besucher wurden die Baustellen in der Ortschaft abgeschlossen \u2013 der neue Hochwasserschutz, der mit einem Kostenaufwand von ca. 15,4 Mio. Euro mit Hilfe des Landes Nieder\u00f6sterreich finanziert wurde, steht. Auch der neu gestaltete Campingplatz wurde bereits er\u00f6ffnet. Die Spiele k\u00f6nnen beginnen!<\/p>\n<p style=\"font-weight: 400; text-align: justify;\">Die ersten K\u00fcnstler haben ihr Backstage-Ticket bereits gel\u00f6st. Zur \u201eSTARnacht aus der Wachau\u201c kommen: die deutsche Schlagerqueen <strong>Andrea Berg<\/strong>, die insgesamt schon neun Mal bei einer STARnacht mit dabei war, die stimmgewaltigen <strong>S\u00f6hne Mannheims<\/strong>,der Austro-Neapolitaner <strong>Patrizio<\/strong> <strong>Buanne<\/strong>, die Dialektpop-Ladies <strong>Poxrucker Sisters<\/strong>,Schlagers\u00e4ngerin <strong>Charlien, <\/strong>die d\u00e4nische Singer-Songwriterin<strong> Aura Dione, <\/strong>die Stimmungsmacher aus K\u00e4rnten<strong> Matakustix<\/strong>, die Starnacht Entdeckung <strong>Holza <\/strong>und Eurovision\u00a0Song Contest-Teilnehmerin <strong>Kaleen<\/strong>.<\/p>\n<p style=\"font-weight: 400; text-align: justify;\">Durch die STARnacht-Abende f\u00fchrt auch heuer wieder das Dreamteam &#8211; Starmoderatorin <strong>Barbara Sch\u00f6neberger<\/strong> und Schauspieler <strong>Hans Sigl<\/strong>.<\/p>\n<p style=\"font-weight: 400; text-align: justify;\">\n<p>&nbsp;<\/p>\n<p style=\"font-weight: 400; text-align: justify;\">Landeshauptfrau <strong>Johanna Mikl Leitner:<\/strong> \u201eDie Starnacht ist zu einem Highlight im Veranstaltungskalender von Nieder\u00f6sterreich geworden und nicht mehr wegzudenken. Vor allem hat sich die Starnacht zu einem wichtigen Faktor f\u00fcr Tourismus &amp; Wirtschaft entwickelt. Der errechnete Werbewert von rund f\u00fcnf Millionen Euro spricht f\u00fcr sich. Ich m\u00f6chte mich an dieser Stelle beim ORF, dem MDR und vor allem bei Martin Ramusch bedanken, dass diese Veranstaltung bei uns stattfindet. Die Starnacht ist fix in meinem Kalender eingetragen.\u201c<\/p>\n<p style=\"font-weight: 400; text-align: justify;\">\n<p>&nbsp;<\/p>\n<p style=\"font-weight: 400; text-align: justify;\">STARnacht-Veranstalter\u00a0<strong>Martin Ramusch<\/strong>: \u201eAls wir im Jahr 2000 die erste Starnacht am W\u00f6rthersee veranstalteten, habe ich nicht zu tr\u00e4umen gewagt, dass wir heute in der Wachau stehen und bereits die 12. Starnacht hier machen d\u00fcrfen. Ich bedanke mich herzlich bei Landeshauptfrau Johanna Mikl-Leitner f\u00fcr die Unterst\u00fctzung des Landes N\u00d6, beim ORF f\u00fcr die gro\u00dfartige Partnerschaft sowie bei allen Sponsoren der Starnacht. Ohne sie alle, w\u00e4re eine Starnacht nicht machbar.\u201c<\/p>\n<p style=\"font-weight: 400; text-align: justify;\">\n<p>&nbsp;<\/p>\n<p style=\"font-weight: 400; text-align: justify;\"><strong>Martin Gastinger, <\/strong>Unterhaltungschef des ORF: \u201eLive-Open-Air-Shows haben vor Ort eine einzigartige Faszination, die sich auch auf die Zuschauer:innen an den Bildschirmen \u00fcbertr\u00e4gt. Die Donau, die Weinberge, Schloss D\u00fcrnstein und die professionelle Inszenierung der Show geben der \u201aStarnacht aus der Wachau\u2018 die perfekte Stimmung. Ein breites Musik-Genre-Spektrum aus Schlager, Popschlager, Pop, Rock, Klassik und Evergreens, aber auch Newcomer:innen sind Teil des gro\u00dfen Erfolges.\u201c<\/p>\n<p style=\"font-weight: 400; text-align: justify;\">\n<p>&nbsp;<\/p>\n<p style=\"font-weight: 400; text-align: justify;\"><strong>Karl Trahb\u00fcchler<\/strong>, Programmchef von ORF Nieder\u00f6sterreich: \u201eBeim ORF Nieder\u00f6sterreich stehen regelm\u00e4\u00dfig auch gro\u00dfe Events auf dem Programm. \u201aDie Starnacht aus der Wachau\u2018 geh\u00f6rt im Jahresablauf als wahrer Publikumsmagnet auf jeden Fall dazu. Berichtet wird ausf\u00fchrlich mit Star-Interviews und einem Blick hinter die Kulissen der Show auf Volksbank Radio N\u00d6, in, N\u00d6 heute\u2018, auf\u00a0<a href=\"http:\/\/noe.orf.at\/\">noe.ORF.at<\/a>\u00a0und unseren Social-Media-Kan\u00e4len.\u201c<\/p>\n<p>&nbsp;<\/p>\n<p>&nbsp;<\/p>\n<p style=\"font-weight: 400; text-align: justify;\"><strong>Bernhard Schr\u00f6der,<\/strong> GF Donau N\u00d6 Tourismus, \u201eDer Weinherbst ist die \u00b4f\u00fcnfte Jahreszeit\u00b4 hier in Nieder\u00f6sterreich und genau in diese Zeit f\u00e4llt die Starnacht aus der Wachau. Wir haben wundersch\u00f6ne Kellergassenfeste und zahlreiche kulturelle und kulinarische Veranstaltungen im ganzen Land, sowie die Starnacht, die unsere sch\u00f6ne Landschaft tausenden Besuchern vor Ort und einem Millionen-Publikum via TV pr\u00e4sentiert.\u201c<\/p>\n<p>&nbsp;<\/p>\n<p>&nbsp;<\/p>\n<p style=\"font-weight: 400; text-align: justify;\"><strong>Anna Polz, <\/strong>Vizebu\u0308rgermeisterin von Rossatz: \u201eDie Starnacht bringt unserer Ortschaft einen Werbewert von 100.000 Euro und eine 100-prozentige Bettenauslastung. Sie ist f\u00fcr uns eine der wichtigsten Veranstaltungen im Jahr und bringt auch viele Tagestouristen, die unsere Region bei der Starnacht kennengelernt haben und immer wieder kommen.\u201c<\/p>\n<p>&nbsp;<\/p>\n<p>&nbsp;<\/p>\n<p>&nbsp;<\/p>\n<p style=\"font-weight: 400; text-align: justify;\">F\u00fcr den STARfaktor bei der Pressekonferenz in Schloss D\u00fcrnstein sorgten <strong>Patrizio Buanne<\/strong> und <strong>Kaleen<\/strong>. Die Eurovision\u00a0Song Contest-Teilnehmerin steht in der Wachau zum zweiten Mal als S\u00e4ngerin auf der B\u00fchne, zuvor war die geb\u00fcrtige Wienerin viele Jahre als T\u00e4nzerin bei den STARn\u00e4chten im Einsatz. Derzeit arbeitet sie gerade an einem neuen Album, das im September fertig sein soll.<br \/>\n\u201eIch freue mich nach 15 Jahren wieder bei der STARnacht dabei sein zu d\u00fcrfen und, dass ich am 20. September mit euch in der Wachau meinen Geburtstag feiern darf,\u201c sagt Patrizio Buanne.<\/p>\n<p style=\"font-weight: 400; text-align: justify;\">Bei der Pressekonferenz waren weiters mit dabei: <strong>Gernot Hirsch<\/strong> von der N\u00d6 Werbung, <strong>Michael Mayer<\/strong> von <a href=\"http:\/\/bev.com\/\">Bev.com<\/a>, <strong>Christian <\/strong>und\u00a0<strong>Maria-Katharina Thiery<\/strong>\u00a0vom Schloss D\u00fcrnstein, <strong>Birgit Reib\u00f6ck<\/strong> von der Volksbank, <strong>Willy K\u00f6gl<\/strong> von BMW Denzel\/Zitta, <strong>Lukas Zinner<\/strong> und Sch\u00fclerinnen und Sch\u00fcler von der HLF, <strong>Gottfried Kocher<\/strong> vom Platzhirsch, <strong>Matthias Srb<\/strong> von der Transgourmet Krems, <strong>Andrea und Frank Bach<\/strong> von Dr. Theiss, <strong>Wolfgang Schwarz <\/strong>von Ursin Haus, <strong>Wolfgang und Bernadette Supperer<\/strong> vom Winzerhof Supperer, <strong>\u00a0<\/strong>sowie<strong> Daniel D\u00f6rfler <\/strong>von der W\u00f6rtherseeschifffahrt und Leon Service &amp; Security Chef <strong>Christian Wernig<\/strong>.<\/p>\n<p style=\"font-weight: 400; text-align: justify;\">Die \u201eSTARnacht aus der Wachau\u201c wird am 21. September 2024 auf ORF2 und im MDR zeitversetzt live ausgestrahlt.<\/p>\n<p style=\"font-weight: 400; text-align: justify;\">\n<p>&nbsp;<\/p>\n<p>&nbsp;<\/p>\n<p>&nbsp;<\/p>\n<p style=\"font-weight: 400; text-align: justify;\"><strong>Karten sowie VIP Tickets<\/strong> f\u00fcr die STARnacht gibt es unter <a href=\"http:\/\/www.starnacht.tv\/\">www.starnacht.tv<\/a><\/p>\n<p>&nbsp;<\/p>\n<p style=\"font-weight: 400; text-align: justify;\">Einlass: ca. 17.00 Uhr; Warm Up: 17.30 Uhr; Showbeginn: 18.30 Uhr<strong>Kulinarische Meile:\u00a0<\/strong>20. und 21. September<strong><br \/>\n<\/strong>Genuss &amp; Show wird auch im Vorfeld der STARnacht-Arena den Fans geboten. Kulinarisch kann man sich in der Gourmet-Meile verw\u00f6hnen lassen. Es warten herrliche Wachauer Wein-Spezialit\u00e4ten und feine Schmankerln aus der Region. Auf der \u201eVolksbank &#8211; Radio Nieder\u00f6sterreich\u201c-B\u00fchne wieder den G\u00e4sten ein Spezialprogramm geboten, inklusive einer z\u00fcnftigen Trachtenmodenschau.<\/p>\n<p style=\"font-weight: 400; text-align: justify;\"><strong>Die STARnacht aus der Wachau auf ORF ON<\/strong><\/p>\n<p style=\"font-weight: 400; text-align: justify;\">Wer via Web oder Apps live dabei sein oder die Auftritte seiner Lieblingsstars nachtr\u00e4glich noch einmal erleben m\u00f6chte \u2013 der ist auf ORF ON genau richtig: Die Streaming-Plattform liefert das schon bew\u00e4hrte Service mit dem Livestream der \u201eSTARnacht\u201c und dem f\u00fcr 30 Tage nach der TV-Ausstrahlung verf\u00fcgbaren Video-on-Demand.<\/p>\n<p>&nbsp;<\/p>\n<p>&nbsp;<\/p>\n<p>&nbsp;<\/p>\n<p style=\"font-weight: 400; text-align: justify;\">Karten f\u00fcr die STARnacht gibt es unter\u00a0<strong><a href=\"http:\/\/www.starnacht.tv\/\">www.starnacht.tv<\/a><\/strong>!<\/p>\n<p>&nbsp;<\/p>\n<p>&nbsp;<\/p>\n<figure id=\"attachment_228039\" aria-describedby=\"caption-attachment-228039\" style=\"width: 720px\" class=\"wp-caption alignnone\"><img decoding=\"async\" loading=\"lazy\" class=\"size-large wp-image-228039\" src=\"https:\/\/smago.de\/ws2\/wp-content\/uploads\/2024\/07\/buanne_kaleen-720x800.jpg\" alt=\"\" width=\"720\" height=\"800\" srcset=\"https:\/\/smago.de\/ws2\/wp-content\/uploads\/2024\/07\/buanne_kaleen-720x800.jpg 720w, https:\/\/smago.de\/ws2\/wp-content\/uploads\/2024\/07\/buanne_kaleen-470x522.jpg 470w, https:\/\/smago.de\/ws2\/wp-content\/uploads\/2024\/07\/buanne_kaleen-135x150.jpg 135w, https:\/\/smago.de\/ws2\/wp-content\/uploads\/2024\/07\/buanne_kaleen-768x853.jpg 768w, https:\/\/smago.de\/ws2\/wp-content\/uploads\/2024\/07\/buanne_kaleen-245x272.jpg 245w, https:\/\/smago.de\/ws2\/wp-content\/uploads\/2024\/07\/buanne_kaleen-540x600.jpg 540w, https:\/\/smago.de\/ws2\/wp-content\/uploads\/2024\/07\/buanne_kaleen-117x130.jpg 117w, https:\/\/smago.de\/ws2\/wp-content\/uploads\/2024\/07\/buanne_kaleen-401x445.jpg 401w, https:\/\/smago.de\/ws2\/wp-content\/uploads\/2024\/07\/buanne_kaleen-171x190.jpg 171w, https:\/\/smago.de\/ws2\/wp-content\/uploads\/2024\/07\/buanne_kaleen-261x290.jpg 261w, https:\/\/smago.de\/ws2\/wp-content\/uploads\/2024\/07\/buanne_kaleen.jpg 984w\" sizes=\"(max-width: 720px) 100vw, 720px\" \/><figcaption id=\"caption-attachment-228039\" class=\"wp-caption-text\"><em>\u00a9 ipImedia \/ Peter Krivograd<\/em><\/figcaption><\/figure>\n","protected":false},"excerpt":{"rendered":"<p>STARnacht-Veranstalter Martin Ramusch und ORF Unterhaltungschef Martin Gastinger pr\u00e4sentierten heute Mittag (30.07.2024) auf der Terrasse von Schloss D\u00fcrnstein die Highlights<\/p>\n","protected":false},"author":2,"featured_media":228039,"comment_status":"open","ping_status":"closed","sticky":false,"template":"","format":"standard","meta":{"_FSMCFIC_featured_image_caption":"","_FSMCFIC_featured_image_nocaption":"","_FSMCFIC_featured_image_hide":""},"categories":[28,39,128],"tags":[3705],"acf":[],"_links":{"self":[{"href":"https:\/\/smago.de\/ws2\/wp-json\/wp\/v2\/posts\/228038"}],"collection":[{"href":"https:\/\/smago.de\/ws2\/wp-json\/wp\/v2\/posts"}],"about":[{"href":"https:\/\/smago.de\/ws2\/wp-json\/wp\/v2\/types\/post"}],"author":[{"embeddable":true,"href":"https:\/\/smago.de\/ws2\/wp-json\/wp\/v2\/users\/2"}],"replies":[{"embeddable":true,"href":"https:\/\/smago.de\/ws2\/wp-json\/wp\/v2\/comments?post=228038"}],"version-history":[{"count":1,"href":"https:\/\/smago.de\/ws2\/wp-json\/wp\/v2\/posts\/228038\/revisions"}],"predecessor-version":[{"id":228040,"href":"https:\/\/smago.de\/ws2\/wp-json\/wp\/v2\/posts\/228038\/revisions\/228040"}],"wp:featuredmedia":[{"embeddable":true,"href":"https:\/\/smago.de\/ws2\/wp-json\/wp\/v2\/media\/228039"}],"wp:attachment":[{"href":"https:\/\/smago.de\/ws2\/wp-json\/wp\/v2\/media?parent=228038"}],"wp:term":[{"taxonomy":"category","embeddable":true,"href":"https:\/\/smago.de\/ws2\/wp-json\/wp\/v2\/categories?post=228038"},{"taxonomy":"post_tag","embeddable":true,"href":"https:\/\/smago.de\/ws2\/wp-json\/wp\/v2\/tags?post=228038"}],"curies":[{"name":"wp","href":"https:\/\/api.w.org\/{rel}","templated":true}]}}