{"id":227313,"date":"2024-07-14T23:59:12","date_gmt":"2024-07-14T21:59:12","guid":{"rendered":"https:\/\/smago.de\/ws2\/?p=227313"},"modified":"2024-07-14T22:09:06","modified_gmt":"2024-07-14T20:09:06","slug":"rafanello-marquezz-der-titel-fuego-caliente-steht-fuer-havanna-sunshine-urlaubsflair","status":"publish","type":"post","link":"https:\/\/smago.de\/ws2\/uncategorized\/rafanello-marquezz-der-titel-fuego-caliente-steht-fuer-havanna-sunshine-urlaubsflair\/","title":{"rendered":"RAFANELLO MARQUEZZ <br>Der Titel &#8222;Fuego Caliente&#8220; steht f\u00fcr Havanna \u2013 Sunshine \u2013 Urlaubsflair!"},"content":{"rendered":"<p>HIER erfahren Sie, WER sich hinter dem Projekt &#8222;Rafanello Marquezz&#8220; verbirgt &#8230;:<br \/>\n<!--more--><\/p>\n<p>&nbsp;<\/p>\n<p>&nbsp;<\/p>\n<p>&nbsp;<\/p>\n<p class=\"p1\" style=\"text-align: justify;\"><strong>\u201eHebt die Gl\u00e4ser mit RAFANELLO MARQUEZZ\u201c<\/strong><\/p>\n<p>&nbsp;<\/p>\n<p>Noch nie zuvor gab es einen Schlagersong mit kubanischem Latin-Sound wie die neue Single \u201eFuego Caliente\u201c von Marc Andrae und Silvio Gabriel, die sich gemeinsam Rafanello Marquezz nennen. Der steirische Marc und Silvio aus Cuba bilden ein Duo, welches mit kubanischen und deutschen Einfl\u00fcssen einen einzigartigen Sound kreiert haben.<\/p>\n<p>&nbsp;<\/p>\n<p>&nbsp;<\/p>\n<p>&nbsp;<\/p>\n<p class=\"p1\" style=\"text-align: justify;\"><strong>\u201eSienna maracas y percusi\u00f3n\u201c<\/strong><\/p>\n<p>&nbsp;<\/p>\n<p class=\"p1\" style=\"text-align: justify;\">Ein musikalisches Staraufgebot machen den Song zu einem Highlight! Kein Geringerer als Skip Martin von Kool &amp; The Gang spielte live die Trompeten f\u00fcr den Song ein und Emmy Preistr\u00e4ger Stefan Maier (Haus der Musik Rosental an der Kainach) steuerte die Geigenspuren bei.<\/p>\n<p>&nbsp;<\/p>\n<p>&nbsp;<\/p>\n<p>&nbsp;<\/p>\n<p class=\"p1\" style=\"text-align: justify;\"><strong>\u201eHavanna, Sunshine, Urlaubsflair\u201c <\/strong><\/p>\n<p>&nbsp;<\/p>\n<p class=\"p1\" style=\"text-align: justify;\">Das Songwriting war eine Teamarbeit der beiden S\u00e4nger gemeinsam mit Jenny van Bree und Wolfgang Nadrag, die auch die Produktion \u00fcber Jelfi Records erstellten. Ein Musikvideo (Jelfi Media), das dieses kubanisch-deutsche Urlaubsfeeling perfekt eingefangen hat, rundet die Single perfekt ab. Marc Andrae hat bereits eine gro\u00dfartige Karriere in der Schlagerbranche vorzulegen, und Silvio Gabriel lebt die Musik (auch mit Band Cuba Libre) schon viele Jahre intensiv.<\/p>\n<p>&nbsp;<\/p>\n<p>&nbsp;<\/p>\n<p>&nbsp;<\/p>\n<p class=\"p1\" style=\"text-align: justify;\"><strong>\u201eDie neue Dimension und kein Klischee\u201c<\/strong><\/p>\n<p>&nbsp;<\/p>\n<p class=\"p1\" style=\"text-align: justify;\">Normal kann jeder, dies dachten sich auch die beiden starken Stimmen Marc und Silvio und machten sich zur Aufgabe einen Song zu entwickeln, den es so noch nie zuvor gegeben hat. Mit der Mission das gute Gef\u00fchl einzufangen und ein unglaubliches Sommerfeeling zu verbreiten, fanden die beiden sofort viele begeisterte Unterst\u00fctzer f\u00fcr dieses Projekt. Gekr\u00f6nt mit einer Single-Pr\u00e4sentation bei Stefan Maier, wurde \u201eFuego Caliente\u201c geb\u00fchrend in die Welt der Musik fliegen gelassen.<\/p>\n<p>&nbsp;<\/p>\n<p>&nbsp;<\/p>\n<p>&nbsp;<\/p>\n<p class=\"p1\" style=\"text-align: justify;\"><strong>\u201eF\u00fchlst du dieses Feuer &#8211; Cuba Abenteuer\u201c<\/strong><\/p>\n<p>&nbsp;<\/p>\n<p class=\"p1\" style=\"text-align: justify;\">Was hier geboren wurde ist der Sound der Guten Laune mit hei\u00dfen Rhythmen und Feuer im Gep\u00e4ck. Tauchen Sie ein in die Welt von Rafanello Marquezz.<\/p>\n","protected":false},"excerpt":{"rendered":"<p>HIER erfahren Sie, WER sich hinter dem Projekt &#8222;Rafanello Marquezz&#8220; verbirgt &#8230;:<\/p>\n","protected":false},"author":2,"featured_media":227314,"comment_status":"open","ping_status":"closed","sticky":false,"template":"","format":"standard","meta":{"_FSMCFIC_featured_image_caption":"","_FSMCFIC_featured_image_nocaption":"","_FSMCFIC_featured_image_hide":""},"categories":[1],"tags":[3931],"acf":[],"_links":{"self":[{"href":"https:\/\/smago.de\/ws2\/wp-json\/wp\/v2\/posts\/227313"}],"collection":[{"href":"https:\/\/smago.de\/ws2\/wp-json\/wp\/v2\/posts"}],"about":[{"href":"https:\/\/smago.de\/ws2\/wp-json\/wp\/v2\/types\/post"}],"author":[{"embeddable":true,"href":"https:\/\/smago.de\/ws2\/wp-json\/wp\/v2\/users\/2"}],"replies":[{"embeddable":true,"href":"https:\/\/smago.de\/ws2\/wp-json\/wp\/v2\/comments?post=227313"}],"version-history":[{"count":2,"href":"https:\/\/smago.de\/ws2\/wp-json\/wp\/v2\/posts\/227313\/revisions"}],"predecessor-version":[{"id":227316,"href":"https:\/\/smago.de\/ws2\/wp-json\/wp\/v2\/posts\/227313\/revisions\/227316"}],"wp:featuredmedia":[{"embeddable":true,"href":"https:\/\/smago.de\/ws2\/wp-json\/wp\/v2\/media\/227314"}],"wp:attachment":[{"href":"https:\/\/smago.de\/ws2\/wp-json\/wp\/v2\/media?parent=227313"}],"wp:term":[{"taxonomy":"category","embeddable":true,"href":"https:\/\/smago.de\/ws2\/wp-json\/wp\/v2\/categories?post=227313"},{"taxonomy":"post_tag","embeddable":true,"href":"https:\/\/smago.de\/ws2\/wp-json\/wp\/v2\/tags?post=227313"}],"curies":[{"name":"wp","href":"https:\/\/api.w.org\/{rel}","templated":true}]}}