{"id":226176,"date":"2024-06-21T19:00:32","date_gmt":"2024-06-21T17:00:32","guid":{"rendered":"https:\/\/smago.de\/ws2\/?p=226176"},"modified":"2024-06-21T19:30:46","modified_gmt":"2024-06-21T17:30:46","slug":"nadin-meypo-endlich-online-der-videoclip-zu-unsre-nacht-gedreht-in-berlin-potsdam-und-frankfurt-oder","status":"publish","type":"post","link":"https:\/\/smago.de\/ws2\/pop-schlager\/nadin-meypo-endlich-online-der-videoclip-zu-unsre-nacht-gedreht-in-berlin-potsdam-und-frankfurt-oder\/","title":{"rendered":"NADIN MEYPO <br>Endlich online: der Videoclip zu &#8222;Unsre Nacht&#8220; \u2013 gedreht in  Berlin, Potsdam und Frankfurt (Oder)!"},"content":{"rendered":"<p>F\u00fcr Jung-Produzent Carlo B\u00f6hler war kein Aufwand zu gro\u00df!<br \/>\n<!--more--><\/p>\n<p>&nbsp;<\/p>\n<p>&nbsp;<\/p>\n<p style=\"text-align: justify;\">Da hat NADIN MEYPO ihre Fans aber ganz sch\u00f6n lange auf die Folter gespannt &#8230;<\/p>\n<p style=\"text-align: justify;\">Doch JETZT ist er endlich online: der Videoclip zu ihrer neuen Single &#8222;Unsere Nacht&#8220;.<\/p>\n<p style=\"text-align: justify;\">Das Video, &#8222;Es ist traumhaft, voller Emotionen&#8220;, wie es Lothar B\u00f6hler v\u00f6llig korrekt auf den Punkt bringt.<\/p>\n<p style=\"text-align: justify;\">Die K\u00fcnstlerin selbst h\u00e4lt es gerne ein bisschen ausf\u00fchrlicher &#8230;:<em> &#8222;Ich freu mich wirklich wie 100.000 Schnitzel, weil es einfach so ein geiles Video geworden ist und wir so viel Leidenschaft und Herzblut reingelegt haben, dass dieses Video euch einfach im Herzen erreichen kann!<\/em><\/p>\n<p style=\"text-align: justify;\"><em>Dieser Song ist einfach f\u00fcr mich das Beste, was aus meinem Herzen kommt nur f\u00fcr Euch !!!<\/em><\/p>\n<p style=\"text-align: justify;\"><em>Ich lade euch ein, mit mir zu tanzen, zu lachen, das Leben zu genie\u00dfen und das Wichtigste, einfach Zeit miteinander zu verbringen.<\/em><\/p>\n<p style=\"text-align: justify;\"><em>Das haben wir am letzten Samstag bewiesen vor ausverkauften Haus in B\u00fchl zu unserer gemeinsamen &#8218;Schlagernacht &#8211; Ganz in Wei\u00df&#8216;, wo mein Titel Premiere auf der B\u00fchne feierte!<\/em><\/p>\n<p style=\"text-align: justify;\"><em>Danke an Carlo B\u00f6hler f\u00fcr diesen sensationellen Videodreh in Berlin, Potsdam &amp; Frankfurt (Oder).&#8220;<\/em><\/p>\n<p>&nbsp;<\/p>\n<p><em>smago!<\/em> meint: DIESER Videoclip muss sich nun wirklich nicht hinter den anderen gro\u00dfen Videoclips verstecken &#8230;<\/p>\n<p>&nbsp;<\/p>\n<p><iframe loading=\"lazy\" src=\"\/\/www.youtube.com\/embed\/TvI236V42_Q\" width=\"800\" height=\"449\" allowfullscreen=\"allowfullscreen\"><\/iframe><\/p>\n<p>&nbsp;<\/p>\n<p>&nbsp;<\/p>\n<p>&nbsp;<\/p>\n<p><img decoding=\"async\" loading=\"lazy\" class=\"alignnone size-large wp-image-225579\" src=\"https:\/\/smago.de\/ws2\/wp-content\/uploads\/2024\/06\/meypo_unsre-800x800.jpg\" alt=\"\" width=\"800\" height=\"800\" srcset=\"https:\/\/smago.de\/ws2\/wp-content\/uploads\/2024\/06\/meypo_unsre-800x800.jpg 800w, https:\/\/smago.de\/ws2\/wp-content\/uploads\/2024\/06\/meypo_unsre-522x522.jpg 522w, https:\/\/smago.de\/ws2\/wp-content\/uploads\/2024\/06\/meypo_unsre-150x150.jpg 150w, https:\/\/smago.de\/ws2\/wp-content\/uploads\/2024\/06\/meypo_unsre-768x768.jpg 768w, https:\/\/smago.de\/ws2\/wp-content\/uploads\/2024\/06\/meypo_unsre-272x272.jpg 272w, https:\/\/smago.de\/ws2\/wp-content\/uploads\/2024\/06\/meypo_unsre-600x600.jpg 600w, https:\/\/smago.de\/ws2\/wp-content\/uploads\/2024\/06\/meypo_unsre-130x130.jpg 130w, https:\/\/smago.de\/ws2\/wp-content\/uploads\/2024\/06\/meypo_unsre-445x445.jpg 445w, https:\/\/smago.de\/ws2\/wp-content\/uploads\/2024\/06\/meypo_unsre-190x190.jpg 190w, https:\/\/smago.de\/ws2\/wp-content\/uploads\/2024\/06\/meypo_unsre-290x290.jpg 290w, https:\/\/smago.de\/ws2\/wp-content\/uploads\/2024\/06\/meypo_unsre.jpg 960w\" sizes=\"(max-width: 800px) 100vw, 800px\" \/><\/p>\n","protected":false},"excerpt":{"rendered":"<p>F\u00fcr Jung-Produzent Carlo B\u00f6hler war kein Aufwand zu gro\u00df!<\/p>\n","protected":false},"author":2,"featured_media":226177,"comment_status":"open","ping_status":"closed","sticky":false,"template":"","format":"standard","meta":{"_FSMCFIC_featured_image_caption":"","_FSMCFIC_featured_image_nocaption":"","_FSMCFIC_featured_image_hide":""},"categories":[28,39],"tags":[1587],"acf":[],"_links":{"self":[{"href":"https:\/\/smago.de\/ws2\/wp-json\/wp\/v2\/posts\/226176"}],"collection":[{"href":"https:\/\/smago.de\/ws2\/wp-json\/wp\/v2\/posts"}],"about":[{"href":"https:\/\/smago.de\/ws2\/wp-json\/wp\/v2\/types\/post"}],"author":[{"embeddable":true,"href":"https:\/\/smago.de\/ws2\/wp-json\/wp\/v2\/users\/2"}],"replies":[{"embeddable":true,"href":"https:\/\/smago.de\/ws2\/wp-json\/wp\/v2\/comments?post=226176"}],"version-history":[{"count":4,"href":"https:\/\/smago.de\/ws2\/wp-json\/wp\/v2\/posts\/226176\/revisions"}],"predecessor-version":[{"id":226185,"href":"https:\/\/smago.de\/ws2\/wp-json\/wp\/v2\/posts\/226176\/revisions\/226185"}],"wp:featuredmedia":[{"embeddable":true,"href":"https:\/\/smago.de\/ws2\/wp-json\/wp\/v2\/media\/226177"}],"wp:attachment":[{"href":"https:\/\/smago.de\/ws2\/wp-json\/wp\/v2\/media?parent=226176"}],"wp:term":[{"taxonomy":"category","embeddable":true,"href":"https:\/\/smago.de\/ws2\/wp-json\/wp\/v2\/categories?post=226176"},{"taxonomy":"post_tag","embeddable":true,"href":"https:\/\/smago.de\/ws2\/wp-json\/wp\/v2\/tags?post=226176"}],"curies":[{"name":"wp","href":"https:\/\/api.w.org\/{rel}","templated":true}]}}