{"id":224950,"date":"2024-06-04T14:08:37","date_gmt":"2024-06-04T12:08:37","guid":{"rendered":"https:\/\/smago.de\/ws2\/?p=224950"},"modified":"2024-06-04T14:17:38","modified_gmt":"2024-06-04T12:17:38","slug":"jay-khan-jay-khan-unterschreibt-bei-telamo","status":"publish","type":"post","link":"https:\/\/smago.de\/ws2\/pop-schlager\/jay-khan-jay-khan-unterschreibt-bei-telamo\/","title":{"rendered":"JAY KHAN <br>Jay Khan unterschreibt bei TELAMO!"},"content":{"rendered":"<p>Erste Single &#8222;Mein Stern&#8220; erscheint am 07.06.2024!<\/p>\n<p><!--more--><\/p>\n<p>&nbsp;<\/p>\n<p>&nbsp;<\/p>\n<p>&nbsp;<\/p>\n<p style=\"text-align: justify;\">Der S\u00e4nger, Songwriter und Produzent Jay Khan wird auch als Solok\u00fcnstler mit TELAMO zusammenarbeiten. Im vergangenen Jahr hatten das M\u00fcnchner Label und der Musiker bereits gemeinsam das Top-10 Album \u201eF\u00fcr die Ewigkeit\u201c seines Boyband-Projektes TEAM 5\u00dcNF erfolgreich ver\u00f6ffentlicht.<\/p>\n<p style=\"text-align: justify;\">Mit \u201eMein Stern\u201c erscheint am 7. Juni nun die erste Solo-Single von Jay Khan\u00a0bei TELAMO, die er in der ARD-Eurovisionsshow \u201e\u201eSchlagerbooom Open Air \u2013 Die Stadionshow in \u00d6sterreich\u201c im TV\u00a0erstmals\u00a0pr\u00e4sentieren wird. Die Ver\u00f6ffentlichung seines Solo-Albums \u201eVerdammt!\u201c ist f\u00fcr 2025 geplant. Ein besonderes Jahr f\u00fcr Jay Khan, denn genau vor 20 Jahren startete er mit der international erfolgreichen Boyband US5 seine B\u00fchnenkarriere.<\/p>\n<p>&nbsp;<\/p>\n<p>&nbsp;<\/p>\n<p style=\"text-align: justify;\"><strong>Jay Khan:<\/strong> <i>\u201eKen und sein Team habe ich letztes Jahr in der Zusammenarbeit mit TEAM 5\u00dcNF kennen- und sch\u00e4tzen gelernt. Umso mehr freue ich mich, dass wir auch bei meinem Soloprojekt unseren gemeinsamen Weg fortf\u00fchren. TELAMO ist der Partner,\u00a0mit dem ich meine musikalischen Vorstellungen umsetzen kann.\u201c<\/i><\/p>\n<p>&nbsp;<\/p>\n<p>&nbsp;<\/p>\n<p style=\"text-align: justify;\"><strong>Ken Otremba, TELAMO-Gesch\u00e4ftsf\u00fchrer:<\/strong> <i>\u201eJay brennt f\u00fcr seine Musik und ist immer mit vollem Herzblut und Engagement dabei. Wir freuen uns sehr, dass er uns weiterhin sein Vertrauen schenkt und wir auch bei seinem Soloprojekt als Labelpartner seine Karriere weiter begleiten k\u00f6nnen.\u201c<\/i><\/p>\n<p>&nbsp;<\/p>\n<p>&nbsp;<\/p>\n<p style=\"text-align: justify;\">Der in London geborene und in Berlin aufgewachsene K\u00fcnstler pakistanisch-britischer Eltern startete seine musikalische Karriere als Songwriter und Komponist im Jahr 2003, als Jay Khan f\u00fcr die Popstars-Gewinnerband \u201cOverground\u201d u.a. den Nummer-1 Hit \u201eSchick mir &#8217;nen Engel\u201c schrieb.<\/p>\n<p style=\"text-align: justify;\">Sein eigener musikalischer Durchbruch gelang Jay Khan im Jahr 2005 als Bandmitglied der von Musik Mogul Lou Pearlman (Backstreet Boys &amp; N\u00b4Sync) gegr\u00fcndeten international erfolgreichen Boyband US5, die weltweit \u00fcber 12 Mio. Tontr\u00e4ger verkaufte und allein in Deutschland neun Top 10 Hits ver\u00f6ffentlichte.\u00a0Jay Khan war nicht nur Bandmitglied, sondern auch als Songwriter (u.a. Nr.1 Single \u201eMaria)\u201c ma\u00dfgeblich am Erfolg der Band beteiligt.<\/p>\n<p style=\"text-align: justify;\">Nach US5 entdeckte Jay Khan seine Liebe f\u00fcr den Schlager und konnte mit seinem eigenen\u00a0Label Neuland Entertainment zahlreiche Top 10 Erfolge in den offiziellen konservativen Radio Charts feiern. Aktuell steht er im renommierten Berliner Variet\u00e9 Haus Wintergarten mit seiner Show \u201e90\u2018s Forever\u201c regelm\u00e4\u00dfig auf der B\u00fchne vor begeistertem Publikum.<\/p>\n<p style=\"text-align: justify;\">2020 gr\u00fcndete Jay Khan die Band\u00a0TEAM\u00a05\u00dcNF, deren Alben \u201eF\u00fcr die Ewigkeit\u201c (#9, 2023) und \u201eEinmal Boyband und zur\u00fcck\u201c (#20, 2021) sich erfolgreich in den Top 20 der deutschen Albumcharts platzieren konnten.<\/p>\n<p style=\"text-align: justify;\">\u00dcber die Jahre hinweg lie\u00df Jay Khan seine Liebe f\u00fcrs Komponieren f\u00fcr andere K\u00fcnstler nie au\u00dfer Acht &#8211; 2018 schrieb er u.a. an Maite Kelly\u2018s Hit Single \u201eHeute Nacht f\u00fcr immer\u201c mit.<\/p>\n<p style=\"text-align: justify;\">Am 07.06.24 erscheint die erste Single \u201eMein Stern\u201c von Jay Khan bei TELAMO.<\/p>\n<p>&nbsp;<\/p>\n<figure id=\"attachment_224951\" aria-describedby=\"caption-attachment-224951\" style=\"width: 600px\" class=\"wp-caption alignnone\"><img decoding=\"async\" loading=\"lazy\" class=\"size-large wp-image-224951\" src=\"https:\/\/smago.de\/ws2\/wp-content\/uploads\/2024\/06\/Signing-Jay-Khan_BirteGoldbrunner_JayKhan_KenOtremba-600x800.jpeg\" alt=\"\" width=\"600\" height=\"800\" srcset=\"https:\/\/smago.de\/ws2\/wp-content\/uploads\/2024\/06\/Signing-Jay-Khan_BirteGoldbrunner_JayKhan_KenOtremba-600x800.jpeg 600w, https:\/\/smago.de\/ws2\/wp-content\/uploads\/2024\/06\/Signing-Jay-Khan_BirteGoldbrunner_JayKhan_KenOtremba-392x522.jpeg 392w, https:\/\/smago.de\/ws2\/wp-content\/uploads\/2024\/06\/Signing-Jay-Khan_BirteGoldbrunner_JayKhan_KenOtremba-113x150.jpeg 113w, https:\/\/smago.de\/ws2\/wp-content\/uploads\/2024\/06\/Signing-Jay-Khan_BirteGoldbrunner_JayKhan_KenOtremba-768x1024.jpeg 768w, https:\/\/smago.de\/ws2\/wp-content\/uploads\/2024\/06\/Signing-Jay-Khan_BirteGoldbrunner_JayKhan_KenOtremba-1152x1536.jpeg 1152w, https:\/\/smago.de\/ws2\/wp-content\/uploads\/2024\/06\/Signing-Jay-Khan_BirteGoldbrunner_JayKhan_KenOtremba-204x272.jpeg 204w, https:\/\/smago.de\/ws2\/wp-content\/uploads\/2024\/06\/Signing-Jay-Khan_BirteGoldbrunner_JayKhan_KenOtremba-450x600.jpeg 450w, https:\/\/smago.de\/ws2\/wp-content\/uploads\/2024\/06\/Signing-Jay-Khan_BirteGoldbrunner_JayKhan_KenOtremba-98x130.jpeg 98w, https:\/\/smago.de\/ws2\/wp-content\/uploads\/2024\/06\/Signing-Jay-Khan_BirteGoldbrunner_JayKhan_KenOtremba-334x445.jpeg 334w, https:\/\/smago.de\/ws2\/wp-content\/uploads\/2024\/06\/Signing-Jay-Khan_BirteGoldbrunner_JayKhan_KenOtremba-143x190.jpeg 143w, https:\/\/smago.de\/ws2\/wp-content\/uploads\/2024\/06\/Signing-Jay-Khan_BirteGoldbrunner_JayKhan_KenOtremba-218x290.jpeg 218w, https:\/\/smago.de\/ws2\/wp-content\/uploads\/2024\/06\/Signing-Jay-Khan_BirteGoldbrunner_JayKhan_KenOtremba-510x680.jpeg 510w, https:\/\/smago.de\/ws2\/wp-content\/uploads\/2024\/06\/Signing-Jay-Khan_BirteGoldbrunner_JayKhan_KenOtremba.jpeg 1200w\" sizes=\"(max-width: 600px) 100vw, 600px\" \/><figcaption id=\"caption-attachment-224951\" class=\"wp-caption-text\"><em>In M\u00fcnchen trafen sich v.li.n.re: Birte Goldbrunner (TELAMO Senior Director Marketing &amp; Promotion), Jay Khan, Ken Otremba (TELAMO Gesch\u00e4ftsf\u00fchrer)<\/em><\/p>\n<p><em>\u00a9 TELAMO<\/em><\/figcaption><\/figure>\n","protected":false},"excerpt":{"rendered":"<p>Erste Single &#8222;Mein Stern&#8220; erscheint am 07.06.2024!<\/p>\n","protected":false},"author":2,"featured_media":224951,"comment_status":"open","ping_status":"closed","sticky":false,"template":"","format":"standard","meta":{"_FSMCFIC_featured_image_caption":"","_FSMCFIC_featured_image_nocaption":"","_FSMCFIC_featured_image_hide":""},"categories":[28],"tags":[165],"acf":[],"_links":{"self":[{"href":"https:\/\/smago.de\/ws2\/wp-json\/wp\/v2\/posts\/224950"}],"collection":[{"href":"https:\/\/smago.de\/ws2\/wp-json\/wp\/v2\/posts"}],"about":[{"href":"https:\/\/smago.de\/ws2\/wp-json\/wp\/v2\/types\/post"}],"author":[{"embeddable":true,"href":"https:\/\/smago.de\/ws2\/wp-json\/wp\/v2\/users\/2"}],"replies":[{"embeddable":true,"href":"https:\/\/smago.de\/ws2\/wp-json\/wp\/v2\/comments?post=224950"}],"version-history":[{"count":2,"href":"https:\/\/smago.de\/ws2\/wp-json\/wp\/v2\/posts\/224950\/revisions"}],"predecessor-version":[{"id":224953,"href":"https:\/\/smago.de\/ws2\/wp-json\/wp\/v2\/posts\/224950\/revisions\/224953"}],"wp:featuredmedia":[{"embeddable":true,"href":"https:\/\/smago.de\/ws2\/wp-json\/wp\/v2\/media\/224951"}],"wp:attachment":[{"href":"https:\/\/smago.de\/ws2\/wp-json\/wp\/v2\/media?parent=224950"}],"wp:term":[{"taxonomy":"category","embeddable":true,"href":"https:\/\/smago.de\/ws2\/wp-json\/wp\/v2\/categories?post=224950"},{"taxonomy":"post_tag","embeddable":true,"href":"https:\/\/smago.de\/ws2\/wp-json\/wp\/v2\/tags?post=224950"}],"curies":[{"name":"wp","href":"https:\/\/api.w.org\/{rel}","templated":true}]}}