{"id":224437,"date":"2024-05-25T09:09:42","date_gmt":"2024-05-25T07:09:42","guid":{"rendered":"https:\/\/smago.de\/ws2\/?p=224437"},"modified":"2024-05-25T09:31:37","modified_gmt":"2024-05-25T07:31:37","slug":"das-supertalent-tony-bauer-wird-juror-bei-das-supertalent","status":"publish","type":"post","link":"https:\/\/smago.de\/ws2\/smago-informiert\/das-supertalent-tony-bauer-wird-juror-bei-das-supertalent\/","title":{"rendered":"&#8222;DAS SUPERTALENT&#8220; <br>Tony Bauer wird Juror bei &#8222;Das Supertalent&#8220;!"},"content":{"rendered":"<p>Der 28-j\u00e4hrige Comedian komplettiert Jury um Dieter Bohlen, Bruce Darnell und Ekaterina Leonova!<br \/>\n<!--more--><\/p>\n<p>&nbsp;<\/p>\n<p>&nbsp;<\/p>\n<p>&nbsp;<\/p>\n<p style=\"text-align: justify;\">Vorhang auf f\u00fcr neue Talente! Die RTL-Erfolgsshow &#8222;Das Supertalent&#8220; geht 2025 in eine neue Staffel. Und jetzt steht fest, wer neben Dieter Bohlen, Bruce Darnell und der wiederkehrenden Ekaterina Leonova in der Jury sitzen wird: Comedian Tony Bauer. W\u00e4hrend des gro\u00dfen Finales von &#8222;Let&#8217;s Dance&#8220; am Freitagabend verk\u00fcndete der Publikumsliebling seine brandneue Jurorent\u00e4tigkeit.<\/p>\n<p style=\"text-align: justify;\">Tony Bauer: &#8222;Leute, was geht ab? Ich komme nicht mehr klar und freue mich riesig, dass ich in der Jury des Supertalents sitzen darf. Ekat, Dieter, Bruce und Tony, beim Supertalent? Wenn mir das einer vor zwei Monaten gesagt h\u00e4tte, den h\u00e4tte ich f\u00fcr verr\u00fcckt erkl\u00e4rt. Ich freue mich mega auf die Show, auf die Talente, auf Ekat, Vici, Bruce, Dieter, Knossi und auf die sehr wahrscheinlich spannendste Zeit meines Lebens!&#8220;<\/p>\n<p style=\"text-align: justify;\">Dieter Bohlen und Bruce Darnell sa\u00dfen bereits von 2008 bis 2010 sowie von 2013 bis 2020 gemeinsam in der Jury. Nach zweij\u00e4hriger &#8222;Supertalent&#8220;-Pause feierten sie im Fr\u00fchjahr 2024 ihr Comeback \u2013 Ekaterina Leonova gab ihr Deb\u00fct. In der 17. Staffel 2025 wird die Profit\u00e4nzerin nun schon zum zweiten Mal am Jurypult Platz nehmen. Moderiert wird die Sendung vom eingespielten Duo Victoria Swarovski und Jens &#8222;Knossi&#8220; Knossalla. Interessierte Talente k\u00f6nnen sich ab sofort f\u00fcr die Castings bewerben. Mehr Infos dazu gibt es <strong><a href=\"https:\/\/eur03.safelinks.protection.outlook.com\/?url=https%3A%2F%2Fwww.rtl.de%2Fcms%2Fdas-supertalent-will-dich-die-ersten-casting-termine-der-neuen-staffel-stehen-fest-sei-dabei-4269357.html&amp;data=05%7C02%7C%7C0fdfb92ccfe0436f482f08dc7b4aa121%7Cefce8346592b4b6eb1c20fd07bd5e442%7C0%7C0%7C638520807664521271%7CUnknown%7CTWFpbGZsb3d8eyJWIjoiMC4wLjAwMDAiLCJQIjoiV2luMzIiLCJBTiI6Ik1haWwiLCJXVCI6Mn0%3D%7C0%7C%7C%7C&amp;sdata=wI%2F652cUg1nfpvayG%2B%2BCDcSLJCRLoI%2B7Z2g5GGpjmGc%3D&amp;reserved=0\">hier<\/a><\/strong>. Alle weiteren Informationen werden zu einem sp\u00e4teren Zeitpunkt bekanntgegeben. Produziert wird &#8222;Das Supertalent&#8220; von UFA Show &amp; Factual.<\/p>\n<p>&nbsp;<\/p>\n<p>&nbsp;<\/p>\n<figure id=\"attachment_224438\" aria-describedby=\"caption-attachment-224438\" style=\"width: 800px\" class=\"wp-caption alignnone\"><img decoding=\"async\" loading=\"lazy\" class=\"size-large wp-image-224438\" src=\"https:\/\/smago.de\/ws2\/wp-content\/uploads\/2024\/05\/dassupertalent_tony-800x450.jpg\" alt=\"\" width=\"800\" height=\"450\" srcset=\"https:\/\/smago.de\/ws2\/wp-content\/uploads\/2024\/05\/dassupertalent_tony-800x450.jpg 800w, https:\/\/smago.de\/ws2\/wp-content\/uploads\/2024\/05\/dassupertalent_tony-522x294.jpg 522w, https:\/\/smago.de\/ws2\/wp-content\/uploads\/2024\/05\/dassupertalent_tony-267x150.jpg 267w, https:\/\/smago.de\/ws2\/wp-content\/uploads\/2024\/05\/dassupertalent_tony-768x432.jpg 768w, https:\/\/smago.de\/ws2\/wp-content\/uploads\/2024\/05\/dassupertalent_tony-392x221.jpg 392w, https:\/\/smago.de\/ws2\/wp-content\/uploads\/2024\/05\/dassupertalent_tony-130x73.jpg 130w, https:\/\/smago.de\/ws2\/wp-content\/uploads\/2024\/05\/dassupertalent_tony-791x445.jpg 791w, https:\/\/smago.de\/ws2\/wp-content\/uploads\/2024\/05\/dassupertalent_tony-870x489.jpg 870w, https:\/\/smago.de\/ws2\/wp-content\/uploads\/2024\/05\/dassupertalent_tony-292x164.jpg 292w, https:\/\/smago.de\/ws2\/wp-content\/uploads\/2024\/05\/dassupertalent_tony-435x245.jpg 435w, https:\/\/smago.de\/ws2\/wp-content\/uploads\/2024\/05\/dassupertalent_tony-895x503.jpg 895w, https:\/\/smago.de\/ws2\/wp-content\/uploads\/2024\/05\/dassupertalent_tony.jpg 1150w\" sizes=\"(max-width: 800px) 100vw, 800px\" \/><figcaption id=\"caption-attachment-224438\" class=\"wp-caption-text\"><em>Foto-Credit: RTL \/ Arya Shirazi<\/em><\/p>\n<p><em>Bitte beachten Sie auch <strong><a href=\"http:\/\/www.rtlplus.de\">RTL+<\/a><\/strong>!<\/em><\/figcaption><\/figure>\n","protected":false},"excerpt":{"rendered":"<p>Der 28-j\u00e4hrige Comedian komplettiert Jury um Dieter Bohlen, Bruce Darnell und Ekaterina Leonova!<\/p>\n","protected":false},"author":2,"featured_media":224438,"comment_status":"open","ping_status":"closed","sticky":false,"template":"","format":"standard","meta":{"_FSMCFIC_featured_image_caption":"","_FSMCFIC_featured_image_nocaption":"","_FSMCFIC_featured_image_hide":""},"categories":[33,128],"tags":[265],"acf":[],"_links":{"self":[{"href":"https:\/\/smago.de\/ws2\/wp-json\/wp\/v2\/posts\/224437"}],"collection":[{"href":"https:\/\/smago.de\/ws2\/wp-json\/wp\/v2\/posts"}],"about":[{"href":"https:\/\/smago.de\/ws2\/wp-json\/wp\/v2\/types\/post"}],"author":[{"embeddable":true,"href":"https:\/\/smago.de\/ws2\/wp-json\/wp\/v2\/users\/2"}],"replies":[{"embeddable":true,"href":"https:\/\/smago.de\/ws2\/wp-json\/wp\/v2\/comments?post=224437"}],"version-history":[{"count":2,"href":"https:\/\/smago.de\/ws2\/wp-json\/wp\/v2\/posts\/224437\/revisions"}],"predecessor-version":[{"id":224441,"href":"https:\/\/smago.de\/ws2\/wp-json\/wp\/v2\/posts\/224437\/revisions\/224441"}],"wp:featuredmedia":[{"embeddable":true,"href":"https:\/\/smago.de\/ws2\/wp-json\/wp\/v2\/media\/224438"}],"wp:attachment":[{"href":"https:\/\/smago.de\/ws2\/wp-json\/wp\/v2\/media?parent=224437"}],"wp:term":[{"taxonomy":"category","embeddable":true,"href":"https:\/\/smago.de\/ws2\/wp-json\/wp\/v2\/categories?post=224437"},{"taxonomy":"post_tag","embeddable":true,"href":"https:\/\/smago.de\/ws2\/wp-json\/wp\/v2\/tags?post=224437"}],"curies":[{"name":"wp","href":"https:\/\/api.w.org\/{rel}","templated":true}]}}