{"id":223725,"date":"2024-05-14T00:00:31","date_gmt":"2024-05-13T22:00:31","guid":{"rendered":"https:\/\/smago.de\/ws2\/?p=223725"},"modified":"2024-05-13T12:29:19","modified_gmt":"2024-05-13T10:29:19","slug":"liane-und-michael-holm-reiner-kirsten-christian-lais-sunrise-anna-carina-woitschack-u-a-am-25-10-26-10-2024-steigt-das-grosse-liane-fest-3-0","status":"publish","type":"post","link":"https:\/\/smago.de\/ws2\/pop-schlager\/liane-und-michael-holm-reiner-kirsten-christian-lais-sunrise-anna-carina-woitschack-u-a-am-25-10-26-10-2024-steigt-das-grosse-liane-fest-3-0\/","title":{"rendered":"LIANE und MICHAEL HOLM, REINER KIRSTEN, CHRISTIAN LAIS, SUNRISE, ANNA-CARINA WOITSCHACK u.a. <br>Am 25.10. + 26.10.2024 steigt das gro\u00dfe &#8222;Liane-Fest 3.0&#8220;!"},"content":{"rendered":"<p>Wen sie alles in den wundersch\u00f6nen Odenwald eingeladen hat &#8230;:<br \/>\n<!--more--><\/p>\n<p>&nbsp;<\/p>\n<p>&nbsp;<\/p>\n<p style=\"font-weight: 400; text-align: justify;\">Das LIANE-Fest 2024 steht vor der T\u00fcr und verspricht zwei Tage voller Musik, Freude und Unterhaltung im Herzen des Odenwaldes. Als K\u00fcnstlerin, die sich von Anfang an dem deutschen Schlager verschrieben hat, hat LIANE eine beeindruckende Karriere hingelegt. Sie ist ein bekanntes Gesicht auf den B\u00fchnen und hat bereits Tourneen mit Stars wie Andy Borg, Die Paldauer, G.G. Anderson und Anna-Carina Woitschack absolviert.<\/p>\n<p style=\"font-weight: 400; text-align: justify;\">Ihre Leidenschaft f\u00fcr den Schlager spiegelt sich nicht zuletzt auch in ihrer eigenen Schlagernacht wider, die nun bereits zum dritten Mal in der Version \u201e3.0\u201c stattfindet und Bestandteil vom \u201eLIANE-Fest\u201c ist, das an zwei Tagen stattfindet:<\/p>\n<p>&nbsp;<\/p>\n<p>&nbsp;<\/p>\n<p>&nbsp;<\/p>\n<p>&nbsp;<\/p>\n<p><strong>25. Oktober 2024 &#8211; Tag 1: Sightseeing und Fantreffen<\/strong><\/p>\n<p>&nbsp;<\/p>\n<p style=\"font-weight: 400; text-align: justify;\">Am 25. Oktober 2024 beginnt das Fest in der Beuchertsm\u00fchle in Walld\u00fcrn mit einer Sightseeing-Tour und einem Fantreffen. LIANE begr\u00fc\u00dft hier viele bekannte Gesichter: Oliver Thomas, ein langj\u00e4hriger Weggef\u00e4hrte, wird vor Ort sein, genauso wie Geri der Klostertaler, der LIANEs herzliche Gastfreundschaft bereits oft erlebt hat. Nico Names aus dem Elsass bringt seinen franz\u00f6sischen Charme mit, w\u00e4hrend Ren\u00e9 Bisang aus der Schweiz mit seiner neuen Single \u201eLuftballon\u201c die Herzen der Schlagerfans erobert. Auch Sascha, ein weiterer beliebter K\u00fcnstler, wird an diesem Tag mit von der Partie sein.<\/p>\n<p>&nbsp;<\/p>\n<p>&nbsp;<\/p>\n<p>&nbsp;<\/p>\n<p><strong>26. Oktober 2024 &#8211; Tag 2: Die Schlagernacht 3.0<\/strong><\/p>\n<p>&nbsp;<\/p>\n<p style=\"font-weight: 400; text-align: justify;\">Am 26. Oktober verwandelt sich die Nibelungenhalle Walld\u00fcrn in einen Hotspot der Schlagermusik. LIANE feiert ihren Geburtstag mit einem abwechslungsreichen Line-up: Die Schlagerlegende Michael Holm, bekannt f\u00fcr Schlager-Klassiker wie \u201eTr\u00e4nen l\u00fcgen nicht\u201c und \u201eMendocino\u201c, bringt die B\u00fchne zum Strahlen. Die junge Generation wird von Anna-Carina Woitschack vertreten, die mit ihrem neuen Album \u201eMeine Zeit\u201c und ihrer k\u00fcrzlich gewonnenen <em>smago!<\/em> Award-Auszeichnung \u00fcberzeugt.<\/p>\n<p style=\"font-weight: 400; text-align: justify;\">Christian Lais, inzwischen zur festen Schlagerelite geh\u00f6rend, wird ebenfalls erwartet. Mit dabei hat er sicher seinen Nummer-1-Radiohit \u201eAnders\u201c. Die j\u00fcngeren Fans k\u00f6nnen sich auf Miguel Gaspar freuen, der mit Songs wie \u201eEinfach passiert\u201c inzwischen seine Solokarriere erfolgreich gestartet hat, nachdem er mit den Schlagerkids bundesweit erfolgreich war.<\/p>\n<p style=\"font-weight: 400; text-align: justify;\">Auch die Freunde des klassischen Schlagers kommen nicht zu kurz: Reiner Kirsten, ein erfahrener Musiker mit \u00fcber 25 Jahren B\u00fchnenerfahrung und sechs Grand Prix-der-Volksmusik-Teilnahmen, darf nat\u00fcrlich nicht fehlen. Mit LIANE hat REINER bereits zwei Duett-Alben ver\u00f6ffentlicht. Sicher werden die beiden auch den gemeinsamen Hit \u201ePerfekt wie du\u201c pr\u00e4sentieren.<\/p>\n<p style=\"font-weight: 400; text-align: justify;\">Ein weiteres Highlight stellt der Auftritt des Schlagerduos Sunrise dar \u2013 die \u2013 ebenfalls \u2013 frisch gebackenen <em>smago!<\/em> Award-Preistr\u00e4ger k\u00f6nnen bald ihr 15-j\u00e4hriges Jubil\u00e4um feiern.<\/p>\n<p style=\"font-weight: 400; text-align: justify;\">Dieses zweit\u00e4gige Event verspricht eine Mischung aus verschiedenen Stilrichtungen und K\u00fcnstlern, die den deutschen Schlager repr\u00e4sentieren. Tickets f\u00fcr das LIANE-Fest sind bereits erh\u00e4ltlich und k\u00f6nnen auf der offiziellen Website <strong><a href=\"http:\/\/www.liane-musik.de\">www.liane-musik.de<\/a><\/strong> erworben werden.<\/p>\n<p style=\"font-weight: 400; text-align: justify;\">\n<p>&nbsp;<\/p>\n<p>&nbsp;<\/p>\n<p><img decoding=\"async\" loading=\"lazy\" class=\"alignnone size-large wp-image-223727\" src=\"https:\/\/smago.de\/ws2\/wp-content\/uploads\/2024\/05\/LIANE-Fest-2024-_-Grafik-grosse-Logos-566x800.jpg\" alt=\"\" width=\"566\" height=\"800\" srcset=\"https:\/\/smago.de\/ws2\/wp-content\/uploads\/2024\/05\/LIANE-Fest-2024-_-Grafik-grosse-Logos-566x800.jpg 566w, https:\/\/smago.de\/ws2\/wp-content\/uploads\/2024\/05\/LIANE-Fest-2024-_-Grafik-grosse-Logos-369x522.jpg 369w, https:\/\/smago.de\/ws2\/wp-content\/uploads\/2024\/05\/LIANE-Fest-2024-_-Grafik-grosse-Logos-106x150.jpg 106w, https:\/\/smago.de\/ws2\/wp-content\/uploads\/2024\/05\/LIANE-Fest-2024-_-Grafik-grosse-Logos-768x1086.jpg 768w, https:\/\/smago.de\/ws2\/wp-content\/uploads\/2024\/05\/LIANE-Fest-2024-_-Grafik-grosse-Logos-1086x1536.jpg 1086w, https:\/\/smago.de\/ws2\/wp-content\/uploads\/2024\/05\/LIANE-Fest-2024-_-Grafik-grosse-Logos-192x272.jpg 192w, https:\/\/smago.de\/ws2\/wp-content\/uploads\/2024\/05\/LIANE-Fest-2024-_-Grafik-grosse-Logos-424x600.jpg 424w, https:\/\/smago.de\/ws2\/wp-content\/uploads\/2024\/05\/LIANE-Fest-2024-_-Grafik-grosse-Logos-92x130.jpg 92w, https:\/\/smago.de\/ws2\/wp-content\/uploads\/2024\/05\/LIANE-Fest-2024-_-Grafik-grosse-Logos-315x445.jpg 315w, https:\/\/smago.de\/ws2\/wp-content\/uploads\/2024\/05\/LIANE-Fest-2024-_-Grafik-grosse-Logos-134x190.jpg 134w, https:\/\/smago.de\/ws2\/wp-content\/uploads\/2024\/05\/LIANE-Fest-2024-_-Grafik-grosse-Logos-205x290.jpg 205w, https:\/\/smago.de\/ws2\/wp-content\/uploads\/2024\/05\/LIANE-Fest-2024-_-Grafik-grosse-Logos.jpg 1131w\" sizes=\"(max-width: 566px) 100vw, 566px\" \/><\/p>\n","protected":false},"excerpt":{"rendered":"<p>Wen sie alles in den wundersch\u00f6nen Odenwald eingeladen hat &#8230;:<\/p>\n","protected":false},"author":2,"featured_media":223727,"comment_status":"open","ping_status":"closed","sticky":false,"template":"","format":"standard","meta":{"_FSMCFIC_featured_image_caption":"","_FSMCFIC_featured_image_nocaption":"","_FSMCFIC_featured_image_hide":""},"categories":[28,29,39],"tags":[843,42,950,305,2193,205],"acf":[],"_links":{"self":[{"href":"https:\/\/smago.de\/ws2\/wp-json\/wp\/v2\/posts\/223725"}],"collection":[{"href":"https:\/\/smago.de\/ws2\/wp-json\/wp\/v2\/posts"}],"about":[{"href":"https:\/\/smago.de\/ws2\/wp-json\/wp\/v2\/types\/post"}],"author":[{"embeddable":true,"href":"https:\/\/smago.de\/ws2\/wp-json\/wp\/v2\/users\/2"}],"replies":[{"embeddable":true,"href":"https:\/\/smago.de\/ws2\/wp-json\/wp\/v2\/comments?post=223725"}],"version-history":[{"count":3,"href":"https:\/\/smago.de\/ws2\/wp-json\/wp\/v2\/posts\/223725\/revisions"}],"predecessor-version":[{"id":223729,"href":"https:\/\/smago.de\/ws2\/wp-json\/wp\/v2\/posts\/223725\/revisions\/223729"}],"wp:featuredmedia":[{"embeddable":true,"href":"https:\/\/smago.de\/ws2\/wp-json\/wp\/v2\/media\/223727"}],"wp:attachment":[{"href":"https:\/\/smago.de\/ws2\/wp-json\/wp\/v2\/media?parent=223725"}],"wp:term":[{"taxonomy":"category","embeddable":true,"href":"https:\/\/smago.de\/ws2\/wp-json\/wp\/v2\/categories?post=223725"},{"taxonomy":"post_tag","embeddable":true,"href":"https:\/\/smago.de\/ws2\/wp-json\/wp\/v2\/tags?post=223725"}],"curies":[{"name":"wp","href":"https:\/\/api.w.org\/{rel}","templated":true}]}}