{"id":223411,"date":"2024-05-10T00:00:22","date_gmt":"2024-05-09T22:00:22","guid":{"rendered":"https:\/\/smago.de\/ws2\/?p=223411"},"modified":"2024-05-09T10:19:05","modified_gmt":"2024-05-09T08:19:05","slug":"ireen-sheer-u-a-heute-10-05-2024-in-der-ndr-talk-show-zu-gast","status":"publish","type":"post","link":"https:\/\/smago.de\/ws2\/schlager\/ireen-sheer-u-a-heute-10-05-2024-in-der-ndr-talk-show-zu-gast\/","title":{"rendered":"IREEN SHEER u.a. <br>Heute (10.05.2024) in der &#8222;NDR Talk Show&#8220; zu Gast!"},"content":{"rendered":"<p style=\"text-align: justify;\">NDR Fernsehen, HR Fernsehe, WDR Fernsehen, 22:00 Uhr &#8211; 00:00 Uhr! Moderation: Barbara Sch\u00f6neberger und Hubertus Meyer-Burckhardt!<br \/>\n<!--more--><\/p>\n<p>&nbsp;<\/p>\n<p>&nbsp;<\/p>\n<p>&nbsp;<\/p>\n<p style=\"text-align: justify;\">Barbara Sch\u00f6neberger und Hubertus Meyer-Burckhardt begr\u00fc\u00dfen in der NDR Talk Show aus Hamburg folgende G\u00e4ste:<\/p>\n<p>&nbsp;<\/p>\n<p>&nbsp;<\/p>\n<p>&nbsp;<\/p>\n<ul style=\"text-align: justify;\">\n<li>Johann Lafer, Gastronom<\/li>\n<li>Bettina B\u00f6ttinger, Moderatorin<\/li>\n<li>Alexander Bommes, Moderator<\/li>\n<li>Anna Ermakova, Model und S\u00e4ngerin<\/li>\n<li>Ireen Sheer, S\u00e4ngerin<\/li>\n<li>Oskar und Emil Belton, Schauspieler und Regisseure<\/li>\n<li>Rashid Hamid, Krankenpfleger und TikToker<\/li>\n<\/ul>\n<p>&nbsp;<\/p>\n<p>&nbsp;<\/p>\n<p>&nbsp;<\/p>\n<p>&nbsp;<\/p>\n<ul style=\"text-align: justify;\">\n<li><strong>Johann Lafer, Gastronom<\/strong><\/li>\n<\/ul>\n<p>&nbsp;<\/p>\n<p style=\"text-align: justify;\">Dieser Mann brennt f\u00fcr seinen Beruf: Johann Lafer geh\u00f6rt zu den bekanntesten und erfolgreichsten K\u00f6chen des Landes. Der geb\u00fcrtige \u00d6sterreicher hat sich vom K\u00fcchenhelfer in Graz zum Gourmet-Allrounder entwickelt. Mittlerweile blickt er auf eine \u00fcber 40-j\u00e4hrige kulinarische Karriere zur\u00fcck: als Gastronom, Autor, Unternehmer und Fernsehkoch. Und jetzt treffen zwei Dauerbrenner aufeinander: Johann Lafer \u00fcbernimmt eine Gastrolle in der Serie &#8222;Rote Rosen&#8220;! In seinem Schauspieldeb\u00fct bei dem ARD-Quotenhitformat gibt er als Starkoch seine besten Tipps weiter und inspiriert die L\u00fcneburger &#8222;Rote Rosen&#8220;-Familie zu kulinarischen Hochleistungen. Inwiefern ihm mehr als 5000 Kochsendungen bei der Schauspielerei geholfen haben, was das beste Hotelb\u00fcfett seines Lebens war und ob er noch weitere neue Berufsfelder erobern will, erz\u00e4hlt Johann Lafer in der &#8222;NDR Talk Show&#8220;!<\/p>\n<p>&nbsp;<\/p>\n<p>&nbsp;<\/p>\n<p>&nbsp;<\/p>\n<p>&nbsp;<\/p>\n<ul style=\"text-align: justify;\">\n<li><strong>Bettina B\u00f6ttinger, Moderatorin<\/strong><\/li>\n<\/ul>\n<p>&nbsp;<\/p>\n<p style=\"text-align: justify;\">Sie ist Fernsehmoderatorin, Produzentin, Journalistin und Autorin: Bettina B\u00f6ttinger. Seit 1985 arbeitet sie f\u00fcr den WDR, 17 Jahre lang moderiert sie den &#8222;K\u00f6lner Treff&#8220;. Im Oktober 2023 gibt sie ihre Gastgeberrolle mit diesen Worten auf: &#8222;Nach 30 Jahren als Talkshow-Moderatorin am Freitagabend freue ich mich jetzt auf eine neue Form der Freiheit. Ich gehe mit einem guten Gef\u00fchl, denn diese Jahre waren reich an Erfahrung und reich an Begegnungen mit wunderbaren und interessanten Menschen.&#8220; Ob sie ihre illustre G\u00e4sterunde am Freitagabend inzwischen vermisst und wie sie ihre neu gewonnene Freiheit nutzt, das verr\u00e4t Bettina B\u00f6ttinger in der &#8222;NDR Talk Show&#8220;.<\/p>\n<p>&nbsp;<\/p>\n<p>&nbsp;<\/p>\n<p>&nbsp;<\/p>\n<p>&nbsp;<\/p>\n<ul style=\"text-align: justify;\">\n<li><strong>Alexander Bommes, Moderator<\/strong><\/li>\n<\/ul>\n<p>&nbsp;<\/p>\n<p style=\"text-align: justify;\">Gefragt ist er seit Jahren schon, gejagt wird er vielleicht manchmal von leidenschaftlichen Fans, denn Alexander Bommes ist einer der popul\u00e4rsten Moderatoren in der ARD. Sein Handwerk hat der Kieler im NDR gelernt. Erstmals steht er 2007 im &#8222;Hamburg Journal&#8220; vor der Kamera. 2015 \u00fcbernimmt der ehemalige Profi-Handballspieler die &#8222;Sportschau&#8220; &#8211; ein Ritterschlag f\u00fcr jeden Sportenthusiasten. Spieltrieb und Teamgeist kann er auch in Quizformaten ausleben. 2013 moderiert er die &#8222;NDR Quizshow&#8220; und erklimmt ab 2015 im Vorabendprogramm der ARD den Quiz- und Quoten-Olymp mit &#8222;Gefragt &#8211; Gejagt&#8220;. Alexander Bommes beteuert, dass er dort selbst als Kandidat keine Chance h\u00e4tte, stattdessen wird er jetzt wieder die Jagd er\u00f6ffnen, denn die neue Staffel startet am 13. Mai. Wo wissenstechnisch seine gr\u00f6\u00dften St\u00e4rken und wo seine Schw\u00e4chen liegen, erz\u00e4hlt er in der &#8222;NDR Talk Show&#8220;.<\/p>\n<p>&nbsp;<\/p>\n<p>&nbsp;<\/p>\n<p>&nbsp;<\/p>\n<p>&nbsp;<\/p>\n<ul style=\"text-align: justify;\">\n<li><strong>Anna Ermakova, Model und S\u00e4ngerin<\/strong><\/li>\n<\/ul>\n<p>&nbsp;<\/p>\n<p style=\"text-align: justify;\">Sie ist definitiv auf der \u00dcberholspur unterwegs. 2023 beweist Anna Ermakova bei &#8222;Let&#8217;s Dance&#8220; nicht nur t\u00e4nzerisches K\u00f6nnen und sichert sich am Ende den Sieg, sondern springt auch \u00fcber ihren Schatten und zeigt der Welt, wer sie ist und was alles in ihr steckt. Daf\u00fcr erntet das Model jede Menge Lob und Respekt. Und kann direkt die n\u00e4chsten Erfolge verbuchen &#8211; privat wie beruflich: Im Sommer 2023 beendet sie ihr Studium f\u00fcr Kunstgeschichte und nimmt Anfang 2024 neben Dieter Bohlen in der &#8222;Supertalent&#8220;-Jury Platz. Talente bewerten kann die 24- J\u00e4hrige, dabei ist sie selbst ein Multitalent. Denn auf Fotoshooting-Set, Laufsteg und Tanzparkett folgt jetzt das Singen. Im August ver\u00f6ffentlicht die Londonerin ihr Deb\u00fctalbum &#8222;Behind Blue Eyes&#8220; und erf\u00fcllt sich damit einen Kindheitstraum. In der &#8222;NDR Talk Show&#8220; gibt Anna Ermakova einen Vorgeschmack darauf und erz\u00e4hlt, was sie zu der starken Person macht, die heute so viele bewundern.<\/p>\n<p>&nbsp;<\/p>\n<p>&nbsp;<\/p>\n<p>&nbsp;<\/p>\n<p>&nbsp;<\/p>\n<ul style=\"text-align: justify;\">\n<li><strong>Ireen Sheer, S\u00e4ngerin<\/strong><\/li>\n<\/ul>\n<p>&nbsp;<\/p>\n<p style=\"text-align: justify;\">Diese Frau ist und bleibt die Grande Dame des Schlagers: Ireen Sheer blickt zur\u00fcck auf \u00fcber 50 Jahre B\u00fchnenkarriere. Die geb\u00fcrtige Britin will schon als Kind Musikerin werden und wird mit zw\u00f6lf Jahren bei einem Gesangswettbewerb entdeckt. Schon fr\u00fch begeistert sie sich f\u00fcr den Zauber des Eurovision Song Contests (bzw. fr\u00fcher Grand Prix Eurovision de la Chanson): Mit drei Finalteilnahmen und zwei weiteren Beteiligungen beim deutschen Vorentscheid geh\u00f6rt sie zu den h\u00e4ufigsten Teilnehmerinnen des gr\u00f6\u00dften Musikwettbewerbs der Welt. Vor genau 50 Jahren betritt die S\u00e4ngerin zum ersten Mal die Eurovisions-B\u00fchne: F\u00fcr Luxemburg ersingt sie mit &#8222;Bye Bye, I Love You&#8220; den vierten Platz. Damals gewinnt ABBA mit &#8222;Waterloo&#8220;, der Beginn einer Weltkarriere. F\u00fcr Deutschland tritt Ireen Sheer u.a. 1978 an und erreicht mit ihrem Ohrwurm &#8222;Feuer&#8220; einen sechsten Platz. Wie sie an ihre Performances zur\u00fcckdenkt, was f\u00fcr sie die Magie des Eurovision Song Contests ausmacht und wie sie das diesj\u00e4hrige Finale am 11. Mai schauen wird, erz\u00e4hlt Ireen Sheer in der &#8222;NDR Talk Show&#8220;.<\/p>\n<p>&nbsp;<\/p>\n<p>&nbsp;<\/p>\n<p>&nbsp;<\/p>\n<p>&nbsp;<\/p>\n<ul style=\"text-align: justify;\">\n<li><strong>Oskar und Emil Belton, Schauspieler und Regisseure<\/strong><\/li>\n<\/ul>\n<p>&nbsp;<\/p>\n<p style=\"text-align: justify;\">Sie sind jung, talentiert und erfolgreich: Seit 2015 mischen die Zwillingsbr\u00fcder Oskar und Emil Belton Deutschlands Film- und Fernsehlandschaft auf. Erst als Schauspieler etwa im Oscar nominierten Kinofilm &#8222;Unter dem Sand&#8220; oder im &#8222;Tatort&#8220;, inzwischen aber auch als bew\u00e4hrtes Regie-Gespann. So landen sie mit der Mockumentaryserie &#8222;Die Discounter&#8220; einen Riesenhit, bei der die Br\u00fcder Drehbuch, Regie und Schnitt mitverantworten sowie vor der Kamera ihr K\u00f6nnen zeigen. 2023 gewinnen sie zudem in den Kategorien F\u00f6rderpreis und Bester Schnitt\/Montage Fiktion den Deutschen Fernsehpreis f\u00fcr ihre Impro-Comedyserie &#8222;Intimate&#8220;. L\u00e4uft bei den Hamburger Jungs, f\u00fcr die Stillstand offenbar keine Devise ist. Vor Kurzem haben sie ihr neuestes Projekt abgeschlossen: Die Serie &#8222;Player of Ibiza&#8220;, in der f\u00fcnf machohafte Teilnehmer einer Reality-TV-Show mit Feminismus konfrontiert werden. Dar\u00fcber, \u00fcbers Schwimmen auf der Erfolgswelle und ihre besondere Verbindung sprechen Emil und Oskar Belton in der &#8222;NDR Talk Show&#8220;.<\/p>\n<p>&nbsp;<\/p>\n<p>&nbsp;<\/p>\n<p>&nbsp;<\/p>\n<p>&nbsp;<\/p>\n<ul style=\"text-align: justify;\">\n<li><strong>Rashid Hamid, Krankenpfleger und TikToker<\/strong><\/li>\n<\/ul>\n<p>&nbsp;<\/p>\n<p style=\"text-align: justify;\">Nachdem Rashid Hamid 2013 seine Ausbildung als Altenpfleger abgeschlossen hat, gr\u00fcndet der Hamburger, dessen Eltern aus Afghanistan stammen, 2021 seinen eigenen Pflegedienst. Er beginnt erste Videos von sich und seinen Klienten beim Internetportal TikTok zu teilen. Das bringt riesige Aufmerksamkeit. Mittlerweile folgen dem 32-J\u00e4hrigen dort knapp 100.000 Menschen. In seinem Buch &#8222;Ein Herz und eine Pflege. Vom Gl\u00fcck, f\u00fcr andere da zu sein&#8220; und in der &#8222;NDR Talk Show&#8220; erz\u00e4hlt der Vater einer Tochter von seinem Leben, den Begegnungen mit seinen Patienten und warum er sich immer wieder f\u00fcr seinen Beruf entscheiden w\u00fcrde.<\/p>\n","protected":false},"excerpt":{"rendered":"<p>NDR Fernsehen, HR Fernsehe, WDR Fernsehen, 22:00 Uhr &#8211; 00:00 Uhr! Moderation: Barbara Sch\u00f6neberger und Hubertus Meyer-Burckhardt!<\/p>\n","protected":false},"author":2,"featured_media":223412,"comment_status":"open","ping_status":"closed","sticky":false,"template":"","format":"standard","meta":{"_FSMCFIC_featured_image_caption":"","_FSMCFIC_featured_image_nocaption":"","_FSMCFIC_featured_image_hide":""},"categories":[29,128],"tags":[254],"acf":[],"_links":{"self":[{"href":"https:\/\/smago.de\/ws2\/wp-json\/wp\/v2\/posts\/223411"}],"collection":[{"href":"https:\/\/smago.de\/ws2\/wp-json\/wp\/v2\/posts"}],"about":[{"href":"https:\/\/smago.de\/ws2\/wp-json\/wp\/v2\/types\/post"}],"author":[{"embeddable":true,"href":"https:\/\/smago.de\/ws2\/wp-json\/wp\/v2\/users\/2"}],"replies":[{"embeddable":true,"href":"https:\/\/smago.de\/ws2\/wp-json\/wp\/v2\/comments?post=223411"}],"version-history":[{"count":2,"href":"https:\/\/smago.de\/ws2\/wp-json\/wp\/v2\/posts\/223411\/revisions"}],"predecessor-version":[{"id":223414,"href":"https:\/\/smago.de\/ws2\/wp-json\/wp\/v2\/posts\/223411\/revisions\/223414"}],"wp:featuredmedia":[{"embeddable":true,"href":"https:\/\/smago.de\/ws2\/wp-json\/wp\/v2\/media\/223412"}],"wp:attachment":[{"href":"https:\/\/smago.de\/ws2\/wp-json\/wp\/v2\/media?parent=223411"}],"wp:term":[{"taxonomy":"category","embeddable":true,"href":"https:\/\/smago.de\/ws2\/wp-json\/wp\/v2\/categories?post=223411"},{"taxonomy":"post_tag","embeddable":true,"href":"https:\/\/smago.de\/ws2\/wp-json\/wp\/v2\/tags?post=223411"}],"curies":[{"name":"wp","href":"https:\/\/api.w.org\/{rel}","templated":true}]}}