{"id":223321,"date":"2024-05-06T11:35:16","date_gmt":"2024-05-06T09:35:16","guid":{"rendered":"https:\/\/smago.de\/ws2\/?p=223321"},"modified":"2024-05-06T11:35:16","modified_gmt":"2024-05-06T09:35:16","slug":"eurovision-song-contest-esc-shows-countdown-und-aftershow-mit-arabella-kiesbauer-michael-schulte-und-remo-forrer","status":"publish","type":"post","link":"https:\/\/smago.de\/ws2\/uncategorized\/eurovision-song-contest-esc-shows-countdown-und-aftershow-mit-arabella-kiesbauer-michael-schulte-und-remo-forrer\/","title":{"rendered":"&#8222;EUROVISION SONG CONTEST&#8220; <br>ESC-Shows \u201eCountdown\u201d und \u201eAftershow\u201d mit Arabella Kiesbauer, Michael Schulte und Remo Forrer!"},"content":{"rendered":"<p>Sendungen: Sa., 11.05.2024, 20:15 Uhr UND ca. 01:00 Uhr \u2013 Das Erste, ORF 1 und SRF 1!<br \/>\n<!--more--><\/p>\n<p>&nbsp;<\/p>\n<p>&nbsp;<\/p>\n<p style=\"text-align: justify;\">Michael Schulte, Arabella Kiesbauer und Remo Forrer: Das sind die G\u00e4ste f\u00fcr die Rahmensendungen zum ESC-Finale, \u201eESC \u2013 der Countdown\u201d und \u201eESC \u2013 die Aftershow\u201d. Zusammen mit Moderatorin Barbara Sch\u00f6neberger werden sie am Sonnabend, 11. Mai, das Publikum in Deutschland, \u00d6sterreich und der Schweiz live aus Malm\u00f6 auf den weltgr\u00f6\u00dften Musikwettbewerb einstimmen. Sie sprechen \u00fcber die ber\u00fchrendsten und \u00fcberraschendsten Momente und erinnern an die gr\u00f6\u00dften Hits des Eurovision Song Contest. Zudem werden die Acts, die die drei L\u00e4nder in diesem Jahr in Schweden vertreten, zugeschaltet: Isaak, Kaleen und Nemo. ESC-Siegerin Conchita gibt dem TV-Publikum in einem kleinen Film spannende Einblicke hinter die Kulissen dieses einzigartigen Showevents.<\/p>\n<p style=\"text-align: justify;\">Der deutsche S\u00e4nger und Songwriter Michael Schulte wurde durch seine Teilnahme am Eurovision Song Contest f\u00fcr Deutschland im Jahr 2018 international bekannt \u2013 mit seiner ESC-Hymne \u201eYou let me walk alone\u201c erreichte er Platz 4. Sein Markenzeichen ist seine gef\u00fchlvolle Stimme, mit der er das Publikum auch immer wieder bei Unplugged-Auftritten ber\u00fchrt. \u201eYou let me walk alone\u201c wurde sogar international zum Chart-Erfolg. Ende 2023 ver\u00f6ffentlichte Michael Schulte sein Top-10-Album \u201eRemember Me\u201c, dessen Singleauskopplung \u201eWaterfall\u201c zu einem der gr\u00f6\u00dften Hits des Jahres wurde.<\/p>\n<p style=\"text-align: justify;\">Die TV-Karriere von Arabella Kiesbauer startete mit der Jugendsendung \u201eX-Large\u201c im ORF. \u00dcber die Landesgrenzen hinaus bekannt wurde die Moderatorin mit ihrer preisgekr\u00f6nten Talkshow \u201eArabella\u201c, die zehn Jahre lang im deutschen Fernsehen zu sehen war. Mit ihrer charmanten und direkten Art begeisterte sie dort als Gastgeberin die Zuschauerinnen und Zuschauer. 2015 moderierte Arabella Kiesbauer den \u201eEurovision Song Contest\u201c live aus der Stadthalle ihrer Heimatstadt Wien. In \u00d6sterreich kennt man sie auch als Moderatorin anderer erfolgreicher Shows wie \u201eStarmania\u201c und \u201eBauer sucht Frau\u201c.<\/p>\n<p style=\"text-align: justify;\">Noch gar nicht so lange zur\u00fcck liegt der ESC-Auftritt des Schweizer S\u00e4ngers Remo Forrer. Im vergangenen Mai vertrat er mit seiner kraftvollen Ballade \u201eWatergun\u201c die Schweiz im gro\u00dfen Finale. Remo Forrer ist ein musikalisches Multi-Talent, spielt Fl\u00f6te, Akkordeon und Klavier. In der Castingshow \u201eThe Voice of Switzerland\u201c konnte er sich 2020 gegen die Konkurrenz durchsetzen und die Show gewinnen. Als Orca verkleidet gelang ihm auch der Sieg in der Schweizer Ausgabe der Musikshow \u201eThe Masked Singer\u201c. Im M\u00e4rz beendete Remo Forrer eine erfolgreiche Club-Tour.<\/p>\n<p style=\"text-align: justify;\">Der \u201eESC \u2013 Countdown\u201c beginnt am Sonnabend, 11. Mai, um 20.15 Uhr und wird gleichzeitig im Ersten, in ORF 1 sowie SRF 1 ausgestrahlt. Danach folgt live ab 21.00 Uhr das Finale aus Malm\u00f6. Direkt im Anschluss kehrt Barbara Sch\u00f6neberger mit der \u201eESC \u2013 Aftershow\u201c zur\u00fcck, um den Sieger-Act und die glanzvollen Momente des Abends zu feiern.<\/p>\n<p style=\"text-align: justify;\">\n<p>&nbsp;<\/p>\n<p style=\"text-align: justify;\">Weitere Informationen zum Eurovision Song Contest im Internet unter <strong><a href=\"http:\/\/www.eurovision.de\/\">www.eurovision.de<\/a><\/strong>!<\/p>\n","protected":false},"excerpt":{"rendered":"<p>Sendungen: Sa., 11.05.2024, 20:15 Uhr UND ca. 01:00 Uhr \u2013 Das Erste, ORF 1 und SRF 1!<\/p>\n","protected":false},"author":2,"featured_media":223322,"comment_status":"open","ping_status":"closed","sticky":false,"template":"","format":"standard","meta":{"_FSMCFIC_featured_image_caption":"","_FSMCFIC_featured_image_nocaption":"","_FSMCFIC_featured_image_hide":""},"categories":[1],"tags":[85],"acf":[],"_links":{"self":[{"href":"https:\/\/smago.de\/ws2\/wp-json\/wp\/v2\/posts\/223321"}],"collection":[{"href":"https:\/\/smago.de\/ws2\/wp-json\/wp\/v2\/posts"}],"about":[{"href":"https:\/\/smago.de\/ws2\/wp-json\/wp\/v2\/types\/post"}],"author":[{"embeddable":true,"href":"https:\/\/smago.de\/ws2\/wp-json\/wp\/v2\/users\/2"}],"replies":[{"embeddable":true,"href":"https:\/\/smago.de\/ws2\/wp-json\/wp\/v2\/comments?post=223321"}],"version-history":[{"count":1,"href":"https:\/\/smago.de\/ws2\/wp-json\/wp\/v2\/posts\/223321\/revisions"}],"predecessor-version":[{"id":223323,"href":"https:\/\/smago.de\/ws2\/wp-json\/wp\/v2\/posts\/223321\/revisions\/223323"}],"wp:featuredmedia":[{"embeddable":true,"href":"https:\/\/smago.de\/ws2\/wp-json\/wp\/v2\/media\/223322"}],"wp:attachment":[{"href":"https:\/\/smago.de\/ws2\/wp-json\/wp\/v2\/media?parent=223321"}],"wp:term":[{"taxonomy":"category","embeddable":true,"href":"https:\/\/smago.de\/ws2\/wp-json\/wp\/v2\/categories?post=223321"},{"taxonomy":"post_tag","embeddable":true,"href":"https:\/\/smago.de\/ws2\/wp-json\/wp\/v2\/tags?post=223321"}],"curies":[{"name":"wp","href":"https:\/\/api.w.org\/{rel}","templated":true}]}}