{"id":223071,"date":"2024-05-03T00:00:51","date_gmt":"2024-05-02T22:00:51","guid":{"rendered":"https:\/\/smago.de\/ws2\/?p=223071"},"modified":"2024-05-02T12:28:16","modified_gmt":"2024-05-02T10:28:16","slug":"paola-felix-u-a-heute-03-05-2024-in-der-talk-show-3nach9-zu-gast","status":"publish","type":"post","link":"https:\/\/smago.de\/ws2\/schlager\/paola-felix-u-a-heute-03-05-2024-in-der-talk-show-3nach9-zu-gast\/","title":{"rendered":"PAOLA FELIX u.a. <br>Heute (03.05.2024) in der Talk-Show &#8222;3nach9&#8220; zu Gast!"},"content":{"rendered":"<p>NDR Fernsehen + HR Fernsehen, 22:00 Uhr &#8211; 00:00 Uhr! Moderation: Judith Rakers und Giovanni di Lorenzo!<br \/>\n<!--more--><\/p>\n<p style=\"text-align: justify;\">\n<p style=\"text-align: justify;\">\n<p style=\"text-align: justify;\">Judith Rakers und Giovanni di Lorenzo begr\u00fc\u00dfen folgende G\u00e4ste &#8230;:<\/p>\n<ul style=\"text-align: justify;\">\n<li>Paola Felix, S\u00e4ngerin und Moderatorin<\/li>\n<li>Jan Delay, Musiker<\/li>\n<li>J\u00f6rg Hartmann, Schauspieler<\/li>\n<li>Lena Meyer-Landrut, K\u00fcnstlerin und Model<\/li>\n<li>Kai Schmidt alias Lehrerschmidt, Lernvideo-Youtube-Star<\/li>\n<li>Lisa Kaltenegger, Astrophysikerin<\/li>\n<\/ul>\n<p style=\"text-align: justify;\">\n<p style=\"text-align: justify;\">\n<p style=\"text-align: justify;\">\n<ul style=\"text-align: justify;\">\n<li><strong>Paola Felix, S\u00e4ngerin und Moderatorin<\/strong><\/li>\n<\/ul>\n<p style=\"text-align: justify;\">\n<p style=\"text-align: justify;\">Sehr selten l\u00e4sst sie sich in der \u00d6ffentlichkeit blicken, umso mehr f\u00fchlt sich &#8222;3nach9&#8220; geehrt, die S\u00e4ngerin, Moderatorin und Entertainerin Paola Felix in Bremen zu begr\u00fc\u00dfen. Schon als junges M\u00e4dchen zeigt sich ihr musikalisches Ausnahmetalent. Bereits im Alter von 14 Jahren sammelt sie erste B\u00fchnenerfahrung, mit 18 Jahren belegt sie beim Grand Prix Eurovision de la Chanson (heute: Eurovision Song Contest) in Madrid den zweiten Platz. Elf Jahre sp\u00e4ter verpasst sie nur knapp das Siegertreppchen. Die Schweizerin mit italienischen Wurzeln heiratet 1980 ihren Seelenverwandten Kurt Felix. Von 1983 bis 1990 moderieren sie gemeinsam die Unterhaltungsshow &#8222;Verstehen Sie Spa\u00df?&#8220; und werden damit zu Fernsehlegenden. Wie sehr Musik ihren bisherigen Lebensweg bestimmt hat, wie ausgepr\u00e4gt ihre Verbindung nach Italien noch heute ist und \u00fcber den Unterschied von Spa\u00df und Schadenfreude, berichtet Paola Felix bei &#8222;3nach9&#8220;.<\/p>\n<p style=\"text-align: justify;\">\n<p style=\"text-align: justify;\">\n<p style=\"text-align: justify;\">\n<p style=\"text-align: justify;\">\n<ul style=\"text-align: justify;\">\n<li><strong>Jan Delay, Musiker<\/strong><\/li>\n<\/ul>\n<p style=\"text-align: justify;\">\n<p style=\"text-align: justify;\">Dieser Typ hat einfach Beat im Blut! Es gibt wohl kaum jemanden, der noch nicht die H\u00fcfte zu seinen Disco-Klassikern geschwungen hat, denn er und seine Band bringen &#8211; Achtung Zitat &#8211; &#8222;den Schei\u00df hier zum Kochen&#8220;! Jan Delay, stets im edlen Zwirn, mit Hut und Sonnenbrille gekleidet, ist der Chefstyler der Musikbranche. Seit 25 Jahren ver\u00f6ffentlicht der Hip-Hop-, Reggae-, Soul- und Funk-Musiker, der mit seiner Band Beginner auch abseits seiner Solopfade \u00e4u\u00dferst erfolgreich ist, Songs, die einfach gute Laune machen. Welche Erinnerungen er an seine Anf\u00e4nge hat und mit welchen Kl\u00e4ngen er und seine Band Disko No. 1 das &#8222;3nach9&#8220;-Publikum aus den Sesseln rei\u00dfen will, berichtet der SV Werder Bremen-Fan im Radio-Bremen-Studio an der Weser.<\/p>\n<p style=\"text-align: justify;\">\n<p style=\"text-align: justify;\">\n<p style=\"text-align: justify;\">\n<p style=\"text-align: justify;\">\n<ul style=\"text-align: justify;\">\n<li><strong>J\u00f6rg Hartmann, Schauspieler<\/strong><\/li>\n<\/ul>\n<p style=\"text-align: justify;\">\n<p style=\"text-align: justify;\">Er mag die kantigen und sperrigen Rollen. Vielleicht, weil er genau diese so grandios zu spielen wei\u00df: Schauspieler J\u00f6rg Hartmann z\u00e4hlt zu den bedeutendsten und vielseitigsten deutschen Charakterdarstellern und ist sp\u00e4testens durch seine Rollen als Stasioffizier in der ARD-Serie &#8222;Weissensee&#8220; oder als Dortmunder &#8222;Tatort&#8220;-Kommissar nicht mehr aus der Fernsehlandschaft wegzudenken. Neben seinem schauspielerischen Talent ist der 54-J\u00e4hrige ein enorm unterhaltsamer Erz\u00e4hler, nicht nur, aber besonders, wenn er \u00fcber das Ruhrgebiet spricht, seine Geburtsstadt Herdecke und seine Kindheit an einer Frittenbude auf einer Verkehrsinsel. \u00dcber all dies hat er nun sein literarisches Deb\u00fct verfasst und erz\u00e4hlt auf hinrei\u00dfende Weise seine Geschichte und die seiner Eltern und Gro\u00dfeltern. Welche Familienerlebnisse ihn besonders gepr\u00e4gt haben und warum man immer wieder zu seinen Wurzeln zur\u00fcckkehrt, erz\u00e4hlt J\u00f6rg Hartmann bei &#8222;3nach9&#8220;.<\/p>\n<p style=\"text-align: justify;\">\n<p style=\"text-align: justify;\">\n<p style=\"text-align: justify;\">\n<p style=\"text-align: justify;\">\n<ul style=\"text-align: justify;\">\n<li><strong>Lena Meyer-Landrut, K\u00fcnstlerin und Model<\/strong><\/li>\n<\/ul>\n<p style=\"text-align: justify;\">\n<p style=\"text-align: justify;\">Sie gewann den Eurovision Song Contest im Jahr 2010 und erlangte damit den insgesamt zweiten Sieg f\u00fcr Deutschland: Lena Meyer-Landrut. Mit dem Ohrwurm-Song &#8222;Satellite&#8220; sang sich die damals 18-J\u00e4hrige in die Herzen der Republik und ganz Europa und ist seither ein fester Bestandteil der deutschen Musikszene. Ihre Songs landen immer wieder hochplatziert in den Charts. Und auch sonst ist die geb\u00fcrtige Hannoveranerin extrem erfolgreich: Von der ersten Sendung an arbeitet sie als Coach und Jurymitglied in der erfolgreichen Castingshow &#8222;The Voice Kids&#8220;, ist Synchron- und H\u00f6rspielsprecherin, Model und Werbegesicht. Wie sie die Anf\u00e4nge ihrer Karriere erinnert, was sie heute anders machen w\u00fcrde und wieso sie die Fu\u00dfballhymne des ersten 1. FC K\u00f6ln perfekt beherrscht, erz\u00e4hlt Lena Meyer-Landrut bei &#8222;3nach9&#8220;.<\/p>\n<p>&nbsp;<\/p>\n<p>&nbsp;<\/p>\n<p>&nbsp;<\/p>\n<figure id=\"attachment_214489\" aria-describedby=\"caption-attachment-214489\" style=\"width: 800px\" class=\"wp-caption alignnone\"><img decoding=\"async\" loading=\"lazy\" class=\"size-large wp-image-214489\" src=\"https:\/\/smago.de\/ws2\/wp-content\/uploads\/2023\/11\/2_3nach9_Judith_Rakers_und_Giovanni_di_Lorenzo_2019-800x528.jpg\" alt=\"\" width=\"800\" height=\"528\" srcset=\"https:\/\/smago.de\/ws2\/wp-content\/uploads\/2023\/11\/2_3nach9_Judith_Rakers_und_Giovanni_di_Lorenzo_2019-800x528.jpg 800w, https:\/\/smago.de\/ws2\/wp-content\/uploads\/2023\/11\/2_3nach9_Judith_Rakers_und_Giovanni_di_Lorenzo_2019-522x345.jpg 522w, https:\/\/smago.de\/ws2\/wp-content\/uploads\/2023\/11\/2_3nach9_Judith_Rakers_und_Giovanni_di_Lorenzo_2019-227x150.jpg 227w, https:\/\/smago.de\/ws2\/wp-content\/uploads\/2023\/11\/2_3nach9_Judith_Rakers_und_Giovanni_di_Lorenzo_2019-768x507.jpg 768w, https:\/\/smago.de\/ws2\/wp-content\/uploads\/2023\/11\/2_3nach9_Judith_Rakers_und_Giovanni_di_Lorenzo_2019-1536x1014.jpg 1536w, https:\/\/smago.de\/ws2\/wp-content\/uploads\/2023\/11\/2_3nach9_Judith_Rakers_und_Giovanni_di_Lorenzo_2019-2048x1352.jpg 2048w, https:\/\/smago.de\/ws2\/wp-content\/uploads\/2023\/11\/2_3nach9_Judith_Rakers_und_Giovanni_di_Lorenzo_2019-392x259.jpg 392w, https:\/\/smago.de\/ws2\/wp-content\/uploads\/2023\/11\/2_3nach9_Judith_Rakers_und_Giovanni_di_Lorenzo_2019-130x86.jpg 130w, https:\/\/smago.de\/ws2\/wp-content\/uploads\/2023\/11\/2_3nach9_Judith_Rakers_und_Giovanni_di_Lorenzo_2019-674x445.jpg 674w, https:\/\/smago.de\/ws2\/wp-content\/uploads\/2023\/11\/2_3nach9_Judith_Rakers_und_Giovanni_di_Lorenzo_2019-791x522.jpg 791w, https:\/\/smago.de\/ws2\/wp-content\/uploads\/2023\/11\/2_3nach9_Judith_Rakers_und_Giovanni_di_Lorenzo_2019-288x190.jpg 288w, https:\/\/smago.de\/ws2\/wp-content\/uploads\/2023\/11\/2_3nach9_Judith_Rakers_und_Giovanni_di_Lorenzo_2019-435x287.jpg 435w, https:\/\/smago.de\/ws2\/wp-content\/uploads\/2023\/11\/2_3nach9_Judith_Rakers_und_Giovanni_di_Lorenzo_2019-150x100.jpg 150w\" sizes=\"(max-width: 800px) 100vw, 800px\" \/><figcaption id=\"caption-attachment-214489\" class=\"wp-caption-text\"><\/em> <em>Judith Rakers und Giovanni di Lorenzo<\/em><\/p>\n<p><em>\u00a9 Radio Bremen \/ Matthias Hornung<\/em><\/figcaption><\/figure>\n","protected":false},"excerpt":{"rendered":"<p>NDR Fernsehen + HR Fernsehen, 22:00 Uhr &#8211; 00:00 Uhr! Moderation: Judith Rakers und Giovanni di Lorenzo!<\/p>\n","protected":false},"author":2,"featured_media":214489,"comment_status":"open","ping_status":"closed","sticky":false,"template":"","format":"standard","meta":{"_FSMCFIC_featured_image_caption":"","_FSMCFIC_featured_image_nocaption":"","_FSMCFIC_featured_image_hide":""},"categories":[29,128],"tags":[215],"acf":[],"_links":{"self":[{"href":"https:\/\/smago.de\/ws2\/wp-json\/wp\/v2\/posts\/223071"}],"collection":[{"href":"https:\/\/smago.de\/ws2\/wp-json\/wp\/v2\/posts"}],"about":[{"href":"https:\/\/smago.de\/ws2\/wp-json\/wp\/v2\/types\/post"}],"author":[{"embeddable":true,"href":"https:\/\/smago.de\/ws2\/wp-json\/wp\/v2\/users\/2"}],"replies":[{"embeddable":true,"href":"https:\/\/smago.de\/ws2\/wp-json\/wp\/v2\/comments?post=223071"}],"version-history":[{"count":1,"href":"https:\/\/smago.de\/ws2\/wp-json\/wp\/v2\/posts\/223071\/revisions"}],"predecessor-version":[{"id":223072,"href":"https:\/\/smago.de\/ws2\/wp-json\/wp\/v2\/posts\/223071\/revisions\/223072"}],"wp:featuredmedia":[{"embeddable":true,"href":"https:\/\/smago.de\/ws2\/wp-json\/wp\/v2\/media\/214489"}],"wp:attachment":[{"href":"https:\/\/smago.de\/ws2\/wp-json\/wp\/v2\/media?parent=223071"}],"wp:term":[{"taxonomy":"category","embeddable":true,"href":"https:\/\/smago.de\/ws2\/wp-json\/wp\/v2\/categories?post=223071"},{"taxonomy":"post_tag","embeddable":true,"href":"https:\/\/smago.de\/ws2\/wp-json\/wp\/v2\/tags?post=223071"}],"curies":[{"name":"wp","href":"https:\/\/api.w.org\/{rel}","templated":true}]}}