{"id":223038,"date":"2024-05-02T23:58:20","date_gmt":"2024-05-02T21:58:20","guid":{"rendered":"https:\/\/smago.de\/ws2\/?p=223038"},"modified":"2024-05-01T14:03:28","modified_gmt":"2024-05-01T12:03:28","slug":"jutta-speidel-u-a-fr-03-05-2024-in-der-talk-show-koelner-treff-zu-gast","status":"publish","type":"post","link":"https:\/\/smago.de\/ws2\/schlager\/jutta-speidel-u-a-fr-03-05-2024-in-der-talk-show-koelner-treff-zu-gast\/","title":{"rendered":"JUTTA SPEIDEL u.a. <br>Fr. (03.05.2024) in der Talk-Show &#8222;K\u00f6lner Treff&#8220; zu Gast!"},"content":{"rendered":"<p>WDR Fernsehen, 22:00 Uhr &#8211; 00:00 Uhr (1. Wh. in der Nacht auf 04.05., 01:30 Uhr &#8211; 03:30 Uhr; 2. Wh.: 05.05., 09:30 Uhr &#8211; 11:30 Uhr)! Moderation: <span class=\"title columns\"><span class=\"subtitle\">Susan Link &amp; Micky Beisenherz<\/span><\/span><span class=\"labels columns\"><span class=\"tip-label hasThumbImage mr10\" title=\"TV-Tipp!\">!<br \/>\n<!--more--><\/span><\/span><\/p>\n<div class=\"left-list-col columns\" style=\"text-align: justify;\">\n<\/div>\n<div style=\"text-align: justify;\"><\/div>\n<div style=\"text-align: justify;\"><\/div>\n<div style=\"text-align: justify;\">Im K\u00f6lner Treff zu Gast bei Micky Beisenherz und Susan Link sind unter anderem Schauspielerin Jutta Speidel, K\u00f6chin Lea Linster, Zauberer Marc Weide, Adelsexperte Michael Begasse und ehemalige Tennisprofispielerin Andrea Petkovi\u0107.<\/div>\n<div style=\"text-align: justify;\"><\/div>\n<div style=\"text-align: justify;\"><\/div>\n<div style=\"text-align: justify;\"><\/div>\n<div>\n<h2 class=\"subtitle small\" style=\"text-align: justify;\">\nJutta Speidel<\/h2>\n<p style=\"text-align: justify;\">\nSeit ihrem 15. Lebensjahr hat die Schauspielerin in mehr als 150 Produktionen mitgewirkt. Ob in Serien wie &#8222;Drei sind einer zu viel&#8220;, dem Thriller &#8222;Fleisch&#8220; oder dem ARD-Erfolg &#8222;Um Himmels Willen&#8220; \u2013 Speidel avancierte im Laufe ihrer Karriere zum Erfolgsgarant im deutschen Fernsehen. Seit 1997 ist der von ihr f\u00fcr obdachlose Frauen und Kinder gegr\u00fcndete Verein &#8222;Horizont e. V.&#8220; ihr zweites Standbein. Zu ihrem 70. Geburtstag betritt sie nun neues Terrain und erz\u00e4hlt die Geschichte eines M\u00e4dchens, das gegen alle Widerst\u00e4nde Clown werden will.<\/p>\n<div class=\"mediaCon mediaBottom small\" style=\"text-align: justify;\">\n<div class=\"media mediaA\">\n<div class=\"mediaInfo\">\n<p class=\"infotext\">\n<\/div>\n<\/div>\n<\/div>\n<h2 style=\"text-align: justify;\">\n<p>Andrea Petkovic<\/h2>\n<p style=\"text-align: justify;\">\nSie z\u00e4hlt zu den bekanntesten und erfolgreichsten Tennisspielerinnen Deutschlands, erreichte 2011 und 2015 jeweils die Top 10 der Weltrangliste. Vor knapp zwei Jahren beendete die Darmst\u00e4dter Weltklasse-Sportlerin ihre Tenniskarriere. Nach 16 Jahren im Profi-Tennis war Schluss.\u00a0Mittlerweile arbeitet die 36-J\u00e4hrige als Mentorin f\u00fcr Tennis-Talente, kommentiert f\u00fcr den Bezahlsender Sky und will weiter B\u00fccher schreiben. Denn in der Literaturszene konnte sie sich bereits als neue Stimme etablieren. Nur eines sagt sie, muss sie wohl noch lernen: Dinge auch ohne Ziel, einfach zum Spa\u00df zu tun.<\/p>\n<div class=\"mediaCon mediaBottom small\" style=\"text-align: justify;\">\n<div class=\"media mediaA\"><\/div>\n<\/div>\n<h2 style=\"text-align: justify;\">\n<p>Thorsten Schorn<\/h2>\n<p style=\"text-align: justify;\">\nEr ist der neue deutsche Kommentator beim Eurovision Song Contest und wird als Nachfolger des legend\u00e4ren Peter Urban im Mai durch das gro\u00dfe Finale des ESC in Malm\u00f6 f\u00fchren. Vor allem aber ist der 48-j\u00e4hrige K\u00f6lner Radiomensch aus Leidenschaft! Seine Stimme begeistert nicht nur das Rundfunk-Publikum zun\u00e4chts bei 1Live, mittlerweile bei WDR 2, auch als Sprecher des Vox-Erfolgformats &#8222;Shopping Queen&#8220; hat er zahlreiche Fans. Beim ESC muss er die Fans erst noch gewinnen und daf\u00fcr auch sein Lampenfieber in Schach halten.<\/p>\n<div class=\"mediaCon mediaBottom small\" style=\"text-align: justify;\">\n<div class=\"media mediaA\"><\/div>\n<\/div>\n<h2 style=\"text-align: justify;\">\n<p>L\u00e9a Linster<\/h2>\n<p style=\"text-align: justify;\">\nDie luxemburgische Stark\u00f6chin ist bis heute die einzige Frau, die den &#8222;Bocuse d&#8217;Or&#8220; gewonnen hat. Doch vor allem ihre F\u00e4higkeit, als Fernsehk\u00f6chin und Kochbuchautorin die franz\u00f6sische Sternek\u00fcche in alltagstaugliche Rezepte umzusetzen, hat sie weit \u00fcber die Grenzen ihres Heimatlandes hinaus bekannt und beliebt gemacht. In jeder Situation begeistert L\u00e9a Linster mit Humor und Lebensweisheit. Um zufrieden zu sein, braucht es f\u00fcr sie keinen gro\u00dfen Luxus: Eine Scheibe Brot, noch ofenwarm, reichlich gebuttert und mit etwas Salz bestreut, macht die mehrfach ausgezeichnete K\u00f6chin gl\u00fccklich.<\/p>\n<div class=\"mediaCon mediaBottom small\" style=\"text-align: justify;\">\n<div class=\"media mediaA\"><\/div>\n<\/div>\n<h2 style=\"text-align: justify;\">\n<p>Michael Begasse<\/h2>\n<p style=\"text-align: justify;\">\nSeit \u00fcber 30 Jahren ist er zust\u00e4ndig f\u00fcr royale Ereignisse in Radio und TV. Der Adelsexperte Michael Begasse hat nahezu alle k\u00f6niglichen Hochzeiten und Gro\u00dfereignisse hautnah miterlebt. Doch kaum nahm er sich Ende Januar eine Reise-Auszeit, \u00fcberschlugen sich in London die Ereignisse: Eine royale Fotopanne und Krebsdiagnosen von K\u00f6nig Charles und Prinzessin Kate hielten auch ihn in Bann. Nun blickt der RTL-Royal-Kenner auf ein Jahr &#8222;King&#8220; Charles und zieht eine positive Bilanz. &#8222;Erster Job mit 73! \u2013 geht doch!&#8220;<\/p>\n<div class=\"mediaCon mediaBottom small\" style=\"text-align: justify;\">\n<div class=\"media mediaA\"><\/div>\n<\/div>\n<h2 style=\"text-align: justify;\">\n<p>Marc Weide<\/h2>\n<p style=\"text-align: justify;\">\nSchon mit elf Jahren war f\u00fcr ihn klar, dass er Zauberer werden will. Ausschlaggebend war ein Besuch bei David Copperfield, der ihn bei einer Show in Oberhausen auf die B\u00fchne holte \u2013 und verzauberte. 2018 wurde der geb\u00fcrtige Wuppertaler dann sogar Weltmeister der Zauberei in der Kategorie &#8222;Salon-Magie&#8220;. Gerade erst zauberte er f\u00fcr Bundespr\u00e4sident Frank-Walter Steinmeier, bevor er demn\u00e4chst mit seinem zweiten B\u00fchnenprogramm &#8222;Augenweide&#8220; wieder auf Tour geht.<\/p>\n<\/div>\n","protected":false},"excerpt":{"rendered":"<p>WDR Fernsehen, 22:00 Uhr &#8211; 00:00 Uhr (1. Wh. in der Nacht auf 04.05., 01:30 Uhr &#8211; 03:30 Uhr; 2.<\/p>\n","protected":false},"author":2,"featured_media":222630,"comment_status":"open","ping_status":"closed","sticky":false,"template":"","format":"standard","meta":{"_FSMCFIC_featured_image_caption":"","_FSMCFIC_featured_image_nocaption":"","_FSMCFIC_featured_image_hide":""},"categories":[29,128],"tags":[129],"acf":[],"_links":{"self":[{"href":"https:\/\/smago.de\/ws2\/wp-json\/wp\/v2\/posts\/223038"}],"collection":[{"href":"https:\/\/smago.de\/ws2\/wp-json\/wp\/v2\/posts"}],"about":[{"href":"https:\/\/smago.de\/ws2\/wp-json\/wp\/v2\/types\/post"}],"author":[{"embeddable":true,"href":"https:\/\/smago.de\/ws2\/wp-json\/wp\/v2\/users\/2"}],"replies":[{"embeddable":true,"href":"https:\/\/smago.de\/ws2\/wp-json\/wp\/v2\/comments?post=223038"}],"version-history":[{"count":3,"href":"https:\/\/smago.de\/ws2\/wp-json\/wp\/v2\/posts\/223038\/revisions"}],"predecessor-version":[{"id":223041,"href":"https:\/\/smago.de\/ws2\/wp-json\/wp\/v2\/posts\/223038\/revisions\/223041"}],"wp:featuredmedia":[{"embeddable":true,"href":"https:\/\/smago.de\/ws2\/wp-json\/wp\/v2\/media\/222630"}],"wp:attachment":[{"href":"https:\/\/smago.de\/ws2\/wp-json\/wp\/v2\/media?parent=223038"}],"wp:term":[{"taxonomy":"category","embeddable":true,"href":"https:\/\/smago.de\/ws2\/wp-json\/wp\/v2\/categories?post=223038"},{"taxonomy":"post_tag","embeddable":true,"href":"https:\/\/smago.de\/ws2\/wp-json\/wp\/v2\/tags?post=223038"}],"curies":[{"name":"wp","href":"https:\/\/api.w.org\/{rel}","templated":true}]}}