{"id":222676,"date":"2024-04-26T00:00:53","date_gmt":"2024-04-25T22:00:53","guid":{"rendered":"https:\/\/smago.de\/ws2\/?p=222676"},"modified":"2024-04-25T19:47:19","modified_gmt":"2024-04-25T17:47:19","slug":"susan-ebrahimi-bruno-ferrara-mit-dir-kann-ich-fliegen-susan-und-bruno-begeistern-im-duett","status":"publish","type":"post","link":"https:\/\/smago.de\/ws2\/pop-schlager\/susan-ebrahimi-bruno-ferrara-mit-dir-kann-ich-fliegen-susan-und-bruno-begeistern-im-duett\/","title":{"rendered":"SUSAN EBRAHIMI &#038; BRUNO FERRARA <br>\u201eMit dir kann ich fliegen\u201c: Susan und Bruno begeistern im Duett!"},"content":{"rendered":"<p style=\"font-weight: 400;\">Der fr\u00f6hliche Popschlager des Duos feiert das Leben und die Liebe auf Deutsch und Italienisch!<\/p>\n<p><!--more--><\/p>\n<p>&nbsp;<\/p>\n<p>&nbsp;<\/p>\n<p>&nbsp;<\/p>\n<p style=\"font-weight: 400; text-align: justify;\">Mit \u201eMit dir kann ich fliegen\u201c pr\u00e4sentieren SUSAN EBRAHIMI und BRUNO FERRARA ein deutsch-italienisches Schlagerduett. Der modern produzierte Popschlager zelebriert das Gef\u00fchl der Freiheit und des Verliebtseins und l\u00e4dt mit seinem tanzbaren Rhythmus zum Mitmachen ein. Die beiden Solok\u00fcnstler haben sich erstmals als Duett zusammengetan, um ihre musikalischen St\u00e4rken zu vereinen und eine charmante Mischung aus franz\u00f6sischem (SUSAN ist bekannt daf\u00fcr, frankophil zu sein und die franz\u00f6sische Lebensart zu lieben) und italienischem Flair zu kreieren.<\/p>\n<p style=\"font-weight: 400; text-align: justify;\">Der Song entstand aus einer spontanen Inspiration. Bei einem geselligen Abend im Sommer hatten SUSAN und BRUNO die Idee, ihre musikalischen Pers\u00f6nlichkeiten zu kombinieren, um \u201esavoir vivre\u201c und \u201edolce vita\u201c in einem Lied zu verschmelzen. Die beiden schrieben den Text gemeinsam und begeisterten ihren erfahrenen Produzenten WILLY KL\u00dcTER f\u00fcr das Projekt, der zusammen mit BRUNO FERRARA und MANFRED HOCHHOLZER die Komposition entwickelte.<\/p>\n<p style=\"font-weight: 400; text-align: justify;\">\u201eMit dir kann ich fliegen\u201c ist ein Ohrwurm, der das Gef\u00fchl von Sommer, Urlaub und Leichtigkeit vermittelt. Der tanzbare Popschlager weckt Erinnerungen an sonnige Tage, wolkenlose Himmel und Cabrio-Fahrten durch enge italienische Dorfgassen. Die Akkordeonkl\u00e4nge und der fr\u00f6hliche Rhythmus lassen einen sofort mitwippen und verbreiten gute Laune (\u201eMit dir f\u00fchl ich mich frei und lieb das Leben\u201c).<\/p>\n<p style=\"font-weight: 400; text-align: justify;\">SUSAN EBRAHIMI und BRUNO FERRARA haben beide bereits eine erfolgreiche Solokarriere hinter sich. SUSAN ist bekannt f\u00fcr ihre mitrei\u00dfenden Auftritte und Hits, die in den Airplay Charts \u201eDeutschland Konservativ Pop\u201c wochenlang Spitzenpositionen belegten. BRUNO ist durch seine italienischen Hits und charmanten B\u00fchnenauftritte ein beliebter Schlagerstar. Gemeinsam bringen sie nun eine neue Energie in die Schlagerlandschaft.<\/p>\n<p style=\"font-weight: 400; text-align: justify;\">Der Song \u201eMit dir kann ich fliegen\u201c zeigt somit, dass SUSAN und BRUNO nicht nur als Solisten, sondern auch als Duett gl\u00e4nzen k\u00f6nnen. Der fr\u00f6hliche Popschlager feiert das Leben und die Liebe und l\u00e4dt dazu ein, f\u00fcr einen Moment den Alltag hinter sich zu lassen und einfach zu fliegen.<\/p>\n<p>&nbsp;<\/p>\n<p>&nbsp;<\/p>\n<p><iframe loading=\"lazy\" src=\"\/\/www.youtube.com\/embed\/slzEnuNuuM8\" width=\"800\" height=\"449\" allowfullscreen=\"allowfullscreen\"><\/iframe><\/p>\n<p>&nbsp;<\/p>\n<p>&nbsp;<\/p>\n<p>&nbsp;<\/p>\n<p><img decoding=\"async\" loading=\"lazy\" class=\"alignnone size-large wp-image-222454\" src=\"https:\/\/smago.de\/ws2\/wp-content\/uploads\/2024\/04\/Cover-Susan-Bruno-Layout-1-2-800x800.jpg\" alt=\"\" width=\"800\" height=\"800\" srcset=\"https:\/\/smago.de\/ws2\/wp-content\/uploads\/2024\/04\/Cover-Susan-Bruno-Layout-1-2-800x800.jpg 800w, https:\/\/smago.de\/ws2\/wp-content\/uploads\/2024\/04\/Cover-Susan-Bruno-Layout-1-2-522x522.jpg 522w, https:\/\/smago.de\/ws2\/wp-content\/uploads\/2024\/04\/Cover-Susan-Bruno-Layout-1-2-150x150.jpg 150w, https:\/\/smago.de\/ws2\/wp-content\/uploads\/2024\/04\/Cover-Susan-Bruno-Layout-1-2-768x768.jpg 768w, https:\/\/smago.de\/ws2\/wp-content\/uploads\/2024\/04\/Cover-Susan-Bruno-Layout-1-2-1536x1536.jpg 1536w, https:\/\/smago.de\/ws2\/wp-content\/uploads\/2024\/04\/Cover-Susan-Bruno-Layout-1-2-2048x2048.jpg 2048w, https:\/\/smago.de\/ws2\/wp-content\/uploads\/2024\/04\/Cover-Susan-Bruno-Layout-1-2-272x272.jpg 272w, https:\/\/smago.de\/ws2\/wp-content\/uploads\/2024\/04\/Cover-Susan-Bruno-Layout-1-2-600x600.jpg 600w, https:\/\/smago.de\/ws2\/wp-content\/uploads\/2024\/04\/Cover-Susan-Bruno-Layout-1-2-130x130.jpg 130w, https:\/\/smago.de\/ws2\/wp-content\/uploads\/2024\/04\/Cover-Susan-Bruno-Layout-1-2-445x445.jpg 445w, https:\/\/smago.de\/ws2\/wp-content\/uploads\/2024\/04\/Cover-Susan-Bruno-Layout-1-2-190x190.jpg 190w, https:\/\/smago.de\/ws2\/wp-content\/uploads\/2024\/04\/Cover-Susan-Bruno-Layout-1-2-290x290.jpg 290w\" sizes=\"(max-width: 800px) 100vw, 800px\" \/><\/p>\n","protected":false},"excerpt":{"rendered":"<p>Der fr\u00f6hliche Popschlager des Duos feiert das Leben und die Liebe auf Deutsch und Italienisch!<\/p>\n","protected":false},"author":2,"featured_media":222455,"comment_status":"open","ping_status":"closed","sticky":false,"template":"","format":"standard","meta":{"_FSMCFIC_featured_image_caption":"","_FSMCFIC_featured_image_nocaption":"","_FSMCFIC_featured_image_hide":""},"categories":[28,29],"tags":[3769],"acf":[],"_links":{"self":[{"href":"https:\/\/smago.de\/ws2\/wp-json\/wp\/v2\/posts\/222676"}],"collection":[{"href":"https:\/\/smago.de\/ws2\/wp-json\/wp\/v2\/posts"}],"about":[{"href":"https:\/\/smago.de\/ws2\/wp-json\/wp\/v2\/types\/post"}],"author":[{"embeddable":true,"href":"https:\/\/smago.de\/ws2\/wp-json\/wp\/v2\/users\/2"}],"replies":[{"embeddable":true,"href":"https:\/\/smago.de\/ws2\/wp-json\/wp\/v2\/comments?post=222676"}],"version-history":[{"count":3,"href":"https:\/\/smago.de\/ws2\/wp-json\/wp\/v2\/posts\/222676\/revisions"}],"predecessor-version":[{"id":222679,"href":"https:\/\/smago.de\/ws2\/wp-json\/wp\/v2\/posts\/222676\/revisions\/222679"}],"wp:featuredmedia":[{"embeddable":true,"href":"https:\/\/smago.de\/ws2\/wp-json\/wp\/v2\/media\/222455"}],"wp:attachment":[{"href":"https:\/\/smago.de\/ws2\/wp-json\/wp\/v2\/media?parent=222676"}],"wp:term":[{"taxonomy":"category","embeddable":true,"href":"https:\/\/smago.de\/ws2\/wp-json\/wp\/v2\/categories?post=222676"},{"taxonomy":"post_tag","embeddable":true,"href":"https:\/\/smago.de\/ws2\/wp-json\/wp\/v2\/tags?post=222676"}],"curies":[{"name":"wp","href":"https:\/\/api.w.org\/{rel}","templated":true}]}}