{"id":222624,"date":"2024-04-25T11:57:18","date_gmt":"2024-04-25T09:57:18","guid":{"rendered":"https:\/\/smago.de\/ws2\/?p=222624"},"modified":"2024-04-25T11:57:18","modified_gmt":"2024-04-25T09:57:18","slug":"smago-informiert-ndr-radio-bremen-und-mdr-kooperieren-bei-tv-sendeabwicklung","status":"publish","type":"post","link":"https:\/\/smago.de\/ws2\/smago-informiert\/smago-informiert-ndr-radio-bremen-und-mdr-kooperieren-bei-tv-sendeabwicklung\/","title":{"rendered":"smago! INFORMIERT <br>NDR, Radio Bremen und MDR kooperieren bei TV-Sendeabwicklung!"},"content":{"rendered":"<p style=\"text-align: justify;\">Diese Neuaufstellung der Sendeabwicklung unter Federf\u00fchrung des MDR ist Teil einer umfassenden Strukturreform innerhalb der ARD &#8230;:<br \/>\n<!--more--><\/p>\n<p style=\"text-align: justify;\">\n<p style=\"text-align: justify;\">\n<p style=\"text-align: justify;\">\n<p style=\"text-align: justify;\">Kostensenkung durch Kooperation im Technikbereich: Der Norddeutsche Rundfunk (NDR), Radio Bremen und der Mitteldeutsche Rundfunk (MDR) r\u00fccken n\u00e4her zusammen und kooperieren bei der Sendeabwicklung. Die technische Abwicklung der linearen Fernsehprogramme von NDR und Radio Bremen erfolgt ab sofort \u00fcber den MDR in Leipzig. Von dort aus l\u00e4uft die neue Sendeabwicklung bereits zentral f\u00fcr das MDR-Fernsehen.<\/p>\n<p style=\"text-align: justify;\">Diese Neuaufstellung der Sendeabwicklung unter Federf\u00fchrung des MDR ist Teil einer umfassenden Strukturreform innerhalb der ARD.<\/p>\n<p style=\"text-align: justify;\">\n<p style=\"text-align: justify;\">\n<p style=\"text-align: justify;\">\n<p style=\"text-align: justify;\"><strong>MDR-Betriebsdirektor Ulrich Liebenow<\/strong>: \u201eDiese Reform sieht eine Arbeitsteilung und das Zusammenf\u00fchren von Kompetenzen vor, um Kosten zu senken. Um Synergieeffekte zu erzielen, b\u00fcndeln wir mit unserer neuen gemeinsamen Sendeabwicklung am Standort Leipzig den technischen Part der Aussendung. Dabei werden die einzelnen Programmelemente f\u00fcr die linearen Fernsehprogramme von NDR, Radio Bremen und MDR f\u00fcr alle Verbreitungswege jeweils effizient zusammengestellt.\u201c<\/p>\n<p style=\"text-align: justify;\">\n<p style=\"text-align: justify;\">\n<p style=\"text-align: justify;\"><strong>Sascha Molina, Produktionsdirektor des NDR,<\/strong> erg\u00e4nzt: \u201eDie neue Sendeabwicklung ist ein tolles Kooperationsprojekt der ARD. Es ist damit auch im Sinne der Beitragszahlenden gelungen, durch optimierte, standort\u00fcbergreifende Zusammenarbeit zwischen MDR, Radio Bremen und NDR erhebliche Einsparungen zu erzielen, ohne dass f\u00fcr unser Publikum Einschr\u00e4nkungen zu sp\u00fcren sein werden. Das konnte auch dadurch erreicht werden, dass es gelungen ist, die Zusammenarbeit zwischen MDR, Radio Bremen und NDR auf jeder Ebene sehr effizient, kollegial und ergebnisorientiert zu gestalten und weiterzuentwickeln, um so den \u00f6ffentlich-rechtlichen Rundfunk zu st\u00e4rken.\u201c<\/p>\n<p style=\"text-align: justify;\">\n<p style=\"text-align: justify;\">\n<p style=\"text-align: justify;\"><strong>Jan Schrader, Betriebsdirektor von Radio Bremen<\/strong>, betont: \u201eWir b\u00fcndeln unsere Expertise, nutzen Ressourcen gemeinsam, setzen zukunftsorientierte L\u00f6sungen um und erhalten dabei die Programmautonomie der jeweiligen Fernsehprogramme. Radio Bremen freut sich mit dieser Kooperation einen weiteren Baustein in der gemeinschaftlichen Zusammenarbeit innerhalb der ARD bzw. mit dem MDR und dem NDR setzen zu k\u00f6nnen.\u201d<\/p>\n<p style=\"text-align: justify;\">\n<p style=\"text-align: justify;\">\n<p style=\"text-align: justify;\">\n<p style=\"text-align: justify;\">\n<p style=\"text-align: justify;\"><strong>Was TV-Zuschauerinnen und -Zuschauer beachten m\u00fcssen<\/strong><\/p>\n<p style=\"text-align: justify;\">\n<p style=\"text-align: justify;\">F\u00fcr Zuschauerinnen und Zuschauer besteht kein Handlungsbedarf. Jedoch gilt zu beachten: In den Logos von NDR und Radio Bremen entf\u00e4llt ab sofort der Zusatz \u201eHD\u201c. Trotz dieser Anpassung senden die jeweiligen Programme weiterhin in HD-Qualit\u00e4t. Den MDR-Zuschauerinnen und -Zuschauern ist dies bereits vertraut, da der MDR die neue Sendeabwicklung seit rund einem Jahr f\u00fcr seine lineare Ausspielung nutzt.<\/p>\n<p style=\"text-align: justify;\">\n<p style=\"text-align: justify;\">\n<p style=\"text-align: justify;\">\n<p style=\"text-align: justify;\"><strong>TV-Sendungen perfekt planen: Das bedeutet Sendeabwicklung<\/strong><\/p>\n<p style=\"text-align: justify;\">\n<p style=\"text-align: justify;\">Eine Sendeabwicklung ist eine technische Einrichtung, die daf\u00fcr sorgt, dass Sendungen im linearen Fernsehen reibungslos ausgestrahlt werden k\u00f6nnen. Dabei geht es darum, alle technischen und organisatorischen Schritte zu planen und durchzuf\u00fchren, damit die Sendungen p\u00fcnktlich und in optimaler Qualit\u00e4t beim Publikum ankommen.<\/p>\n","protected":false},"excerpt":{"rendered":"<p>Diese Neuaufstellung der Sendeabwicklung unter Federf\u00fchrung des MDR ist Teil einer umfassenden Strukturreform innerhalb der ARD &#8230;:<\/p>\n","protected":false},"author":2,"featured_media":170667,"comment_status":"open","ping_status":"closed","sticky":false,"template":"","format":"standard","meta":{"_FSMCFIC_featured_image_caption":"","_FSMCFIC_featured_image_nocaption":"","_FSMCFIC_featured_image_hide":""},"categories":[33],"tags":[60],"acf":[],"_links":{"self":[{"href":"https:\/\/smago.de\/ws2\/wp-json\/wp\/v2\/posts\/222624"}],"collection":[{"href":"https:\/\/smago.de\/ws2\/wp-json\/wp\/v2\/posts"}],"about":[{"href":"https:\/\/smago.de\/ws2\/wp-json\/wp\/v2\/types\/post"}],"author":[{"embeddable":true,"href":"https:\/\/smago.de\/ws2\/wp-json\/wp\/v2\/users\/2"}],"replies":[{"embeddable":true,"href":"https:\/\/smago.de\/ws2\/wp-json\/wp\/v2\/comments?post=222624"}],"version-history":[{"count":1,"href":"https:\/\/smago.de\/ws2\/wp-json\/wp\/v2\/posts\/222624\/revisions"}],"predecessor-version":[{"id":222625,"href":"https:\/\/smago.de\/ws2\/wp-json\/wp\/v2\/posts\/222624\/revisions\/222625"}],"wp:featuredmedia":[{"embeddable":true,"href":"https:\/\/smago.de\/ws2\/wp-json\/wp\/v2\/media\/170667"}],"wp:attachment":[{"href":"https:\/\/smago.de\/ws2\/wp-json\/wp\/v2\/media?parent=222624"}],"wp:term":[{"taxonomy":"category","embeddable":true,"href":"https:\/\/smago.de\/ws2\/wp-json\/wp\/v2\/categories?post=222624"},{"taxonomy":"post_tag","embeddable":true,"href":"https:\/\/smago.de\/ws2\/wp-json\/wp\/v2\/tags?post=222624"}],"curies":[{"name":"wp","href":"https:\/\/api.w.org\/{rel}","templated":true}]}}