{"id":222388,"date":"2024-04-22T23:59:00","date_gmt":"2024-04-22T21:59:00","guid":{"rendered":"https:\/\/smago.de\/ws2\/?p=222388"},"modified":"2024-04-22T23:28:50","modified_gmt":"2024-04-22T21:28:50","slug":"eva-briegel-juli-tim-bendzko-johannes-oerding-u-a-di-23-04-2024-vox-sing-meinen-song-das-tauschkonzert-staffel-11-folge-1-8","status":"publish","type":"post","link":"https:\/\/smago.de\/ws2\/uncategorized\/eva-briegel-juli-tim-bendzko-johannes-oerding-u-a-di-23-04-2024-vox-sing-meinen-song-das-tauschkonzert-staffel-11-folge-1-8\/","title":{"rendered":"EVA BRIEGEL ((JULI)), TIM BENDZKO, JOHANNES OERDING u.a. <br>Di., 23.04.2024, VOX: &#8222;Sing meinen Song &#8211; Das Tauschkonzert&#8220; (Staffel 11 | Folge 1\/8)!"},"content":{"rendered":"<p>Eva Briegel (Juli) \/\/ 20:15 Uhr &#8211; 22:15 Uhr!<br \/>\n<!--more--><\/p>\n<p>&nbsp;<\/p>\n<p>&nbsp;<\/p>\n<p>&nbsp;<\/p>\n<p style=\"text-align: justify;\"><span class=\"kurztext\">Das ist der Startschuss der neuen, 11. Staffel von &#8222;Sing meinen Song&#8220;. Zum Auftakt stehen &#8222;Juli&#8220;-Frontfrau Eva Briegel und ihre Hits wie &#8222;Perfekte Welle&#8220;, &#8222;Geile Zeit&#8220; und &#8222;Dieses Leben&#8220; im Fokus des Tauschabends. Neu interpretiert werden sie von Johannes Oerding, Joy Denalane, Eko Fresh, Sammy Amara, Emilio und Tim Bendzko. Das Ergebnis: au\u00dfergew\u00f6hnliche und Song-Kreationen &#8211; und gleich in Folge eins flie\u00dfen die ersten Tr\u00e4nen. <\/span><span class=\"langtext\">Seit 2014 sorgt das Erfolgsformat &#8222;Sing meinen Song &#8211; Das Tauschkonzert&#8220; f\u00fcr einzigartige, emotionale Musikmomente, die das Publikum begeistern. Staffel 11 bietet nun eine komplett neue Besetzung mit einer besonderen musikalischen Genre-Mischung: Es gibt Punk, Ska, Reggae, Soul, Rap, Pop und nat\u00fcrlich Singer-Songwriter-Balladen. Johannes Oerding begr\u00fc\u00dft als Host in Grootbos \/ S\u00fcdafrika in diesem Jahr Eva Briegel von der Band Juli, Soul-Diva Joy Denalane, Punkrock-Gigant Sammy Amara von den Broilers, Hitmaschine Tim Bendzko, Hip-Hop-Urgestein Eko Fresh und den kommenden Superstar des europ\u00e4ischen Kinos Emilio, der als Musiker ein begnadetes Talent ist.<\/span><\/p>\n<p style=\"text-align: justify;\">Den Auftakt in Folge 1 macht Eva Briegel von der Band Juli. Juli gilt als eine der erfolgreichsten Bands der 2000er mit allein 10 Titeln in den Charts. Sehr eloquent und mit viel Wortwitz erz\u00e4hlt Eva von den Gef\u00fchlen, Mutter und gleichzeitig Musikerin zu sein, warum sie dann doch mit Mitte 40 ihr Psychologie-Studium beendet hat, wie es ist, in einer irischen Kneipe mit 17 Musik zu machen und wie wichtig ihr die Band Juli ist.<\/p>\n<p style=\"text-align: justify;\">Johannes Oerding macht im Sonnenuntergang des atlantischen Ozeans den Anfang mit einer sehr modernen Fassung des Mega-Hits &#8222;Perfekte Welle&#8220;. Und f\u00fcr seinen Auftritt hat er extra ein neues Instrument gelernt. Sehr intim und pers\u00f6nlich r\u00fchrt Joy Denalane mit ihrer Version von &#8222;Dieses Leben&#8220; Eva Briegel auf dem Sofa. Eine \u00dcberraschung des Abends ist Rapper Eko Fresh. Er verpasst dem Hit &#8222;In unseren H\u00e4nden&#8220; einen v\u00f6llig neuen Text und beweist damit, dass er m\u00f6glicherweise zu den am meisten untersch\u00e4tzten K\u00fcnstlern Deutschlands geh\u00f6rt.<\/p>\n<p style=\"text-align: justify;\">Sammy Amara zeigt mit &#8222;Fette Wilde Jahre&#8220;, dass er auch ohne seine Band Broilers, die normalerweise vor 20.000 Zuschauern spielen, sein Publikum in Ekstase versetzen kann, auch wenn es nur sechs Zuschauer f\u00fcnf Meter von seiner B\u00fchne entfernt sind.<br \/>\nTim Bendzko wagt sich an f\u00fcr ihn etwas Neues &#8211; er gibt dem gr\u00f6\u00dften Hit von Juli &#8222;Geile Zeit&#8220; ein Jazzgewand und wird zum Crooner des Abends.<\/p>\n<p style=\"text-align: justify;\">Ein weiteres Highlight der musikalischen Nacht ist Emilio: Der 27-j\u00e4hrige Schauspieler und S\u00e4nger ber\u00fchrt mit seinen intensiven Worten \u00fcber die Wichtigkeit von echter Freundschaft und seiner Neuinterpretation der Juli-Ballade &#8222;Wir beide&#8220; Eva Briegel sehr.<\/p>\n<p>&nbsp;<\/p>\n<p style=\"text-align: justify;\">\n<p><strong>Song-\u00dcbersicht:<\/strong><\/p>\n<p>&nbsp;<\/p>\n<p style=\"text-align: justify;\"><span class=\"langtext\">Johannes Oerding: Perfekte Welle<br \/>\nJoy Denalane: Dieses Leben<br \/>\nEko Fresh: In unseren H\u00e4nden<br \/>\nEva Briegel (Juli): Vier W\u00e4nde<br \/>\nEmilio: Wir beide<br \/>\nTim Bendzko: Geile Zeit<br \/>\nSammy Amara: Fette wilde Jahre<br \/>\n<\/span><\/p>\n<div class=\"besetzung\"><\/div>\n<div><\/div>\n<div><\/div>\n<figure id=\"attachment_222390\" aria-describedby=\"caption-attachment-222390\" style=\"width: 800px\" class=\"wp-caption alignnone\"><img decoding=\"async\" loading=\"lazy\" class=\"size-large wp-image-222390\" src=\"https:\/\/smago.de\/ws2\/wp-content\/uploads\/2024\/04\/D8210-800x533.jpg\" alt=\"\" width=\"800\" height=\"533\" srcset=\"https:\/\/smago.de\/ws2\/wp-content\/uploads\/2024\/04\/D8210-800x533.jpg 800w, https:\/\/smago.de\/ws2\/wp-content\/uploads\/2024\/04\/D8210-522x348.jpg 522w, https:\/\/smago.de\/ws2\/wp-content\/uploads\/2024\/04\/D8210-225x150.jpg 225w, https:\/\/smago.de\/ws2\/wp-content\/uploads\/2024\/04\/D8210-768x512.jpg 768w, https:\/\/smago.de\/ws2\/wp-content\/uploads\/2024\/04\/D8210-1536x1024.jpg 1536w, https:\/\/smago.de\/ws2\/wp-content\/uploads\/2024\/04\/D8210-2048x1366.jpg 2048w, https:\/\/smago.de\/ws2\/wp-content\/uploads\/2024\/04\/D8210-392x261.jpg 392w, https:\/\/smago.de\/ws2\/wp-content\/uploads\/2024\/04\/D8210-130x87.jpg 130w, https:\/\/smago.de\/ws2\/wp-content\/uploads\/2024\/04\/D8210-667x445.jpg 667w, https:\/\/smago.de\/ws2\/wp-content\/uploads\/2024\/04\/D8210-783x522.jpg 783w, https:\/\/smago.de\/ws2\/wp-content\/uploads\/2024\/04\/D8210-285x190.jpg 285w, https:\/\/smago.de\/ws2\/wp-content\/uploads\/2024\/04\/D8210-435x290.jpg 435w, https:\/\/smago.de\/ws2\/wp-content\/uploads\/2024\/04\/D8210-150x100.jpg 150w, https:\/\/smago.de\/ws2\/wp-content\/uploads\/2024\/04\/D8210-370x247.jpg 370w\" sizes=\"(max-width: 800px) 100vw, 800px\" \/><figcaption id=\"caption-attachment-222390\" class=\"wp-caption-text\"><em>V.l.: Johannes Oerding, Eva Briegel, Eko Fresh, Joy Denalane, Tim Bendzko, Sammy Amara, Emilio<\/em><\/p>\n<p><em>RTL \/ Markus Hertrich<\/em><\/p>\n<p><em>Bitte beachten Sie auch <strong><a href=\"http:\/\/www.rtlplus.de\">RTL+<\/a><\/strong>!<\/em><\/figcaption><\/figure>\n<p>&nbsp;<\/p>\n<p>&nbsp;<\/p>\n<p>&nbsp;<\/p>\n<figure id=\"attachment_222389\" aria-describedby=\"caption-attachment-222389\" style=\"width: 800px\" class=\"wp-caption alignnone\"><img decoding=\"async\" loading=\"lazy\" class=\"size-large wp-image-222389\" src=\"https:\/\/smago.de\/ws2\/wp-content\/uploads\/2024\/04\/D0BD8-800x533.jpg\" alt=\"\" width=\"800\" height=\"533\" srcset=\"https:\/\/smago.de\/ws2\/wp-content\/uploads\/2024\/04\/D0BD8-800x533.jpg 800w, https:\/\/smago.de\/ws2\/wp-content\/uploads\/2024\/04\/D0BD8-522x348.jpg 522w, https:\/\/smago.de\/ws2\/wp-content\/uploads\/2024\/04\/D0BD8-225x150.jpg 225w, https:\/\/smago.de\/ws2\/wp-content\/uploads\/2024\/04\/D0BD8-768x512.jpg 768w, https:\/\/smago.de\/ws2\/wp-content\/uploads\/2024\/04\/D0BD8-1536x1024.jpg 1536w, https:\/\/smago.de\/ws2\/wp-content\/uploads\/2024\/04\/D0BD8-2048x1366.jpg 2048w, https:\/\/smago.de\/ws2\/wp-content\/uploads\/2024\/04\/D0BD8-392x261.jpg 392w, https:\/\/smago.de\/ws2\/wp-content\/uploads\/2024\/04\/D0BD8-130x87.jpg 130w, https:\/\/smago.de\/ws2\/wp-content\/uploads\/2024\/04\/D0BD8-667x445.jpg 667w, https:\/\/smago.de\/ws2\/wp-content\/uploads\/2024\/04\/D0BD8-783x522.jpg 783w, https:\/\/smago.de\/ws2\/wp-content\/uploads\/2024\/04\/D0BD8-285x190.jpg 285w, https:\/\/smago.de\/ws2\/wp-content\/uploads\/2024\/04\/D0BD8-435x290.jpg 435w, https:\/\/smago.de\/ws2\/wp-content\/uploads\/2024\/04\/D0BD8-150x100.jpg 150w, https:\/\/smago.de\/ws2\/wp-content\/uploads\/2024\/04\/D0BD8-370x247.jpg 370w\" sizes=\"(max-width: 800px) 100vw, 800px\" \/><figcaption id=\"caption-attachment-222389\" class=\"wp-caption-text\"><em>V.l.: Eva Briegel, Eko Fresh, Joy Denalane, Johannes Oerding, Sammy Amara, Emilio, Tim Bendzko<\/em><\/p>\n<p><em>RTL \/ Markus Hertrich<\/em><\/p>\n<p><em>Bitte beachten Sie auch <strong><a href=\"http:\/\/www.rtlplus.de\">RTL+<\/a><\/strong>!<\/em><\/figcaption><\/figure>\n<div><\/div>\n","protected":false},"excerpt":{"rendered":"<p>Eva Briegel (Juli) \/\/ 20:15 Uhr &#8211; 22:15 Uhr!<\/p>\n","protected":false},"author":2,"featured_media":222389,"comment_status":"open","ping_status":"closed","sticky":false,"template":"","format":"standard","meta":{"_FSMCFIC_featured_image_caption":"","_FSMCFIC_featured_image_nocaption":"","_FSMCFIC_featured_image_hide":""},"categories":[1],"tags":[663],"acf":[],"_links":{"self":[{"href":"https:\/\/smago.de\/ws2\/wp-json\/wp\/v2\/posts\/222388"}],"collection":[{"href":"https:\/\/smago.de\/ws2\/wp-json\/wp\/v2\/posts"}],"about":[{"href":"https:\/\/smago.de\/ws2\/wp-json\/wp\/v2\/types\/post"}],"author":[{"embeddable":true,"href":"https:\/\/smago.de\/ws2\/wp-json\/wp\/v2\/users\/2"}],"replies":[{"embeddable":true,"href":"https:\/\/smago.de\/ws2\/wp-json\/wp\/v2\/comments?post=222388"}],"version-history":[{"count":2,"href":"https:\/\/smago.de\/ws2\/wp-json\/wp\/v2\/posts\/222388\/revisions"}],"predecessor-version":[{"id":222392,"href":"https:\/\/smago.de\/ws2\/wp-json\/wp\/v2\/posts\/222388\/revisions\/222392"}],"wp:featuredmedia":[{"embeddable":true,"href":"https:\/\/smago.de\/ws2\/wp-json\/wp\/v2\/media\/222389"}],"wp:attachment":[{"href":"https:\/\/smago.de\/ws2\/wp-json\/wp\/v2\/media?parent=222388"}],"wp:term":[{"taxonomy":"category","embeddable":true,"href":"https:\/\/smago.de\/ws2\/wp-json\/wp\/v2\/categories?post=222388"},{"taxonomy":"post_tag","embeddable":true,"href":"https:\/\/smago.de\/ws2\/wp-json\/wp\/v2\/tags?post=222388"}],"curies":[{"name":"wp","href":"https:\/\/api.w.org\/{rel}","templated":true}]}}