{"id":222317,"date":"2024-04-21T00:00:35","date_gmt":"2024-04-20T22:00:35","guid":{"rendered":"https:\/\/smago.de\/ws2\/?p=222317"},"modified":"2024-04-23T16:56:02","modified_gmt":"2024-04-23T14:56:02","slug":"steffen-sturm-der-titel-wir-sind-laut-kuendigt-seine-debuet-cd-stuermische-zeiten-an","status":"publish","type":"post","link":"https:\/\/smago.de\/ws2\/pop-schlager\/steffen-sturm-der-titel-wir-sind-laut-kuendigt-seine-debuet-cd-stuermische-zeiten-an\/","title":{"rendered":"STEFFEN STURM <br>Der Titel &#8222;Wir sind laut&#8220; k\u00fcndigt seine Deb\u00fct-CD &#8222;St\u00fcrmische Zeiten&#8220; an!"},"content":{"rendered":"<p>Der eing\u00e4ngige und mitrei\u00dfende Popschlager wurde von Iona Blum und Steffen Sturm selbst geschrieben und von Willy Kl\u00fcter auf den Punkt produziert!<br \/>\n<!--more--><\/p>\n<p>&nbsp;<\/p>\n<p>&nbsp;<\/p>\n<p>&nbsp;<\/p>\n<p style=\"text-align: justify;\">Als virtuoser Rockdrummer teilte er schon mit Top-Acts wie Joe Cocker oder Herbert Gr\u00f6nemeyer die B\u00fchne \u2013 als sanfter Schlagers\u00e4nger ersang er sich mit nur sechs Singles mehr als eine Million Streams: STEFFEN STURM geh\u00f6rt zu den Aufsteigern des Schlagerbiz!<\/p>\n<p style=\"text-align: justify;\">\u201eWir sind laut\u201c, ist die neue Single seines im Juni erwarteten Deb\u00fct-Albums \u201eSt\u00fcrmische Zeiten\u201c. Der eing\u00e4ngige und mitrei\u00dfende Popschlager wurde von Iona Blum und Steffen Sturm selbst geschrieben und von Willy Kl\u00fcter auf den Punkt produziert.<\/p>\n<p style=\"text-align: justify;\">Steffen Sturm, im schw\u00e4bischen Beilstein aufgewachsen und in Crailsheim lebend, ersang sich mit Singles wie &#8222;Achterbahn&#8220;, &#8220; Geh deinen Weg &#8220; oder &#8222;Schachmatt&#8220; oder \u201eSt\u00fcrmische Zeiten\u201c, in die Herzen vieler Schlagerfans, was Platzierungen in den Offiziellen Radio- und DJ-Charts, dutzende TV-Auftritte und mittlerweile siebenstellige Streaming-Zahlen eindrucksvoll belegen.<\/p>\n<p style=\"text-align: justify;\">Der Titel &#8222;Wir sind laut&#8220; wird am 26.04.2024 digital ver\u00f6ffentlicht.<\/p>\n","protected":false},"excerpt":{"rendered":"<p>Der eing\u00e4ngige und mitrei\u00dfende Popschlager wurde von Iona Blum und Steffen Sturm selbst geschrieben und von Willy Kl\u00fcter auf den<\/p>\n","protected":false},"author":2,"featured_media":222445,"comment_status":"open","ping_status":"closed","sticky":false,"template":"","format":"aside","meta":{"_FSMCFIC_featured_image_caption":"","_FSMCFIC_featured_image_nocaption":"","_FSMCFIC_featured_image_hide":""},"categories":[28,39],"tags":[2451],"acf":[],"_links":{"self":[{"href":"https:\/\/smago.de\/ws2\/wp-json\/wp\/v2\/posts\/222317"}],"collection":[{"href":"https:\/\/smago.de\/ws2\/wp-json\/wp\/v2\/posts"}],"about":[{"href":"https:\/\/smago.de\/ws2\/wp-json\/wp\/v2\/types\/post"}],"author":[{"embeddable":true,"href":"https:\/\/smago.de\/ws2\/wp-json\/wp\/v2\/users\/2"}],"replies":[{"embeddable":true,"href":"https:\/\/smago.de\/ws2\/wp-json\/wp\/v2\/comments?post=222317"}],"version-history":[{"count":2,"href":"https:\/\/smago.de\/ws2\/wp-json\/wp\/v2\/posts\/222317\/revisions"}],"predecessor-version":[{"id":222320,"href":"https:\/\/smago.de\/ws2\/wp-json\/wp\/v2\/posts\/222317\/revisions\/222320"}],"wp:featuredmedia":[{"embeddable":true,"href":"https:\/\/smago.de\/ws2\/wp-json\/wp\/v2\/media\/222445"}],"wp:attachment":[{"href":"https:\/\/smago.de\/ws2\/wp-json\/wp\/v2\/media?parent=222317"}],"wp:term":[{"taxonomy":"category","embeddable":true,"href":"https:\/\/smago.de\/ws2\/wp-json\/wp\/v2\/categories?post=222317"},{"taxonomy":"post_tag","embeddable":true,"href":"https:\/\/smago.de\/ws2\/wp-json\/wp\/v2\/tags?post=222317"}],"curies":[{"name":"wp","href":"https:\/\/api.w.org\/{rel}","templated":true}]}}