{"id":220841,"date":"2024-03-21T23:58:53","date_gmt":"2024-03-21T22:58:53","guid":{"rendered":"https:\/\/smago.de\/ws2\/?p=220841"},"modified":"2024-03-20T16:10:50","modified_gmt":"2024-03-20T15:10:50","slug":"claudia-schlenger-hanns-meilhamer-u-a-fr-15-03-2024-br-fernsehen-auf-bairisch-glacht","status":"publish","type":"post","link":"https:\/\/smago.de\/ws2\/comedy\/claudia-schlenger-hanns-meilhamer-u-a-fr-15-03-2024-br-fernsehen-auf-bairisch-glacht\/","title":{"rendered":"CLAUDIA SCHLENGER &#038; HANNS MEILHAMER u.a. <br>Fr., 15.03.2024, BR Fernsehen: &#8222;Auf bairisch g&#8217;lacht!&#8220;!"},"content":{"rendered":"<p>BR Fernsehen, 22:05 Uhr &#8211; 22:50 Uhr (Wh.: So.\/Mo., 17.\/18.03.2024, 00:15 Uhr &#8211; 00:55 Uhr)!<br \/>\n<!--more--><\/p>\n<p>&nbsp;<\/p>\n<p>&nbsp;<\/p>\n<p>&nbsp;<\/p>\n<p style=\"text-align: justify;\">Der Winter ist vorbei, die Natur lebt auf und die Stimmung auch. &#8222;Auf bairisch g&#8217;lacht!&#8220; unterst\u00fctzt diesen Prozess mit einer exquisiten Mischung der lustigsten Sketche aus allen TV-Epochen.<\/p>\n<p style=\"text-align: justify;\">Die Kom\u00f6diantinnen und Kom\u00f6dianten, ob lange bew\u00e4hrt oder erfrischend modern, sind allesamt K\u00f6nner ihres Fachs: Claudia Schlenker &amp; Hanns Meilhamer (&#8222;Herbert &amp; Schnipst&#8220;), Michael Altinger, Monika Gruber, Christian Springer, Helmut Schleich, Andreas Giebel, G\u00fcnter Gr\u00fcnwald, Diether Krebs, Beatrice Richter, Iris Berben, Luise Kinseher, Michl M\u00fcller, Volker Hei\u00dfmann &amp; Martin Rassau und viele mehr.<\/p>\n<p style=\"text-align: justify;\">\n","protected":false},"excerpt":{"rendered":"<p>BR Fernsehen, 22:05 Uhr &#8211; 22:50 Uhr (Wh.: So.\/Mo., 17.\/18.03.2024, 00:15 Uhr &#8211; 00:55 Uhr)!<\/p>\n","protected":false},"author":2,"featured_media":220842,"comment_status":"open","ping_status":"closed","sticky":false,"template":"","format":"standard","meta":{"_FSMCFIC_featured_image_caption":"","_FSMCFIC_featured_image_nocaption":"","_FSMCFIC_featured_image_hide":""},"categories":[3,128],"tags":[3451],"acf":[],"_links":{"self":[{"href":"https:\/\/smago.de\/ws2\/wp-json\/wp\/v2\/posts\/220841"}],"collection":[{"href":"https:\/\/smago.de\/ws2\/wp-json\/wp\/v2\/posts"}],"about":[{"href":"https:\/\/smago.de\/ws2\/wp-json\/wp\/v2\/types\/post"}],"author":[{"embeddable":true,"href":"https:\/\/smago.de\/ws2\/wp-json\/wp\/v2\/users\/2"}],"replies":[{"embeddable":true,"href":"https:\/\/smago.de\/ws2\/wp-json\/wp\/v2\/comments?post=220841"}],"version-history":[{"count":2,"href":"https:\/\/smago.de\/ws2\/wp-json\/wp\/v2\/posts\/220841\/revisions"}],"predecessor-version":[{"id":220844,"href":"https:\/\/smago.de\/ws2\/wp-json\/wp\/v2\/posts\/220841\/revisions\/220844"}],"wp:featuredmedia":[{"embeddable":true,"href":"https:\/\/smago.de\/ws2\/wp-json\/wp\/v2\/media\/220842"}],"wp:attachment":[{"href":"https:\/\/smago.de\/ws2\/wp-json\/wp\/v2\/media?parent=220841"}],"wp:term":[{"taxonomy":"category","embeddable":true,"href":"https:\/\/smago.de\/ws2\/wp-json\/wp\/v2\/categories?post=220841"},{"taxonomy":"post_tag","embeddable":true,"href":"https:\/\/smago.de\/ws2\/wp-json\/wp\/v2\/tags?post=220841"}],"curies":[{"name":"wp","href":"https:\/\/api.w.org\/{rel}","templated":true}]}}