{"id":220086,"date":"2024-03-08T00:00:13","date_gmt":"2024-03-07T23:00:13","guid":{"rendered":"https:\/\/smago.de\/ws2\/?p=220086"},"modified":"2024-03-07T23:45:27","modified_gmt":"2024-03-07T22:45:27","slug":"adriana-adriana-tui-das-reisebuero-verkuenden-die-erste-adriana-friends-fanreise","status":"publish","type":"post","link":"https:\/\/smago.de\/ws2\/pop-schlager\/adriana-adriana-tui-das-reisebuero-verkuenden-die-erste-adriana-friends-fanreise\/","title":{"rendered":"ADRIANA <br>Adriana &#038; TUI Das Reiseb\u00fcro verk\u00fcnden die erste &#8222;Adriana &#038; Friends&#8220; Fanreise!"},"content":{"rendered":"<p>Die Route durch das sch\u00f6ne \u00f6stliche Mittelmeer ist wahrlich was Besonderes &#8230;:<br \/>\n<!--more--><\/p>\n<p>&nbsp;<\/p>\n<p>&nbsp;<\/p>\n<p>&nbsp;<\/p>\n<p style=\"text-align: justify;\">Nach ihrer ersten Schlagerreise im November 2023 war sie schockverliebt! Da es zu diesem Zeitpunkt leider f\u00fcr viele schulpflichtige Kinder nicht m\u00f6glich war, mitzufahren, hat sie dieses Mal nat\u00fcrlich R\u00fccksicht auf eben diese genommen! Die Reise findet aus diesem Grund in den Sommerferien statt !!!<\/p>\n<p style=\"text-align: justify;\">Ebenfalls ber\u00fccksichtigt hat sie die \u201eAnreise\u201c! Start ist in Venedig. Somit muss niemand zus\u00e4tzlich mit teuren Fl\u00fcgen rechnen. Es ist gut mit dem Auto oder Bus erreichbar!<\/p>\n<p style=\"text-align: justify;\">Die Route durch das sch\u00f6ne \u00f6stliche Mittelmeer ist wahrlich was Besonderes! Mit Destinationen wie Mykonos und Santorin definitiv ein\u00a0<strong>Highlight!\u00a0<\/strong><\/p>\n<p style=\"text-align: justify;\"><strong>Adriana<\/strong>\u00a0verspricht auch ein exklusives Konzert von ihrer Seite aus!<\/p>\n<p>&nbsp;<\/p>\n<p>&nbsp;<\/p>\n<p>&nbsp;<\/p>\n<p>&nbsp;<\/p>\n<p style=\"text-align: justify;\">Ein\u00a0<strong>Highlight<\/strong>\u00a0sind auch Ihre lieben K\u00fcnstlerinnen und K\u00fcnstler, \u00a0die sie f\u00fcr die sch\u00f6ne Zeit auf hoher See gewinnen konnte &#8230;:<\/p>\n<p>&nbsp;<\/p>\n<p>&nbsp;<\/p>\n<p>&nbsp;<\/p>\n<p style=\"text-align: justify;\"><strong>&#8211; Udo Wenders<\/strong><\/p>\n<p>&nbsp;<\/p>\n<p style=\"text-align: justify;\">\u2028Der Allrounder\u2026 Sein Markenzeichen ist die tiefe, kraftvolle Stimme. Aber nicht nur dass!! Er ist ein Entertainer mit Leib und Seele! Da bleibt definitiv kein Auge trocken!<\/p>\n<p>&nbsp;<\/p>\n<p>&nbsp;<\/p>\n<p style=\"text-align: justify;\"><strong>&#8211; Maibritt\u00a0<\/strong><\/p>\n<p>&nbsp;<\/p>\n<p style=\"text-align: justify;\">Der Latin Pop Schlager tr\u00e4gt einen Namen! \u00a0Sie \u00fcberzeugt nicht nur mit ihrer wahnsinnig tollen Stimme, sondern mit einem mega Gesamtpaket! Letztes Jahr durfte\u00a0<strong>Adriana<\/strong>\u00a0bei der\u00a0<strong>\u201eMaibritt Show\u201c<\/strong>\u00a0auftreten. Und nach dem Motto\u00a0<strong>\u201eGirlpower\u201c<\/strong>\u00a0hat sie sich\u00a0<strong>Maibritt<\/strong>\u00a0jetzt auch f\u00fcr ihre Reise geschnappt!<\/p>\n<p>&nbsp;<\/p>\n<p>&nbsp;<\/p>\n<p style=\"text-align: justify;\"><strong>&#8211; Herby Stanonik<\/strong><\/p>\n<p>&nbsp;<\/p>\n<p style=\"text-align: justify;\">Bekannt aus dem ORF Format\u00a0\u201eDancing Stars\u201c\u2028Gemeinsam mit Herby d\u00fcrft Ihr einen mega Tanzworkshop erleben! Vom Anf\u00e4nger bis zum Profi; alle werden zum Tanz gebeten! Mit viel Schm\u00e4h wird dieser Tanzworkshop definitiv unvergesslich werden! Zus\u00e4tzlich hat Herby noch ein eigenes Comedy-Programm! Lasst euch \u00fcberraschen!<\/p>\n<p>&nbsp;<\/p>\n<p>&nbsp;<\/p>\n<p style=\"text-align: justify;\"><strong>&#8211; Sabrina Kulovits\u2028<\/strong><\/p>\n<p>&nbsp;<\/p>\n<p style=\"text-align: justify;\">Eine Meisterin auf der steirischen Harmonika! \u00a0F\u00fcr alle Volksmusik &amp; Quetschn Academy &#8211; Die Steirische Harmonika Schule &#8211; Fans\u2026 ihr kommt hier ganz bestimmt in Fr\u00fchshoppen Laune! Ob als Warm Up oder zwischendurch am Deck\u2026 Sabrina kann \u00fcberall Live anspielen und f\u00fcr gute Laune sorgen! Mit ihrem sonnigen Gem\u00fct wird sie euch bestimmt den Tag vers\u00fc\u00dfen!<\/p>\n<p>&nbsp;<\/p>\n<p>&nbsp;<\/p>\n<p>&nbsp;<\/p>\n<p style=\"text-align: justify;\">Anfragen bitte an TUI Das Reiseb\u00fcro Lannach \/ Martyna Szyszka entweder telefonisch unter der Nummer 00 43 (0)50 884 3322 0 oder per Mail an\u00a0<a href=\"mailto:lannach@tui.at\" target=\"_blank\" rel=\"noopener\">lannach@tui.at<\/a>!<\/p>\n<p>&nbsp;<\/p>\n<p>&nbsp;<\/p>\n<figure id=\"attachment_220087\" aria-describedby=\"caption-attachment-220087\" style=\"width: 800px\" class=\"wp-caption alignnone\"><img decoding=\"async\" loading=\"lazy\" class=\"size-large wp-image-220087\" src=\"https:\/\/smago.de\/ws2\/wp-content\/uploads\/2024\/03\/adriana_kreuzfahrt-800x343.jpg\" alt=\"\" width=\"800\" height=\"343\" srcset=\"https:\/\/smago.de\/ws2\/wp-content\/uploads\/2024\/03\/adriana_kreuzfahrt-800x343.jpg 800w, https:\/\/smago.de\/ws2\/wp-content\/uploads\/2024\/03\/adriana_kreuzfahrt-522x224.jpg 522w, https:\/\/smago.de\/ws2\/wp-content\/uploads\/2024\/03\/adriana_kreuzfahrt-292x125.jpg 292w, https:\/\/smago.de\/ws2\/wp-content\/uploads\/2024\/03\/adriana_kreuzfahrt-768x329.jpg 768w, https:\/\/smago.de\/ws2\/wp-content\/uploads\/2024\/03\/adriana_kreuzfahrt-1536x658.jpg 1536w, https:\/\/smago.de\/ws2\/wp-content\/uploads\/2024\/03\/adriana_kreuzfahrt-2048x878.jpg 2048w, https:\/\/smago.de\/ws2\/wp-content\/uploads\/2024\/03\/adriana_kreuzfahrt-392x168.jpg 392w, https:\/\/smago.de\/ws2\/wp-content\/uploads\/2024\/03\/adriana_kreuzfahrt-130x56.jpg 130w, https:\/\/smago.de\/ws2\/wp-content\/uploads\/2024\/03\/adriana_kreuzfahrt-870x373.jpg 870w, https:\/\/smago.de\/ws2\/wp-content\/uploads\/2024\/03\/adriana_kreuzfahrt-435x186.jpg 435w\" sizes=\"(max-width: 800px) 100vw, 800px\" \/><figcaption id=\"caption-attachment-220087\" class=\"wp-caption-text\"><em>Foto-Credit: adlmann promotion<\/em><\/figcaption><\/figure>\n","protected":false},"excerpt":{"rendered":"<p>Die Route durch das sch\u00f6ne \u00f6stliche Mittelmeer ist wahrlich was Besonderes &#8230;:<\/p>\n","protected":false},"author":2,"featured_media":220087,"comment_status":"open","ping_status":"closed","sticky":false,"template":"","format":"standard","meta":{"_FSMCFIC_featured_image_caption":"","_FSMCFIC_featured_image_nocaption":"","_FSMCFIC_featured_image_hide":""},"categories":[28],"tags":[2480],"acf":[],"_links":{"self":[{"href":"https:\/\/smago.de\/ws2\/wp-json\/wp\/v2\/posts\/220086"}],"collection":[{"href":"https:\/\/smago.de\/ws2\/wp-json\/wp\/v2\/posts"}],"about":[{"href":"https:\/\/smago.de\/ws2\/wp-json\/wp\/v2\/types\/post"}],"author":[{"embeddable":true,"href":"https:\/\/smago.de\/ws2\/wp-json\/wp\/v2\/users\/2"}],"replies":[{"embeddable":true,"href":"https:\/\/smago.de\/ws2\/wp-json\/wp\/v2\/comments?post=220086"}],"version-history":[{"count":3,"href":"https:\/\/smago.de\/ws2\/wp-json\/wp\/v2\/posts\/220086\/revisions"}],"predecessor-version":[{"id":220090,"href":"https:\/\/smago.de\/ws2\/wp-json\/wp\/v2\/posts\/220086\/revisions\/220090"}],"wp:featuredmedia":[{"embeddable":true,"href":"https:\/\/smago.de\/ws2\/wp-json\/wp\/v2\/media\/220087"}],"wp:attachment":[{"href":"https:\/\/smago.de\/ws2\/wp-json\/wp\/v2\/media?parent=220086"}],"wp:term":[{"taxonomy":"category","embeddable":true,"href":"https:\/\/smago.de\/ws2\/wp-json\/wp\/v2\/categories?post=220086"},{"taxonomy":"post_tag","embeddable":true,"href":"https:\/\/smago.de\/ws2\/wp-json\/wp\/v2\/tags?post=220086"}],"curies":[{"name":"wp","href":"https:\/\/api.w.org\/{rel}","templated":true}]}}