{"id":219965,"date":"2024-03-06T10:15:40","date_gmt":"2024-03-06T09:15:40","guid":{"rendered":"https:\/\/smago.de\/ws2\/?p=219965"},"modified":"2024-03-06T10:17:59","modified_gmt":"2024-03-06T09:17:59","slug":"smago-informiert-63-musikindustrie-in-deutschland-weiter-gewachsen","status":"publish","type":"post","link":"https:\/\/smago.de\/ws2\/smago-informiert\/smago-informiert-63-musikindustrie-in-deutschland-weiter-gewachsen\/","title":{"rendered":"smago! INFORMIERT <br>+6,3 %: Musikindustrie in Deutschland weiter gewachsen!"},"content":{"rendered":"<p>Die CD gab um 5,9 Prozent nach, bleibt aber klar zweitst\u00e4rkstes Marktsegment (11,3 %)!<br \/>\n<!--more--><\/p>\n<p>&nbsp;<\/p>\n<p>&nbsp;<\/p>\n<p>&nbsp;<\/p>\n<p style=\"text-align: justify;\">Die Musikindustrie in Deutschland hat ihr Wachstum auch 2023 fortgesetzt, der Branchenumsatz belief sich im vergangenen Jahr auf insgesamt 2,21 Mrd. Euro.<\/p>\n<p style=\"text-align: justify;\">Der gr\u00f6\u00dfte Teil des Umsatzes, 81,5 Prozent, wurde mit dem Digitalgesch\u00e4ft generiert, das um 7,9 Prozent zulegte, getrieben durch das Audio-Streaming (+8,4 %), das damit einen Marktanteil von nun 74,8 Prozent erreicht.<\/p>\n<p style=\"text-align: justify;\">Der physische Markt (18,5 %) blieb stabil (+0,1 %) durch ein erneutes deutliches Vinyl-Wachstum von 12,6 Prozent. Die CD gab um 5,9 Prozent nach, bleibt aber klar zweitst\u00e4rkstes Marktsegment (11,3 %).<\/p>\n<p>&nbsp;<\/p>\n<p>&nbsp;<\/p>\n<figure id=\"attachment_219966\" aria-describedby=\"caption-attachment-219966\" style=\"width: 600px\" class=\"wp-caption alignnone\"><img decoding=\"async\" loading=\"lazy\" class=\"size-full wp-image-219966\" src=\"https:\/\/smago.de\/ws2\/wp-content\/uploads\/2024\/03\/musikindustrie23.png\" alt=\"\" width=\"600\" height=\"600\" srcset=\"https:\/\/smago.de\/ws2\/wp-content\/uploads\/2024\/03\/musikindustrie23.png 600w, https:\/\/smago.de\/ws2\/wp-content\/uploads\/2024\/03\/musikindustrie23-522x522.png 522w, https:\/\/smago.de\/ws2\/wp-content\/uploads\/2024\/03\/musikindustrie23-150x150.png 150w, https:\/\/smago.de\/ws2\/wp-content\/uploads\/2024\/03\/musikindustrie23-272x272.png 272w, https:\/\/smago.de\/ws2\/wp-content\/uploads\/2024\/03\/musikindustrie23-130x130.png 130w, https:\/\/smago.de\/ws2\/wp-content\/uploads\/2024\/03\/musikindustrie23-445x445.png 445w, https:\/\/smago.de\/ws2\/wp-content\/uploads\/2024\/03\/musikindustrie23-190x190.png 190w, https:\/\/smago.de\/ws2\/wp-content\/uploads\/2024\/03\/musikindustrie23-290x290.png 290w\" sizes=\"(max-width: 600px) 100vw, 600px\" \/><figcaption id=\"caption-attachment-219966\" class=\"wp-caption-text\"><em>Foto-Credit: Bundesverband Musikindustrie<\/em><\/figcaption><\/figure>\n","protected":false},"excerpt":{"rendered":"<p>Die CD gab um 5,9 Prozent nach, bleibt aber klar zweitst\u00e4rkstes Marktsegment (11,3 %)!<\/p>\n","protected":false},"author":2,"featured_media":219966,"comment_status":"open","ping_status":"closed","sticky":false,"template":"","format":"standard","meta":{"_FSMCFIC_featured_image_caption":"","_FSMCFIC_featured_image_nocaption":"","_FSMCFIC_featured_image_hide":""},"categories":[33,39],"tags":[60],"acf":[],"_links":{"self":[{"href":"https:\/\/smago.de\/ws2\/wp-json\/wp\/v2\/posts\/219965"}],"collection":[{"href":"https:\/\/smago.de\/ws2\/wp-json\/wp\/v2\/posts"}],"about":[{"href":"https:\/\/smago.de\/ws2\/wp-json\/wp\/v2\/types\/post"}],"author":[{"embeddable":true,"href":"https:\/\/smago.de\/ws2\/wp-json\/wp\/v2\/users\/2"}],"replies":[{"embeddable":true,"href":"https:\/\/smago.de\/ws2\/wp-json\/wp\/v2\/comments?post=219965"}],"version-history":[{"count":2,"href":"https:\/\/smago.de\/ws2\/wp-json\/wp\/v2\/posts\/219965\/revisions"}],"predecessor-version":[{"id":219968,"href":"https:\/\/smago.de\/ws2\/wp-json\/wp\/v2\/posts\/219965\/revisions\/219968"}],"wp:featuredmedia":[{"embeddable":true,"href":"https:\/\/smago.de\/ws2\/wp-json\/wp\/v2\/media\/219966"}],"wp:attachment":[{"href":"https:\/\/smago.de\/ws2\/wp-json\/wp\/v2\/media?parent=219965"}],"wp:term":[{"taxonomy":"category","embeddable":true,"href":"https:\/\/smago.de\/ws2\/wp-json\/wp\/v2\/categories?post=219965"},{"taxonomy":"post_tag","embeddable":true,"href":"https:\/\/smago.de\/ws2\/wp-json\/wp\/v2\/tags?post=219965"}],"curies":[{"name":"wp","href":"https:\/\/api.w.org\/{rel}","templated":true}]}}