{"id":219931,"date":"2024-03-05T09:27:21","date_gmt":"2024-03-05T08:27:21","guid":{"rendered":"https:\/\/smago.de\/ws2\/?p=219931"},"modified":"2024-03-05T09:27:21","modified_gmt":"2024-03-05T08:27:21","slug":"die-seer-melissa-naschenweng-christina-stuermer-ben-zucker-u-a-starnacht-am-woerthersee-feiert-25-jaehriges-jubilaeum","status":"publish","type":"post","link":"https:\/\/smago.de\/ws2\/deutsch-rock\/die-seer-melissa-naschenweng-christina-stuermer-ben-zucker-u-a-starnacht-am-woerthersee-feiert-25-jaehriges-jubilaeum\/","title":{"rendered":"DIE SEER, MELISSA NASCHENWENG, CHRISTINA ST\u00dcRMER, BEN ZUCKER u.a. <br>\u201eSTARnacht am W\u00f6rthersee\u201c feiert 25-j\u00e4hriges Jubil\u00e4um!"},"content":{"rendered":"<p style=\"text-align: justify;\"><span lang=\"DE\">Durch die musikalischen Abende am W\u00f6rthersee f\u00fchren auch in diesem Jahr wieder Starmoderatorin Barbara Sch\u00f6neberger und Schauspieler und Entertainer Hans Sigl!<\/span><!--more--><\/p>\n<p>&nbsp;<\/p>\n<p>&nbsp;<\/p>\n<p>&nbsp;<\/p>\n<p style=\"text-align: justify;\">Wenn die ersten \u201eSTARnacht am W\u00f6rthersee\u201c-News verk\u00fcndet werden, ist der Sommer nicht mehr weit.\u00a0 Das spektakul\u00e4re TV-Musikereignis feiert am 12. und 13. Juli 2024 das 25-j\u00e4hriges Jubil\u00e4um.\u00a0 Seit einem Vierteljahrhundert begeistert die STARnacht Musikfans aus ganz \u00d6sterreich und Deutschland mit hochkar\u00e4tigen Live-Auftritten und einer atemberaubenden Kulisse in der Klagenfurter Ostbucht.<\/p>\n<p style=\"text-align: justify;\">In diesem Jahr verspricht die Jubil\u00e4umsausgabe der Starnacht ein unvergessliches Erlebnis zu werden.\u00a0 Die ersten K\u00fcnstler haben jetzt schon jetzt ihr STARnacht-Stage-Ticket gel\u00f6st. Mit dabei sind: Die Senkrechtstarterin der \u00f6sterreichischen Schlagerwelt, <strong>Melissa Naschenweng<\/strong>,\u00a0 Pop-Rock-S\u00e4ngerin <strong>Christina St\u00fcrmer<\/strong>, die Mitte M\u00e4rz ihr neues Album \u201eMTV Unplugged in Wien\u201c ver\u00f6ffentlicht, der charismatische Singer\/Songwriter <strong>Thorsteinn Einarsson<\/strong>, der deutsche Schlagerstar mit der unvergleichlichen Stimme, <strong>Ben Zucker<\/strong>, die legend\u00e4re \u00f6sterreichische Band <strong>Die Seer<\/strong>, die im Rahmen ihrer gro\u00dfen Abschiedstournee in K\u00e4rnten vorbei schauen, sowie die Band <strong>Folkshilfe,<\/strong> die mit ihrem neuen Album \u201eVIRE\u201c und der Single daraus, \u201eSchena Mensch\u201c, gerade die Charts st\u00fcrmen.<\/p>\n<p>Durch die musikalischen Abende am W\u00f6rthersee f\u00fchren auch in diesem Jahr wieder Starmoderatorin <strong>Barbara Sch\u00f6neberger<\/strong> und Schauspieler &amp; Entertainer <strong>Hans Sigl<\/strong>.<\/p>\n<p>&nbsp;<\/p>\n<p style=\"text-align: justify;\">\n<p style=\"text-align: justify;\">Karten\u00a0f\u00fcr die \u201eSTARnacht am W\u00f6rthersee\u201c gibt es unter\u00a0<strong><a href=\"http:\/\/www.ip-media.tv\/\">www.ip-media.tv<\/a><\/strong> <a href=\"http:\/\/www.starnacht.tv\/\">,<\/a> <strong><a href=\"http:\/\/www.starnacht.tv\/\">www.starnacht.tv<\/a><\/strong>\u00a0 oder bei\u00a0<a href=\"http:\/\/oeticket.com\/\"><strong>oeticket.com<\/strong><\/a>.<\/p>\n<p style=\"text-align: justify;\">VIP-Tickets k\u00f6nnen unter <strong><a href=\"http:\/\/www.starnacht.tv\/\">www.starnacht.tv<\/a>\u00a0<\/strong> bestellt werden.<\/p>\n<p>&nbsp;<\/p>\n<p>&nbsp;<\/p>\n<figure id=\"attachment_219932\" aria-describedby=\"caption-attachment-219932\" style=\"width: 800px\" class=\"wp-caption alignnone\"><img decoding=\"async\" loading=\"lazy\" class=\"size-large wp-image-219932\" src=\"https:\/\/smago.de\/ws2\/wp-content\/uploads\/2024\/03\/Starnacht-am-Woerthersee-copyright-ipmedia-800x532.jpg\" alt=\"\" width=\"800\" height=\"532\" srcset=\"https:\/\/smago.de\/ws2\/wp-content\/uploads\/2024\/03\/Starnacht-am-Woerthersee-copyright-ipmedia-800x532.jpg 800w, https:\/\/smago.de\/ws2\/wp-content\/uploads\/2024\/03\/Starnacht-am-Woerthersee-copyright-ipmedia-522x347.jpg 522w, https:\/\/smago.de\/ws2\/wp-content\/uploads\/2024\/03\/Starnacht-am-Woerthersee-copyright-ipmedia-225x150.jpg 225w, https:\/\/smago.de\/ws2\/wp-content\/uploads\/2024\/03\/Starnacht-am-Woerthersee-copyright-ipmedia-768x511.jpg 768w, https:\/\/smago.de\/ws2\/wp-content\/uploads\/2024\/03\/Starnacht-am-Woerthersee-copyright-ipmedia-1536x1022.jpg 1536w, https:\/\/smago.de\/ws2\/wp-content\/uploads\/2024\/03\/Starnacht-am-Woerthersee-copyright-ipmedia-2048x1363.jpg 2048w, https:\/\/smago.de\/ws2\/wp-content\/uploads\/2024\/03\/Starnacht-am-Woerthersee-copyright-ipmedia-392x261.jpg 392w, https:\/\/smago.de\/ws2\/wp-content\/uploads\/2024\/03\/Starnacht-am-Woerthersee-copyright-ipmedia-130x87.jpg 130w, https:\/\/smago.de\/ws2\/wp-content\/uploads\/2024\/03\/Starnacht-am-Woerthersee-copyright-ipmedia-669x445.jpg 669w, https:\/\/smago.de\/ws2\/wp-content\/uploads\/2024\/03\/Starnacht-am-Woerthersee-copyright-ipmedia-785x522.jpg 785w, https:\/\/smago.de\/ws2\/wp-content\/uploads\/2024\/03\/Starnacht-am-Woerthersee-copyright-ipmedia-286x190.jpg 286w, https:\/\/smago.de\/ws2\/wp-content\/uploads\/2024\/03\/Starnacht-am-Woerthersee-copyright-ipmedia-435x290.jpg 435w, https:\/\/smago.de\/ws2\/wp-content\/uploads\/2024\/03\/Starnacht-am-Woerthersee-copyright-ipmedia-150x100.jpg 150w, https:\/\/smago.de\/ws2\/wp-content\/uploads\/2024\/03\/Starnacht-am-Woerthersee-copyright-ipmedia-370x247.jpg 370w\" sizes=\"(max-width: 800px) 100vw, 800px\" \/><figcaption id=\"caption-attachment-219932\" class=\"wp-caption-text\"><em>Foto-Credit: ip|media<\/em><\/figcaption><\/figure>\n","protected":false},"excerpt":{"rendered":"<p>Durch die musikalischen Abende am W\u00f6rthersee f\u00fchren auch in diesem Jahr wieder Starmoderatorin Barbara Sch\u00f6neberger und Schauspieler und Entertainer Hans<\/p>\n","protected":false},"author":2,"featured_media":219932,"comment_status":"open","ping_status":"closed","sticky":false,"template":"","format":"standard","meta":{"_FSMCFIC_featured_image_caption":"","_FSMCFIC_featured_image_nocaption":"","_FSMCFIC_featured_image_hide":""},"categories":[5,26,27,28,39,128],"tags":[1488],"acf":[],"_links":{"self":[{"href":"https:\/\/smago.de\/ws2\/wp-json\/wp\/v2\/posts\/219931"}],"collection":[{"href":"https:\/\/smago.de\/ws2\/wp-json\/wp\/v2\/posts"}],"about":[{"href":"https:\/\/smago.de\/ws2\/wp-json\/wp\/v2\/types\/post"}],"author":[{"embeddable":true,"href":"https:\/\/smago.de\/ws2\/wp-json\/wp\/v2\/users\/2"}],"replies":[{"embeddable":true,"href":"https:\/\/smago.de\/ws2\/wp-json\/wp\/v2\/comments?post=219931"}],"version-history":[{"count":1,"href":"https:\/\/smago.de\/ws2\/wp-json\/wp\/v2\/posts\/219931\/revisions"}],"predecessor-version":[{"id":219933,"href":"https:\/\/smago.de\/ws2\/wp-json\/wp\/v2\/posts\/219931\/revisions\/219933"}],"wp:featuredmedia":[{"embeddable":true,"href":"https:\/\/smago.de\/ws2\/wp-json\/wp\/v2\/media\/219932"}],"wp:attachment":[{"href":"https:\/\/smago.de\/ws2\/wp-json\/wp\/v2\/media?parent=219931"}],"wp:term":[{"taxonomy":"category","embeddable":true,"href":"https:\/\/smago.de\/ws2\/wp-json\/wp\/v2\/categories?post=219931"},{"taxonomy":"post_tag","embeddable":true,"href":"https:\/\/smago.de\/ws2\/wp-json\/wp\/v2\/tags?post=219931"}],"curies":[{"name":"wp","href":"https:\/\/api.w.org\/{rel}","templated":true}]}}