{"id":219712,"date":"2024-03-01T00:00:13","date_gmt":"2024-02-29T23:00:13","guid":{"rendered":"https:\/\/smago.de\/ws2\/?p=219712"},"modified":"2024-02-29T23:11:30","modified_gmt":"2024-02-29T22:11:30","slug":"jutta-speidel-u-a-fr-01-03-2024-in-der-ndr-talk-show-zu-gast","status":"publish","type":"post","link":"https:\/\/smago.de\/ws2\/schlager\/jutta-speidel-u-a-fr-01-03-2024-in-der-ndr-talk-show-zu-gast\/","title":{"rendered":"JUTTA SPEIDEL u.a. <br>Fr. (01.03.2024) in der &#8222;NDR Talk Show&#8220; zu Gast!"},"content":{"rendered":"<p>NDR Fernsehen + HR Fernsehen, 22:00 Uhr &#8211; 00:00 Uhr!\u00a0Moderation: Barbara Sch\u00f6neberger und Hubertus Meyer-Burckhardt!<br \/>\n<!--more--><\/p>\n<p>&nbsp;<\/p>\n<p>&nbsp;<\/p>\n<div><\/div>\n<div><\/div>\n<div>\n<p><strong>G\u00e4ste:<\/strong><\/p>\n<p style=\"text-align: justify;\">\n<\/div>\n<div style=\"text-align: justify;\">\u2022 Lang Lang, Pianist, und Ehefrau Gina Alice, ebenfalls Pianistin<\/div>\n<div style=\"text-align: justify;\">\u2022 Jutta Speidel, Schauspielerin<\/div>\n<div style=\"text-align: justify;\">\u2022 Julia &#8222;Beautx&#8220; Willecke, Schauspielerin und Influencerin<\/div>\n<div style=\"text-align: justify;\">\u2022 Sebastian Klussmann, Quizprofi und Autor<\/div>\n<div style=\"text-align: justify;\">\u2022 Fabio Knez, Reality-TV-Darsteller<\/div>\n<div style=\"text-align: justify;\">\u2022 Susann &#8222;Sanni&#8220; Beucke, Hochseeseglerin<\/div>\n<div style=\"text-align: justify;\"><\/div>\n<div style=\"text-align: justify;\"><\/div>\n<div style=\"text-align: justify;\"><\/div>\n<div><\/div>\n<div style=\"text-align: justify;\"><\/div>\n<div style=\"text-align: justify;\"><\/div>\n<div style=\"text-align: justify;\"><strong>\u2022 Lang Lang, Pianist, und Ehefrau Gina Alice, ebenfalls Pianistin<\/strong><\/div>\n<div style=\"text-align: justify;\"><\/div>\n<div><\/div>\n<div style=\"text-align: justify;\">Lang Lang gilt als einer der einflussreichsten und erfolgreichsten Pianisten der Gegenwart. Frenetisch werden die Auftritte des chinesischen Stars in allen gro\u00dfen Konzerts\u00e4len der Welt gefeiert. Seine Begabung, seine Pers\u00f6nlichkeit und sein Humor machen den 42-J\u00e4hrigen zum perfekten Botschafter der klassischen Musik und zum Vorbild f\u00fcr viele junge Menschen. Seit 2019 ist er mit der deutsch-koreanischen Pianistin Gina Alice verheiratet. Die 29-J\u00e4hrige spielt Klavier, seit sie vier Jahre alt ist, und hat in Hamburg an der Hochschule f\u00fcr Musik und Theater studiert. Kennengelernt haben sich die beiden bei einem Konzert in der Berliner Waldb\u00fchne. Jetzt erscheint das erste gemeinsame Album. In der NDR Talk Show verraten die beiden, wer im Hause Lang Lang den Ton angibt und ob der gemeinsame Sohn bereits musikalisches Talent zeigt.<\/div>\n<div><\/div>\n<div><\/div>\n<div><\/div>\n<div><\/div>\n<div><\/div>\n<div><\/div>\n<div><\/div>\n<div style=\"text-align: justify;\"><strong>\u2022 Jutta Speidel, Schauspielerin<\/strong><\/div>\n<div style=\"text-align: justify;\"><\/div>\n<div><\/div>\n<div style=\"text-align: justify;\">Ob im &#8222;Forsthaus Falkenau&#8220;, auf dem &#8222;Traumschiff&#8220; oder als Nonne in &#8222;Um Himmels Willen&#8220; &#8211; Jutta Speidel ist eines der beliebtesten Gesichter im deutschen Film- und Fernsehgesch\u00e4ft. Spa\u00df ist f\u00fcr sie das Hauptkriterium bei der Rollenauswahl, sagt sie. Ihre Popularit\u00e4t nutzt die M\u00fcnchnerin seit Jahren auch f\u00fcr das Engagement mit ihrer Stiftung &#8222;HORIZONT&#8220;, die sich um sozial benachteiligte M\u00fctter und Kinder k\u00fcmmert. Die verschiedenen Bestseller, die sie schreibt, sind fast alle verfilmt worden &#8211; mit ihr in der Hauptrolle, versteht sich. &#8222;Amaryllis&#8220; hei\u00dft ihr neustes Werk, ein Roman \u00fcber eine Frau, die als gro\u00dfe Artistin und Clownin in einer M\u00e4nnerdom\u00e4ne ber\u00fchmt werden m\u00f6chte. Ob es da zuf\u00e4llig Parallelen zu ihrem Leben gibt und mit welchen Gef\u00fchlen sie ihrem runden Geburtstag im M\u00e4rz entgegenblickt, erz\u00e4hlt Jutta Speidel in der NDR Talk Show.<\/div>\n<div><\/div>\n<div><\/div>\n<div><\/div>\n<div><\/div>\n<div><\/div>\n<div><\/div>\n<div><\/div>\n<div style=\"text-align: justify;\"><strong>\u2022 Julia &#8222;Beautx&#8220; Willecke, Schauspielerin und Influencerin<\/strong><\/div>\n<div style=\"text-align: justify;\"><\/div>\n<div><\/div>\n<div style=\"text-align: justify;\">Seit 2013 produziert Julia Willecke aus dem Ruhrgebiet unter dem Pseudnoym &#8222;Julia Beautx&#8220; Videos f\u00fcr ihren YouTube-Kanal &#8211; da ist sie gerade 14 Jahre alt. Dabei nimmt sie gern eine beratende Rolle ein und postet Videos zu ihren Beauty-Favoriten, aber auch Do-it-yourself- und Lifehack-Videos. Damit hat die heute 24-J\u00e4hrige \u00fcberragenden Erfolg: 2,5 Millionen YouTube-Abonnent*innen und 3,8 Millionen Instagram-Follower*innen z\u00e4hlen ihre Kan\u00e4le. Dar\u00fcber hinaus ist Julia Willecke l\u00e4ngst mehr als &#8222;nur&#8220; eine Social-Media-Pers\u00f6nlichkeit: Sie singt &#8211; 2022 erscheint ihre Single &#8222;Ego&#8220; -, moderiert &#8211; 2020 pr\u00e4sentiert sie &#8222;Ninja Warrior Germany Kids&#8220; -, tanzt &#8211; u. a. 2023 bei &#8222;Let&#8217;s Dance&#8220; &#8211; und schauspielert: Seit 2018 ist sie regelm\u00e4\u00dfig in der Serie &#8222;Fr\u00fchling&#8220; zu sehen, deren neue Folgen seit Februar laufen.<\/div>\n<div><\/div>\n<div><\/div>\n<div><\/div>\n<div><\/div>\n<div><\/div>\n<div><\/div>\n<div><\/div>\n<div style=\"text-align: justify;\"><strong>\u2022 Sebastian Klussmann, Quizprofi und Autor<\/strong><\/div>\n<div style=\"text-align: justify;\"><\/div>\n<div><\/div>\n<div style=\"text-align: justify;\">Besserwisser haben kein besonders gutes Image. Er schon, denn er geh\u00f6rt zu den besten Deutschlands: Quiz-Champion Sebastian Klussmann. Seit 2013 geht er in der Sendung &#8222;Gefragt &#8211; Gejagt&#8220; regelm\u00e4\u00dfig auf die Jagd und begeistert ein Millionenpublikum. Hier sticht er nicht nur optisch mit seinem Markenzeichen &#8222;bunte Hemden&#8220; hervor, sondern vor allem mit seinem Wissen. In seinem Buch &#8222;Fast alles, was Sie wissen m\u00fcssen&#8220; gibt der Besserwisser der Nation Allgemeinwissen weiter, mit dem man auch beim Smalltalk gl\u00e4nzen kann. Was der Quiz-Europameister und -Olympiasieger Klussmann so alles f\u00fcr wissenswert h\u00e4lt, erz\u00e4hlt er in der NDR Talk Show.<\/div>\n<div><\/div>\n<div><\/div>\n<div><\/div>\n<div><\/div>\n<div><\/div>\n<div><\/div>\n<div><\/div>\n<div style=\"text-align: justify;\"><strong>\u2022 Fabio Knez, Reality-TV-Darsteller<\/strong><\/div>\n<div style=\"text-align: justify;\"><\/div>\n<div><\/div>\n<div style=\"text-align: justify;\">Lange braune Haare, ein L\u00e4cheln im Gesicht und eine auff\u00e4llige Retro-Brille: Das sind die Markenzeichen des Reality-TV- Darstellers Fabio Knez. Durch seine Mitwirkung in der diesj\u00e4hrigen Staffel von &#8222;Ich bin ein Star &#8211; holt mich hier raus!&#8220; wird er einem gr\u00f6\u00dferen Publikum bekannt. Vor allem seine freundschaftliche F\u00fcrsorge f\u00fcr Mitcamper Heinz Hoenig beschert ihm Pluspunkte beim Publikum. Der geb\u00fcrtige M\u00fcnchner absolviert zun\u00e4chst eine Ausbildung als Kfz- Mechatroniker bei der bayerischen Polizei in M\u00fcnchen, macht sp\u00e4ter seine Personal-Trainer-Lizenz und arbeitet au\u00dferdem erfolgreich unter anderem als Staubsaugervertreter. Neben seiner unternehmerischen T\u00e4tigkeit wirkt Knez auch in verschiedenen Reality-TV-Shows mit, darunter 2022 in &#8222;Make Love, Fake Love&#8220; und ein Jahr sp\u00e4ter in &#8222;Are You The One \u2013 Reality Stars in Love&#8220;. In der &#8222;NDR Talk Show&#8220; erz\u00e4hlt der 30- J\u00e4hrige, woher er sein Verkaufstalent hat, was es mit seinem Putzfimmel auf sich hat und wie er mit seiner pl\u00f6tzlichen Popularit\u00e4t umgeht.<\/div>\n<div><\/div>\n<div><\/div>\n<div><\/div>\n<div><\/div>\n<div><\/div>\n<div><\/div>\n<div><\/div>\n<div style=\"text-align: justify;\"><strong>\u2022 Susann &#8222;Sanni&#8220; Beucke, Hochseeseglerin<\/strong><\/div>\n<div style=\"text-align: justify;\"><\/div>\n<div><\/div>\n<div style=\"text-align: justify;\">Sie tr\u00e4umt schon als Kind von Olympia. Die in Kiel geborene Seglerin Susann &#8222;Sanni&#8220; Beucke schafft ihr Ziel voller Ehrgeiz und Disziplin: 2020 holt sie zusammen mit ihrer Segelpartnerin bei den Olympischen Sommerspielen in Tokio die Silbermedaille. Auf dem H\u00f6hepunkt ihrer Karriere beschlie\u00dft sie, das Sportsegeln aufzugeben und sich neuen Herausforderungen zu stellen: dem Offshore-Segeln, bisher eine reine M\u00e4nnerdom\u00e4ne. 2023 nahm sie am Ocean Race im Team um Kevin Escoffier teil. In ihrem Buch &#8222;Gegen den Wind&#8220; und in der &#8222;NDR Talk Show&#8220; erz\u00e4hlt die 32-j\u00e4hrige Hochseeseglerin von ihrer Leidenschaft f\u00fcr das Meer, ihrer abenteuerlichen Karriere und ihren ambitionierten Zukunftspl\u00e4nen.<\/div>\n","protected":false},"excerpt":{"rendered":"<p>NDR Fernsehen + HR Fernsehen, 22:00 Uhr &#8211; 00:00 Uhr!\u00a0Moderation: Barbara Sch\u00f6neberger und Hubertus Meyer-Burckhardt!<\/p>\n","protected":false},"author":2,"featured_media":121799,"comment_status":"open","ping_status":"closed","sticky":false,"template":"","format":"standard","meta":{"_FSMCFIC_featured_image_caption":"","_FSMCFIC_featured_image_nocaption":"","_FSMCFIC_featured_image_hide":""},"categories":[29,128],"tags":[254],"acf":[],"_links":{"self":[{"href":"https:\/\/smago.de\/ws2\/wp-json\/wp\/v2\/posts\/219712"}],"collection":[{"href":"https:\/\/smago.de\/ws2\/wp-json\/wp\/v2\/posts"}],"about":[{"href":"https:\/\/smago.de\/ws2\/wp-json\/wp\/v2\/types\/post"}],"author":[{"embeddable":true,"href":"https:\/\/smago.de\/ws2\/wp-json\/wp\/v2\/users\/2"}],"replies":[{"embeddable":true,"href":"https:\/\/smago.de\/ws2\/wp-json\/wp\/v2\/comments?post=219712"}],"version-history":[{"count":4,"href":"https:\/\/smago.de\/ws2\/wp-json\/wp\/v2\/posts\/219712\/revisions"}],"predecessor-version":[{"id":219722,"href":"https:\/\/smago.de\/ws2\/wp-json\/wp\/v2\/posts\/219712\/revisions\/219722"}],"wp:featuredmedia":[{"embeddable":true,"href":"https:\/\/smago.de\/ws2\/wp-json\/wp\/v2\/media\/121799"}],"wp:attachment":[{"href":"https:\/\/smago.de\/ws2\/wp-json\/wp\/v2\/media?parent=219712"}],"wp:term":[{"taxonomy":"category","embeddable":true,"href":"https:\/\/smago.de\/ws2\/wp-json\/wp\/v2\/categories?post=219712"},{"taxonomy":"post_tag","embeddable":true,"href":"https:\/\/smago.de\/ws2\/wp-json\/wp\/v2\/tags?post=219712"}],"curies":[{"name":"wp","href":"https:\/\/api.w.org\/{rel}","templated":true}]}}