{"id":219325,"date":"2024-02-23T00:00:53","date_gmt":"2024-02-22T23:00:53","guid":{"rendered":"https:\/\/smago.de\/ws2\/?p=219325"},"modified":"2024-02-22T16:09:35","modified_gmt":"2024-02-22T15:09:35","slug":"uschi-glas-u-a-heute-23-02-2024-in-der-ndr-talk-show-zu-gast","status":"publish","type":"post","link":"https:\/\/smago.de\/ws2\/schlager\/uschi-glas-u-a-heute-23-02-2024-in-der-ndr-talk-show-zu-gast\/","title":{"rendered":"USCHI GLAS u.a. <br>Heute (23.02.2024) in der &#8222;NDR Talk Show&#8220; zu Gast!"},"content":{"rendered":"<p style=\"text-align: justify;\">NDR Fernsehen + HR Fernsehen, 22:00 Uhr &#8211; 00:00 Uhr!\u00a0<span class=\"title columns\"><span class=\"subtitle\">Moderation: Anja Reschke und Bettina Tietjen<\/span><\/span><span class=\"labels columns\"><span class=\"tip-label  hasThumbImage mr10\" title=\"TV-Tipp!\">!<br \/>\n<!--more--><\/span><\/span><\/p>\n<div class=\"left-list-col columns\" style=\"text-align: justify;\"><\/div>\n<div style=\"text-align: justify;\"><\/div>\n<div style=\"text-align: justify;\"><\/div>\n<div style=\"text-align: justify;\"><\/div>\n<div style=\"text-align: justify;\"><\/div>\n<div id=\"tyeq74-accordion\" class=\"accordion-content\" style=\"text-align: justify;\" role=\"tabpanel\" data-tab-content=\"\" aria-labelledby=\"tyeq74-accordion-label\" aria-hidden=\"false\">\n<div class=\"event-detail\">\n<div class=\"detail-top row collapse \">\n<div class=\"row collapse\">\n<div class=\"center-list-col columns mb-20 pr-20\">\n<div class=\"eventText\">\n<p>Bettina Tietjen und Anja Reschke begr\u00fc\u00dfen in der NDR Talk Show aus Hamburg folgende G\u00e4ste &#8230;:<\/p>\n<\/div>\n<\/div>\n<\/div>\n<\/div>\n<\/div>\n<\/div>\n<p style=\"text-align: justify;\">\n<p style=\"text-align: justify;\">\n<p style=\"text-align: justify;\">\n<div id=\"tyeq74-accordion\" class=\"accordion-content\" style=\"text-align: justify;\" role=\"tabpanel\" data-tab-content=\"\" aria-labelledby=\"tyeq74-accordion-label\" aria-hidden=\"false\">\n<div class=\"event-detail\">\n<div class=\"detail-top row collapse \">\n<div class=\"row collapse\">\n<div class=\"center-list-col columns mb-20 pr-20\">\n<div class=\"eventText\">\n<ul>\n<li>Uschi Glas, Schauspielerin<\/li>\n<li>Katharina Thalbach, Schauspielerin<\/li>\n<li>Michaela Schaffrath, Schauspielerin und Moderatorin<\/li>\n<li>Gerrit und Frederik Braun, Miniatur Wunderland-Gr\u00fcnder<\/li>\n<li>Leah Weigand, Pflegerin und Poetry-Slammerin<\/li>\n<li>Patrick Esume, American-Football-Experte, Trainer und ehemaliger Spieler<\/li>\n<li>Mareile H\u00f6ppner, Moderatorin<\/li>\n<\/ul>\n<\/div>\n<\/div>\n<\/div>\n<\/div>\n<\/div>\n<\/div>\n<p style=\"text-align: justify;\">\n<p style=\"text-align: justify;\">\n<p style=\"text-align: justify;\">\n<div class=\"detail-top row collapse \" style=\"text-align: justify;\">\n<div class=\"\"><\/div>\n<\/div>\n<div class=\"detail-bottom row collapse\">\n<div class=\"left-list-col columns\" style=\"text-align: justify;\"><\/div>\n<div class=\"center-list-col columns\">\n<div class=\"tabs-content box\" role=\"tablist\" data-accordion=\"oc6y1h-accordion\" data-tabs-content=\"tabs-2822614934499\">\n<div id=\"mehr-2822614934499\" class=\"tabs-panel details-tab is-active\" role=\"tabpanel\" aria-hidden=\"false\" aria-labelledby=\"mehr-2822614934499-label\">\n<div class=\"eventText\">\n<ul style=\"text-align: justify;\">\n<li><strong>Uschi Glas, Schauspielerin<\/strong><\/li>\n<\/ul>\n<p style=\"text-align: justify;\">Seit Ende der 1960er-Jahre ist sie eine der popul\u00e4rsten deutschen Schauspielerinnen: Uschi Glas. Die Rolle der Apanatschi in &#8222;Winnetou&#8220; macht sie 1966 bekannt, als Barbara in &#8222;Zur Sache Sch\u00e4tzchen&#8220; wird sie zum Sch\u00e4tzchen der Nation. Mit glasklarem Blick geht sie ihren erfolgreichen Weg und ist bis heute in Film und Fernsehen gut besch\u00e4ftigt. Kaum zu glauben, dass die M\u00fcnchnerin im M\u00e4rz schon ihren 80. Geburtstag feiert. Nun hat sie ein Buch \u00fcber Stationen ihres Lebens geschrieben, das Mut macht zu Haltung und Widerspruchsgeist. Neben ihren unz\u00e4hligen Filmen, TV Produktionen, Songs, Theaterst\u00fccken, B\u00fcchern und dem Familienleben nutzt Uschi Glas ihre Popularit\u00e4t auch f\u00fcr soziales Engagement. Vor 15 Jahren gr\u00fcndet sie mit ihrem Mann Dieter Hermann brotZeit e.V., um Schulkinder in Deutschland zu unterst\u00fctzen. Auf welche Episoden ihres Lebens sie besonders gern zur\u00fcckschaut und welche Pl\u00e4ne sie noch hat, verr\u00e4t Uschi Glas in der &#8222;NDR Talk Show&#8220;.<\/p>\n<\/div>\n<\/div>\n<\/div>\n<\/div>\n<\/div>\n<p>&nbsp;<\/p>\n<p>&nbsp;<\/p>\n<p>&nbsp;<\/p>\n<p>&nbsp;<\/p>\n<div class=\"detail-bottom row collapse\">\n<div class=\"center-list-col columns\">\n<div class=\"tabs-content box\" role=\"tablist\" data-accordion=\"oc6y1h-accordion\" data-tabs-content=\"tabs-2822614934499\">\n<div id=\"mehr-2822614934499\" class=\"tabs-panel details-tab is-active\" role=\"tabpanel\" aria-hidden=\"false\" aria-labelledby=\"mehr-2822614934499-label\">\n<div class=\"eventText\">\n<ul style=\"text-align: justify;\">\n<li><strong>Katharina Thalbach, Schauspielerin<\/strong><\/li>\n<\/ul>\n<p style=\"text-align: justify;\">Diese Frau konnte sich beruflich nie etwas anderes als die Schauspielerei vorstellen: Katharina Thalbach. In eine B\u00fchnen-Dynastie hineingeboren, gl\u00e4nzt sie bereits als Vierj\u00e4hrige in ihrer ersten Rolle, ist bis heute eine echte Legende in der deutschen Film-, Fernseh-, Theater- und H\u00f6rspielwelt und hat Pressetext aktualisiert f\u00fcr ihre zahlreichen Rollen unz\u00e4hlige Preise verliehen bekommen. Jetzt verk\u00f6rpert &#8222;die Thalbach&#8220; zum zweiten Mal die Rolle der Hobbydetektivin und Altkanzlerin Angela Merkel. Dieses Mal will &#8222;Miss Merkel&#8220; den Mord an einem Friedhofsg\u00e4rtner aufkl\u00e4ren und wird dabei tatkr\u00e4ftig von ihrem Mops Helmut unterst\u00fctzt. Was sie pers\u00f6nlich mit Angela Merkel verbindet, wie viel Detektiv-Leidenschaft in ihr steckt und warum es ihr gro\u00dfer Traum ist, das Zaubern zu erlernen, erz\u00e4hlt Katharina Thalbach in der &#8222;NDR Talk Show&#8220;.<\/p>\n<\/div>\n<\/div>\n<\/div>\n<\/div>\n<\/div>\n<p>&nbsp;<\/p>\n<p>&nbsp;<\/p>\n<p>&nbsp;<\/p>\n<p>&nbsp;<\/p>\n<div class=\"detail-bottom row collapse\">\n<div class=\"center-list-col columns\">\n<div class=\"tabs-content box\" role=\"tablist\" data-accordion=\"oc6y1h-accordion\" data-tabs-content=\"tabs-2822614934499\">\n<div id=\"mehr-2822614934499\" class=\"tabs-panel details-tab is-active\" role=\"tabpanel\" aria-hidden=\"false\" aria-labelledby=\"mehr-2822614934499-label\">\n<div class=\"eventText\">\n<ul style=\"text-align: justify;\">\n<li><strong>Michaela Schaffrath, Schauspielerin und Moderatorin<\/strong><\/li>\n<\/ul>\n<p style=\"text-align: justify;\">Michaela Schaffrath wurde 1970 in Eschweiler bei Aachen geboren. Ende der 1990er-Jahre wurde die ehemalige Kinderkrankenschwester f\u00fcr zwei Jahre zum Erotikstar. Doch das sind l\u00e4ngst vergangene Zeiten f\u00fcr die Wahlbremerin. Seit mehr als 20 Jahren ist die 53-J\u00e4hrige als Schauspielerin, Synchronsprecherin und Moderatorin gefragt. Jetzt geht sie ab M\u00e4rz mit der Krimikom\u00f6die &#8222;Der M\u00f6nch mit der Klatsche&#8220; auf Theatertournee. Auch privat l\u00e4uft alles gut. Nach mehreren gescheiterten Beziehungen und Ehen hat sie mit dem Fotografen Carlos Anthonyo die Liebe ihres Lebens gefunden. In der &#8222;NDR Talk Show&#8220; erz\u00e4hlt Michaela Schaffrath \u00fcber ihre Wahlheimat Bremen, ihre Leidenschaft f\u00fcr Eierlik\u00f6r und ihr Faible f\u00fcr Edgar Wallace.<\/p>\n<\/div>\n<\/div>\n<\/div>\n<\/div>\n<\/div>\n<p>&nbsp;<\/p>\n<p>&nbsp;<\/p>\n<p>&nbsp;<\/p>\n<p>&nbsp;<\/p>\n<div class=\"detail-bottom row collapse\">\n<div class=\"center-list-col columns\">\n<div class=\"tabs-content box\" role=\"tablist\" data-accordion=\"oc6y1h-accordion\" data-tabs-content=\"tabs-2822614934499\">\n<div id=\"mehr-2822614934499\" class=\"tabs-panel details-tab is-active\" role=\"tabpanel\" aria-hidden=\"false\" aria-labelledby=\"mehr-2822614934499-label\">\n<div class=\"eventText\">\n<ul style=\"text-align: justify;\">\n<li><strong>Gerrit und Frederik Braun, Miniatur Wunderland-Gr\u00fcnder<\/strong><\/li>\n<\/ul>\n<p style=\"text-align: justify;\">In einer Stunde von Hamburg nach Rio de Janeiro bis in die Antarktis, im Miniatur Wunderland Hamburg geht das ganz ohne Probleme. Seit der Ero\u0308ffnung im August 2001 fasziniert die inzwischen auf 1.610 Quadratmeter angewachsene Attraktion Millionen Ga\u0308ste. Mit ihren authentischen und detailreichen Welten im Miniformat haben die Zwillingsbru\u0308der Gerrit und Frederik Braun eine einmalige Erfolgsgeschichte geschrieben. Und diese erobert nun die gro\u00dfe Kinoleinwand. Der Dokumentarfilm &#8222;Wunderland &#8211; Vom Kindheitstraum zum Welterfolg&#8220; begleitet die Unternehmer auf ihrem Weg von ersten Tu\u0308fteleien im Kinderzimmer zum Bau der weltweit gro\u0308\u00dften Modelleisenbahnanlage und lassen sie mittels aufwendiger Animationen durch ihr eigenes Wunderland streifen. Warum fu\u0308r die Geschwister damit ein Traum wahr wird, in welchen Situationen ihnen die besten Einfa\u0308lle fu\u0308r ihr Herzensprojekt kommen und welche neuen Ideen den beiden bereits durch den Kopf schwirren, das verraten sie in der &#8222;NDR Talk Show&#8220;.<\/p>\n<\/div>\n<\/div>\n<\/div>\n<\/div>\n<\/div>\n<p>&nbsp;<\/p>\n<p>&nbsp;<\/p>\n<p>&nbsp;<\/p>\n<p>&nbsp;<\/p>\n<div class=\"detail-bottom row collapse\">\n<div class=\"center-list-col columns\">\n<div class=\"tabs-content box\" role=\"tablist\" data-accordion=\"oc6y1h-accordion\" data-tabs-content=\"tabs-2822614934499\">\n<div id=\"mehr-2822614934499\" class=\"tabs-panel details-tab is-active\" role=\"tabpanel\" aria-hidden=\"false\" aria-labelledby=\"mehr-2822614934499-label\">\n<div class=\"eventText\">\n<ul style=\"text-align: justify;\">\n<li><strong>Leah Weigand, Pflegerin und Poetry-Slammerin<\/strong><\/li>\n<\/ul>\n<p style=\"text-align: justify;\">Mit ihren Worten schafft sie es, Menschen zu beru\u0308hren, o\u0308ffnet Tu\u0308ren und kann einem auch mal die Kehle zuschnu\u0308ren: Poetry- Slammerin, Pflegerin und Medizinstudierende Leah Weigand. Anfang 2023 geht ihr Text &#8222;Ungepflegt&#8220; u\u0308ber die Scho\u0308nheit und Mi<\/p>\n<p style=\"text-align: justify;\">sssta\u0308nde des Pflegeberufs im Netz viral. Gepflegt hat die 27- ja\u0308hrige Krankenpflegerin nicht nur Menschen, sondern auch ihr Sprachtalent und steht seit 2017 als Poetry-Slammerin auf der Bu\u0308hne. Als Kind zweier Pflegekra\u0308fte geht sie nach der Schule fu\u0308r einen Freiwilligendienst nach Uganda und macht anschlie\u00dfend ihre Ausbildung zur Gesundheits- und Krankenpflegerin. Heute studiert Leah Weigand Medizin in Marburg und vero\u0308ffentlicht jetzt ihren ersten Gedichtband &#8222;Ein wenig mehr Wir&#8220;. Wie ein poetisches Pla\u0308doyer fu\u0308r mehr Menschlichkeit in der Gesellschaft klingen kann, zeigt sie in der &#8222;NDR Talk Show&#8220;.<\/p>\n<\/div>\n<\/div>\n<\/div>\n<\/div>\n<\/div>\n<p>&nbsp;<\/p>\n<p>&nbsp;<\/p>\n<p>&nbsp;<\/p>\n<p>&nbsp;<\/p>\n<div class=\"detail-bottom row collapse\">\n<div class=\"center-list-col columns\">\n<div class=\"tabs-content box\" role=\"tablist\" data-accordion=\"oc6y1h-accordion\" data-tabs-content=\"tabs-2822614934499\">\n<div id=\"mehr-2822614934499\" class=\"tabs-panel details-tab is-active\" role=\"tabpanel\" aria-hidden=\"false\" aria-labelledby=\"mehr-2822614934499-label\">\n<div class=\"eventText\">\n<ul style=\"text-align: justify;\">\n<li><strong>Patrick Esume, American Football-Experte, ehemaliger Trainer und Spieler<\/strong><\/li>\n<\/ul>\n<p style=\"text-align: justify;\">Eigentlich will er es im Fu\u00dfball versuchen, wechselt aber mit 18 zum American Football: zum Glu\u0308ck! Denn innerhalb kurzer Zeit legt Patrick Esume eine beeindruckende Spielerkarriere hin, gewinnt mehrere Titel in Folge. Ab 2002 tauscht der Hamburger mit nigerianischen Wurzeln erfolgreich Spieler- gegen Trainershirt und setzt sich mit der European League of Football dafu\u0308r ein, den Profisport europaweit zu etablieren. Sein Fachwissen gibt er zudem als NFL-Kommentator und Podcaster weiter. Aber nicht nur dafu\u0308r macht der Vater von zwei Kindern Gebrauch von seiner Stimme, sondern erhebt sie auch bei den aktuellen Demonstrationen gegen Rechtsextremismus in seiner Heimatstadt. So geht es fu\u0308r den 50-Ja\u0308hrigen natu\u0308rlich auch zum Super Bowl nach Las Vegas. Von diesem Spektakel, der wachsenden Begeisterung fu\u0308r American Football in Deutschland sowie von der Kraft des Sports im Kampf gegen Rassismus erza\u0308hlt Patrick Esume in der &#8222;NDR Talk Show&#8220;.<\/p>\n<\/div>\n<\/div>\n<\/div>\n<\/div>\n<\/div>\n<p>&nbsp;<\/p>\n<p>&nbsp;<\/p>\n<p>&nbsp;<\/p>\n<p>&nbsp;<\/p>\n<div class=\"detail-bottom row collapse\">\n<div class=\"center-list-col columns\">\n<div class=\"tabs-content box\" role=\"tablist\" data-accordion=\"oc6y1h-accordion\" data-tabs-content=\"tabs-2822614934499\">\n<div id=\"mehr-2822614934499\" class=\"tabs-panel details-tab is-active\" role=\"tabpanel\" aria-hidden=\"false\" aria-labelledby=\"mehr-2822614934499-label\">\n<div class=\"eventText\">\n<ul style=\"text-align: justify;\">\n<li><strong>Mareile H\u00f6ppner, Moderatorin<\/strong><\/li>\n<\/ul>\n<p style=\"text-align: justify;\">Als langj\u00e4hrige Moderatorin hat sich Mareile H\u00f6ppner schon diversen Themen angenommen. Zuletzt hat sie sich besonders einem Thema gewidmet: Fleisch. Was macht es mit dem K\u00f6rper, wenn man Fleisch isst? Kann man sich durch reduzierten Fleischkonsum verj\u00fcngen? Und wie gut sind Ersatzprodukte? Diesen Fragen geht die Journalistin nicht nur f\u00fcr das Verbrauchermagazin &#8222;Gecheckt&#8220; auf den Grund, sondern auch f\u00fcr sich selbst. Gro\u00df geworden auf dem Land, lernt sie fr\u00fch, was bewusste Ern\u00e4hrung hei\u00dft. Das Fleisch kommt vom Bauern nebenan statt aus dem Supermarkt. Und als Kind hilft sie mit, es zuzubereiten: von A bis Z. Was die 46-J\u00e4hrige in den vergangenen Wochen Erstaunliches \u00fcber Fleisch erfahren hat und wie Fleisch aus dem 3D-Drucker schmeckt, u.a. dar\u00fcber erz\u00e4hlt Mareile H\u00f6ppner in der &#8222;NDR Talk Show&#8220;.<\/p>\n<\/div>\n<\/div>\n<\/div>\n<\/div>\n<\/div>\n<p>&nbsp;<\/p>\n","protected":false},"excerpt":{"rendered":"<p>NDR Fernsehen + HR Fernsehen, 22:00 Uhr &#8211; 00:00 Uhr!\u00a0Moderation: Anja Reschke und Bettina Tietjen!<\/p>\n","protected":false},"author":2,"featured_media":194977,"comment_status":"open","ping_status":"closed","sticky":false,"template":"","format":"standard","meta":{"_FSMCFIC_featured_image_caption":"","_FSMCFIC_featured_image_nocaption":"","_FSMCFIC_featured_image_hide":""},"categories":[29,128],"tags":[254],"acf":[],"_links":{"self":[{"href":"https:\/\/smago.de\/ws2\/wp-json\/wp\/v2\/posts\/219325"}],"collection":[{"href":"https:\/\/smago.de\/ws2\/wp-json\/wp\/v2\/posts"}],"about":[{"href":"https:\/\/smago.de\/ws2\/wp-json\/wp\/v2\/types\/post"}],"author":[{"embeddable":true,"href":"https:\/\/smago.de\/ws2\/wp-json\/wp\/v2\/users\/2"}],"replies":[{"embeddable":true,"href":"https:\/\/smago.de\/ws2\/wp-json\/wp\/v2\/comments?post=219325"}],"version-history":[{"count":1,"href":"https:\/\/smago.de\/ws2\/wp-json\/wp\/v2\/posts\/219325\/revisions"}],"predecessor-version":[{"id":219326,"href":"https:\/\/smago.de\/ws2\/wp-json\/wp\/v2\/posts\/219325\/revisions\/219326"}],"wp:featuredmedia":[{"embeddable":true,"href":"https:\/\/smago.de\/ws2\/wp-json\/wp\/v2\/media\/194977"}],"wp:attachment":[{"href":"https:\/\/smago.de\/ws2\/wp-json\/wp\/v2\/media?parent=219325"}],"wp:term":[{"taxonomy":"category","embeddable":true,"href":"https:\/\/smago.de\/ws2\/wp-json\/wp\/v2\/categories?post=219325"},{"taxonomy":"post_tag","embeddable":true,"href":"https:\/\/smago.de\/ws2\/wp-json\/wp\/v2\/tags?post=219325"}],"curies":[{"name":"wp","href":"https:\/\/api.w.org\/{rel}","templated":true}]}}