{"id":219310,"date":"2024-02-23T00:00:47","date_gmt":"2024-02-22T23:00:47","guid":{"rendered":"https:\/\/smago.de\/ws2\/?p=219310"},"modified":"2024-02-22T15:35:50","modified_gmt":"2024-02-22T14:35:50","slug":"buelent-ceylan-twenty4tim-u-a-heute-23-02-2024-in-der-talk-show-koelner-treff-zu-gast","status":"publish","type":"post","link":"https:\/\/smago.de\/ws2\/comedy\/buelent-ceylan-twenty4tim-u-a-heute-23-02-2024-in-der-talk-show-koelner-treff-zu-gast\/","title":{"rendered":"B\u00dcLENT CEYLAN, twenty4tim u.a. <br>Heute (23.02.2024) in der Talk-Show &#8222;K\u00f6lner Treff&#8220; zu Gast!"},"content":{"rendered":"<p style=\"text-align: justify;\">22:00 Uhr \u2013 00:00 Uhr (1. Wh. in der Nacht auf 14.02., 00:45 Uhr \u2013 02:45 Uhr; 2. Wh.: 25.02., 09:10 Uhr \u2013 11:10 Uhr)!\u00a0<span class=\"title columns\"><span class=\"subtitle\">Moderation:\u00a0<\/span><\/span><span class=\"title columns\"><span class=\"subtitle\">Susan Link und Micky Beisenherz!<br \/>\n<!--more--><\/span><\/span><\/p>\n<div id=\"xv4e24-accordion\" class=\"accordion-content\" style=\"text-align: justify;\" role=\"tabpanel\" data-tab-content=\"\" aria-labelledby=\"xv4e24-accordion-label\" aria-hidden=\"false\">\n<div class=\"event-detail\">\n<p>&nbsp;<\/p>\n<p>&nbsp;<\/p>\n<p>&nbsp;<\/p>\n<p><strong>G\u00e4ste:<\/strong><\/p>\n<\/div>\n<\/div>\n<p style=\"text-align: justify;\">\n<p style=\"text-align: justify;\">\n<div id=\"xv4e24-accordion\" class=\"accordion-content\" style=\"text-align: justify;\" role=\"tabpanel\" data-tab-content=\"\" aria-labelledby=\"xv4e24-accordion-label\" aria-hidden=\"false\">\n<div class=\"event-detail\">\n<ul>\n<li>B\u00fclent Ceylan, Comedian<\/li>\n<li>Twenty4tim, Influencer<\/li>\n<li>Margot K\u00e4\u00dfmann, Theologin<\/li>\n<li>Harald Krassnitzer, Schauspieler<\/li>\n<li>Angelina Kirsch, Curvy Model<\/li>\n<li>Joe Laschet, Blogger<\/li>\n<li>Vera-Lotte Boecker, Sopranistin<\/li>\n<\/ul>\n<\/div>\n<\/div>\n<p style=\"text-align: justify;\">\n<p style=\"text-align: justify;\">\n<p style=\"text-align: justify;\">\n<p style=\"text-align: justify;\">\n<p style=\"text-align: justify;\">\n<ul style=\"text-align: justify;\">\n<li><strong>B\u00fclent Ceylan<\/strong><\/li>\n<\/ul>\n<p style=\"text-align: justify;\">\n<p style=\"text-align: justify;\">Er geh\u00f6rt zu den bekanntesten Comedians des Landes, kann nicht nur \u00fcber 20 Jahre B\u00fchnenerfahrung vorweisen, sondern ist auch aus dem deutschen Fernsehen nicht wegzudenken &#8211; egal, ob mit eigenem Format oder als Gast bei den Comedy-Kollegen. Doch der geb\u00fcrtige Mannheimer hat noch weitere Talente. Neben Comedy macht B\u00fclent Ceylan auch noch Musik. 2019 trat er als Engel in der Musikshow &#8222;The Masked Singer&#8220; auf und gewann den Wettbewerb. Demn\u00e4chst erscheint sein erstes Album. Und ein neues Programm hat er auch noch am Start.<\/p>\n<p>&nbsp;<\/p>\n<p>&nbsp;<\/p>\n<p>&nbsp;<\/p>\n<p>&nbsp;<\/p>\n<ul style=\"text-align: justify;\">\n<li><strong>Twenty4tim<\/strong><\/li>\n<\/ul>\n<p style=\"text-align: justify;\">\n<p style=\"text-align: justify;\">Mit witzigen Videos &#8211; vor allem auf TikTok und Instagram &#8211; wurde der 23-j\u00e4hrige K\u00f6lner, der b\u00fcrgerlich Tim Kampmann hei\u00dft, bekannt. Und auch in der aktuellen Staffel des Dschungelcamps wurde er nicht m\u00fcde, f\u00fcr mehr Akzeptanz von queeren Lebensweisen zu werben. Seit 2022 ist er auch als S\u00e4nger erfolgreich und versucht Menschen zu ermutigen, einfach sie selbst zu sein. Daf\u00fcr schl\u00fcpft er schon mal in Frauenkleider und inszeniert schillernde Auftritte. F\u00fcr sein mutiges Auftreten bekommt twenty4tim aber nicht nur Zuspruch, oft muss er sich auch mit Hassbotschaften auseinandersetzen.<\/p>\n<p>&nbsp;<\/p>\n<p>&nbsp;<\/p>\n<p>&nbsp;<\/p>\n<p>&nbsp;<\/p>\n<ul style=\"text-align: justify;\">\n<li><strong>Margot K\u00e4\u00dfmann<\/strong><\/li>\n<\/ul>\n<p style=\"text-align: justify;\">\n<p style=\"text-align: justify;\">Auch wenn die Theologin Margot K\u00e4\u00dfmann sich vor einigen Jahren offiziell in den Ruhestand verabschiedet hat, bedeutet das nicht, dass sie sich langweilt. Vortr\u00e4ge und Lesungen geh\u00f6ren immer noch zu ihrem Leben &#8211; und vor allem halten sie ihre sieben Enkelkinder auf Trab. Nun teilt sie ihre Erfahrungen als Oma, wie sie es schafft, allen gerecht zu werden, warum ihr die Weitergabe von Traditionen so wichtig ist und wann sich Gro\u00dfeltern besser nicht in die Erziehung einmischen sollten. So oder so ist sie aber davon \u00fcberzeugt: &#8222;Gro\u00dfeltern zu werden ist ein Geschenk.&#8220;<\/p>\n<p>&nbsp;<\/p>\n<p>&nbsp;<\/p>\n<p>&nbsp;<\/p>\n<p>&nbsp;<\/p>\n<ul style=\"text-align: justify;\">\n<li><strong>Harald Krassnitzer<\/strong><\/li>\n<\/ul>\n<p style=\"text-align: justify;\">\n<p style=\"text-align: justify;\">Der geb\u00fcrtige Tiroler hat etwas zu feiern: Vor 25 Jahren gab Harald Krassnitzer sein Deb\u00fct als Wiener &#8222;Tatort&#8220;-Kommissar Moritz Eisner. In der Jubil\u00e4umsfolge wird es richtig zur Sache gehen &#8211; man schneiderte ihm einen Fall auf den Leib, in dem er selbst unter Mordverdacht ger\u00e4t. Der Perspektivwechsel sorgte f\u00fcr aufregende Dreharbeiten. Umso entschleunigender war die Reise, die Krassnitzer vergangenes Jahr unternahm. F\u00fcnf Wochen lang fuhr er mit einem traditionellen Holzboot \u00fcber die Donau. Von Wien bis ans schwarze Meer &#8211; f\u00fcr den 63-J\u00e4hrigen die Erf\u00fcllung eines Lebenstraums.<\/p>\n<p>&nbsp;<\/p>\n<p>&nbsp;<\/p>\n<p>&nbsp;<\/p>\n<p>&nbsp;<\/p>\n<ul style=\"text-align: justify;\">\n<li><strong>Angelina Kirsch<\/strong><\/li>\n<\/ul>\n<p style=\"text-align: justify;\">\n<p style=\"text-align: justify;\">Sie eroberte als Curvy Model und &#8222;Body Positivity&#8220;-Botschafterin nicht nur die Laufstege Europas, sondern auch die Medien, schaffte es zur gefragten TV-Moderatorin und Instagram-Ikone! Immer mit dem klaren Leitmotiv: &#8222;Ich bin perfekt, so wie ich bin!&#8220; Umso bitterer war es, als bei Angelina Kirsch im letzten Jahr eine halbseitige Gesichtsl\u00e4hmung diagnostiziert wurde. Die Mittdrei\u00dfigerin war gezwungen, einige Facetten ihres bis dahin so erfolgreichen Lebens auf den Pr\u00fcfstand zu stellen. Eine Herausforderung, die sie mit gewohntem Optimismus angeht!<\/p>\n<p>&nbsp;<\/p>\n<p>&nbsp;<\/p>\n<p>&nbsp;<\/p>\n<p>&nbsp;<\/p>\n<ul style=\"text-align: justify;\">\n<li><strong>Joe Laschet<\/strong><\/li>\n<\/ul>\n<p style=\"text-align: justify;\">\n<p style=\"text-align: justify;\">Er ist DER Blogger f\u00fcr klassische Herrenmode und begeistert t\u00e4glich seine 100.000 Follower auf Instagram. Der Wahl-K\u00f6lner Joe Laschet, \u00e4ltester Sohn des ehemaligen NRW-Ministerpr\u00e4sidenten Armin Laschet, lernte schon als Kind von der Oma n\u00e4hen, schmiss sp\u00e4ter sein Jurastudium und machte sein Hobby zum Beruf. Er ber\u00e4t nicht nur seinen Vater, sondern will auch die Fashion-Szene aufmischen und den Anzug erneut salonf\u00e4hig machen. Sein Credo: &#8222;Anzug und Krawatte geh\u00f6ren wieder auf die Stra\u00dfe&#8220;.<\/p>\n<p>&nbsp;<\/p>\n<p>&nbsp;<\/p>\n<p>&nbsp;<\/p>\n<p>&nbsp;<\/p>\n<ul style=\"text-align: justify;\">\n<li><strong>Vera-Lotte Boecker<\/strong><\/li>\n<\/ul>\n<p style=\"text-align: justify;\">\n<p style=\"text-align: justify;\">2022 wurde die Sopranistin von der Zeitschrift &#8222;Opernwelt&#8220; zur &#8222;S\u00e4ngerin des Jahres&#8220; gew\u00e4hlt! Ein fr\u00fcher Karrierezenit f\u00fcr die Rheinl\u00e4nderin, die zun\u00e4chst in D\u00fcsseldorf und Berlin Philosophie studierte, bevor sie den Gesang als Berufung entdeckte! Binnen kurzer Frist avancierte sie zu einer der markantesten Interpretinnen f\u00fcr differenzierte Frauenrollen. Bevor Vera-Lotte Boecker im Sommer bei den Bregenzer Festspielen f\u00fcr Furore sorgen wird, schaut sie in ihrer Heimat und beim K\u00f6lner Treff vorbei.<\/p>\n<p>&nbsp;<\/p>\n<p>&nbsp;<\/p>\n<p>&nbsp;<\/p>\n<figure id=\"attachment_219311\" aria-describedby=\"caption-attachment-219311\" style=\"width: 800px\" class=\"wp-caption alignnone\"><img decoding=\"async\" loading=\"lazy\" class=\"size-large wp-image-219311\" src=\"https:\/\/smago.de\/ws2\/wp-content\/uploads\/2024\/02\/1_Koelner_Treff_PW0824-800x526.jpg\" alt=\"\" width=\"800\" height=\"526\" srcset=\"https:\/\/smago.de\/ws2\/wp-content\/uploads\/2024\/02\/1_Koelner_Treff_PW0824-800x526.jpg 800w, https:\/\/smago.de\/ws2\/wp-content\/uploads\/2024\/02\/1_Koelner_Treff_PW0824-522x343.jpg 522w, https:\/\/smago.de\/ws2\/wp-content\/uploads\/2024\/02\/1_Koelner_Treff_PW0824-228x150.jpg 228w, https:\/\/smago.de\/ws2\/wp-content\/uploads\/2024\/02\/1_Koelner_Treff_PW0824-768x505.jpg 768w, https:\/\/smago.de\/ws2\/wp-content\/uploads\/2024\/02\/1_Koelner_Treff_PW0824-1536x1010.jpg 1536w, https:\/\/smago.de\/ws2\/wp-content\/uploads\/2024\/02\/1_Koelner_Treff_PW0824-2048x1346.jpg 2048w, https:\/\/smago.de\/ws2\/wp-content\/uploads\/2024\/02\/1_Koelner_Treff_PW0824-392x258.jpg 392w, https:\/\/smago.de\/ws2\/wp-content\/uploads\/2024\/02\/1_Koelner_Treff_PW0824-130x85.jpg 130w, https:\/\/smago.de\/ws2\/wp-content\/uploads\/2024\/02\/1_Koelner_Treff_PW0824-677x445.jpg 677w, https:\/\/smago.de\/ws2\/wp-content\/uploads\/2024\/02\/1_Koelner_Treff_PW0824-794x522.jpg 794w, https:\/\/smago.de\/ws2\/wp-content\/uploads\/2024\/02\/1_Koelner_Treff_PW0824-289x190.jpg 289w, https:\/\/smago.de\/ws2\/wp-content\/uploads\/2024\/02\/1_Koelner_Treff_PW0824-435x286.jpg 435w, https:\/\/smago.de\/ws2\/wp-content\/uploads\/2024\/02\/1_Koelner_Treff_PW0824-150x100.jpg 150w\" sizes=\"(max-width: 800px) 100vw, 800px\" \/><figcaption id=\"caption-attachment-219311\" class=\"wp-caption-text\">WDR Fernsehen K\u00d6LNER TREFF, am Freitag (23.02.24) um 22:00 Uhr.<br \/>Die Moderatoren Susan Link und Micky Beisenherz.<\/p>\n<p>\u00a9 WDR \/ Melanie Grande<\/figcaption><\/figure>\n","protected":false},"excerpt":{"rendered":"<p>22:00 Uhr \u2013 00:00 Uhr (1. Wh. in der Nacht auf 14.02., 00:45 Uhr \u2013 02:45 Uhr; 2. Wh.: 25.02.,<\/p>\n","protected":false},"author":2,"featured_media":219311,"comment_status":"open","ping_status":"closed","sticky":false,"template":"","format":"standard","meta":{"_FSMCFIC_featured_image_caption":"","_FSMCFIC_featured_image_nocaption":"","_FSMCFIC_featured_image_hide":""},"categories":[3,27,128],"tags":[129],"acf":[],"_links":{"self":[{"href":"https:\/\/smago.de\/ws2\/wp-json\/wp\/v2\/posts\/219310"}],"collection":[{"href":"https:\/\/smago.de\/ws2\/wp-json\/wp\/v2\/posts"}],"about":[{"href":"https:\/\/smago.de\/ws2\/wp-json\/wp\/v2\/types\/post"}],"author":[{"embeddable":true,"href":"https:\/\/smago.de\/ws2\/wp-json\/wp\/v2\/users\/2"}],"replies":[{"embeddable":true,"href":"https:\/\/smago.de\/ws2\/wp-json\/wp\/v2\/comments?post=219310"}],"version-history":[{"count":1,"href":"https:\/\/smago.de\/ws2\/wp-json\/wp\/v2\/posts\/219310\/revisions"}],"predecessor-version":[{"id":219312,"href":"https:\/\/smago.de\/ws2\/wp-json\/wp\/v2\/posts\/219310\/revisions\/219312"}],"wp:featuredmedia":[{"embeddable":true,"href":"https:\/\/smago.de\/ws2\/wp-json\/wp\/v2\/media\/219311"}],"wp:attachment":[{"href":"https:\/\/smago.de\/ws2\/wp-json\/wp\/v2\/media?parent=219310"}],"wp:term":[{"taxonomy":"category","embeddable":true,"href":"https:\/\/smago.de\/ws2\/wp-json\/wp\/v2\/categories?post=219310"},{"taxonomy":"post_tag","embeddable":true,"href":"https:\/\/smago.de\/ws2\/wp-json\/wp\/v2\/tags?post=219310"}],"curies":[{"name":"wp","href":"https:\/\/api.w.org\/{rel}","templated":true}]}}