{"id":218759,"date":"2024-02-10T00:00:45","date_gmt":"2024-02-09T23:00:45","guid":{"rendered":"https:\/\/smago.de\/ws2\/?p=218759"},"modified":"2024-02-09T23:32:07","modified_gmt":"2024-02-09T22:32:07","slug":"nicole-doppel-cd-ich-bin-zurueck-live-2023","status":"publish","type":"post","link":"https:\/\/smago.de\/ws2\/schlager\/nicole-doppel-cd-ich-bin-zurueck-live-2023\/","title":{"rendered":"NICOLE <br>Doppel-CD &#8222;Ich bin zur\u00fcck (Live 2023)&#8220;"},"content":{"rendered":"<p style=\"text-align: justify;\">Auf\u00a0ihrem Live-Doppelalbum finden sich 23 Klangperlen \u2013 exzellent in Szene gesetzt durch ihre gro\u00dfartige Band sowie durch\u00a0ihre ausdrucksstarken Stimme und Performance!<br \/>\n<!--more--><\/p>\n<p>&nbsp;<\/p>\n<p style=\"text-align: justify;\">\n<p style=\"text-align: justify;\">NICOLE zelebrierte ihre R\u00fcckkehr auf die B\u00fchne &#8211; live und mit neuer Band!<\/p>\n<p style=\"text-align: justify;\">&#8222;Flieg nicht so hoch, mein kleiner Freund&#8220;, &#8222;Ein bisschen Frieden&#8220;, &#8222;Papillon&#8220;, &#8222;Ein leises Lied&#8220;, &#8222;Mit dir vielleicht &#8230;&#8220;, &#8222;Allein in Griechenland&#8220; oder &#8222;Ich bin zur\u00fcck&#8220;. Diese Hits von Nicole kennt wohl jeder und kann jeder mitsingen.<\/p>\n<p style=\"text-align: justify;\">Nachdem sich Nicole f\u00fcr einige Zeit aus der \u00d6ffentlichkeit zur\u00fcckgezogen hatte, um sich mit aller Kraft dem Kampf gegen den Krebs zu widmen, meldete sie sich 2023 endlich mit einer gro\u00dfen Tournee zur\u00fcck.<\/p>\n<p style=\"text-align: justify;\">Vor 42 Jahren, mit gerade einmal 17 Jahren, gewann Nicole mit &#8222;Ein bisschen Frieden&#8220; den Eurovision Song Contest f\u00fcr Deutschland und das bescherte Nicole Millionenverk\u00e4ufe und Top-Platzierungen in ganz Europa.<\/p>\n<p style=\"text-align: justify;\">In den vier Jahrzehnten, die seit diesen ersten Sensationserfolgen der Euro-Gold-Single vergangen sind, folgten zwei Dutzend weitere Longplayer, f\u00fcr die sie gleich 11 Goldene Stimmgabeln sowie 17-mal den ersten Platz bei der &#8222;ZDF-Hitparade&#8220; gewann.<\/p>\n<p style=\"text-align: justify;\">Auf die Zweitplatzierung beim &#8222;World Popular Song Festival&#8220; in Tokio (1983) folgten zudem ein ECHO-Pop in den Neunzigern, mehrfach die Goldene Europa, 2017 den s<em>mago!<\/em> Award und 2020 dann sogar den Triple <em>smago!<\/em> Award sowie 2023 den Hans Rosenthal Preis f\u00fcr ihr soziales Engagement.<\/p>\n<p style=\"text-align: justify;\">Auf\u00a0ihrem Live-Doppelalbum finden sich 23 Klangperlen &#8211; exzellent in Szene gesetzt durch ihre gro\u00dfartige Band,\u00a0bestehend aus herausragenden Musikern (Jens Carstens, Achim Meier, Mickey Meinert und Zoran Grujovski), zum Teil aus der Helene Fischer Live-Band, sowie ihrer ausdrucksstarken Stimme und Performance.<\/p>\n<p style=\"text-align: justify;\">Ein Nacherlebnis einer emotionalen, ehrlichen und hochkar\u00e4tigen Live-Show, die in 2024 zudem ihre Fortsetzung findet.<\/p>\n<p style=\"text-align: justify;\">\n<p style=\"text-align: justify;\"><img decoding=\"async\" loading=\"lazy\" class=\"alignnone size-full wp-image-218760\" src=\"https:\/\/smago.de\/ws2\/wp-content\/uploads\/2024\/02\/nicole_back.jpeg\" alt=\"\" width=\"800\" height=\"800\" srcset=\"https:\/\/smago.de\/ws2\/wp-content\/uploads\/2024\/02\/nicole_back.jpeg 800w, https:\/\/smago.de\/ws2\/wp-content\/uploads\/2024\/02\/nicole_back-522x522.jpeg 522w, https:\/\/smago.de\/ws2\/wp-content\/uploads\/2024\/02\/nicole_back-150x150.jpeg 150w, https:\/\/smago.de\/ws2\/wp-content\/uploads\/2024\/02\/nicole_back-768x768.jpeg 768w, https:\/\/smago.de\/ws2\/wp-content\/uploads\/2024\/02\/nicole_back-272x272.jpeg 272w, https:\/\/smago.de\/ws2\/wp-content\/uploads\/2024\/02\/nicole_back-600x600.jpeg 600w, https:\/\/smago.de\/ws2\/wp-content\/uploads\/2024\/02\/nicole_back-130x130.jpeg 130w, https:\/\/smago.de\/ws2\/wp-content\/uploads\/2024\/02\/nicole_back-445x445.jpeg 445w, https:\/\/smago.de\/ws2\/wp-content\/uploads\/2024\/02\/nicole_back-190x190.jpeg 190w, https:\/\/smago.de\/ws2\/wp-content\/uploads\/2024\/02\/nicole_back-290x290.jpeg 290w\" sizes=\"(max-width: 800px) 100vw, 800px\" \/><\/p>\n","protected":false},"excerpt":{"rendered":"<p>Auf\u00a0ihrem Live-Doppelalbum finden sich 23 Klangperlen \u2013 exzellent in Szene gesetzt durch ihre gro\u00dfartige Band sowie durch\u00a0ihre ausdrucksstarken Stimme und<\/p>\n","protected":false},"author":2,"featured_media":218761,"comment_status":"open","ping_status":"closed","sticky":false,"template":"","format":"standard","meta":{"_FSMCFIC_featured_image_caption":"","_FSMCFIC_featured_image_nocaption":"","_FSMCFIC_featured_image_hide":""},"categories":[29,39],"tags":[650],"acf":[],"_links":{"self":[{"href":"https:\/\/smago.de\/ws2\/wp-json\/wp\/v2\/posts\/218759"}],"collection":[{"href":"https:\/\/smago.de\/ws2\/wp-json\/wp\/v2\/posts"}],"about":[{"href":"https:\/\/smago.de\/ws2\/wp-json\/wp\/v2\/types\/post"}],"author":[{"embeddable":true,"href":"https:\/\/smago.de\/ws2\/wp-json\/wp\/v2\/users\/2"}],"replies":[{"embeddable":true,"href":"https:\/\/smago.de\/ws2\/wp-json\/wp\/v2\/comments?post=218759"}],"version-history":[{"count":3,"href":"https:\/\/smago.de\/ws2\/wp-json\/wp\/v2\/posts\/218759\/revisions"}],"predecessor-version":[{"id":218764,"href":"https:\/\/smago.de\/ws2\/wp-json\/wp\/v2\/posts\/218759\/revisions\/218764"}],"wp:featuredmedia":[{"embeddable":true,"href":"https:\/\/smago.de\/ws2\/wp-json\/wp\/v2\/media\/218761"}],"wp:attachment":[{"href":"https:\/\/smago.de\/ws2\/wp-json\/wp\/v2\/media?parent=218759"}],"wp:term":[{"taxonomy":"category","embeddable":true,"href":"https:\/\/smago.de\/ws2\/wp-json\/wp\/v2\/categories?post=218759"},{"taxonomy":"post_tag","embeddable":true,"href":"https:\/\/smago.de\/ws2\/wp-json\/wp\/v2\/tags?post=218759"}],"curies":[{"name":"wp","href":"https:\/\/api.w.org\/{rel}","templated":true}]}}