{"id":218733,"date":"2024-02-10T00:00:15","date_gmt":"2024-02-09T23:00:15","guid":{"rendered":"https:\/\/smago.de\/ws2\/?p=218733"},"modified":"2024-02-09T18:38:46","modified_gmt":"2024-02-09T17:38:46","slug":"stefanie-hertel-heute-vorabend-10-02-2024-in-der-sendung-das-zu-gast","status":"publish","type":"post","link":"https:\/\/smago.de\/ws2\/schlager\/stefanie-hertel-heute-vorabend-10-02-2024-in-der-sendung-das-zu-gast\/","title":{"rendered":"STEFANIE HERTEL <br>Heute Vorabend (10.02.2024) in der Sendung &#8222;DAS!&#8220; zu Gast!"},"content":{"rendered":"<p>NDR Fernsehen, 18:45 Uhr &#8211; 19:30 Uhr (Wh.: 11.02. 05:15 Uhr &#8211; 06:00 Uhr)!<br \/>\n<!--more--><\/p>\n<p style=\"text-align: justify;\">\n<p style=\"text-align: justify;\">Dass Schlagers\u00e4ngerin STEFANIE HERTEL ein Herz f\u00fcr Volksmusik hat, ist allseits bekannt. Dass sie sich gern als &#8222;Kr\u00e4uterhexe&#8220; bet\u00e4tigt, wissen bisher nur wenige. Ihre Oma Erna war es, die ihr das Wissen \u00fcber die Heilkr\u00e4fte der Natur mitgegeben hat.<\/p>\n<p style=\"text-align: justify;\">In ihrer &#8222;Wunderwelt der Kr\u00e4uter&#8220; hat sie nun Rezepte f\u00fcr Omas Ringelblumensalbe, f\u00fcr die Holunderbeersuppe gegen Infekte, viele Tees und Tipps f\u00fcr die Hausapotheke zusammengetragen.<\/p>\n<p style=\"text-align: justify;\">Au\u00dferdem spricht sie \u00fcber ihr Engagement im Tierschutz und ihre aktuelle Theater-Tour.<\/p>\n<p>&nbsp;<\/p>\n<p>&nbsp;<\/p>\n<figure id=\"attachment_218734\" aria-describedby=\"caption-attachment-218734\" style=\"width: 800px\" class=\"wp-caption alignnone\"><img decoding=\"async\" loading=\"lazy\" class=\"size-large wp-image-218734\" src=\"https:\/\/smago.de\/ws2\/wp-content\/uploads\/2024\/02\/hertel_Graefe-und-Unzer-Kerstin-Joensson-800x450.webp\" alt=\"\" width=\"800\" height=\"450\" srcset=\"https:\/\/smago.de\/ws2\/wp-content\/uploads\/2024\/02\/hertel_Graefe-und-Unzer-Kerstin-Joensson-800x450.webp 800w, https:\/\/smago.de\/ws2\/wp-content\/uploads\/2024\/02\/hertel_Graefe-und-Unzer-Kerstin-Joensson-522x294.webp 522w, https:\/\/smago.de\/ws2\/wp-content\/uploads\/2024\/02\/hertel_Graefe-und-Unzer-Kerstin-Joensson-267x150.webp 267w, https:\/\/smago.de\/ws2\/wp-content\/uploads\/2024\/02\/hertel_Graefe-und-Unzer-Kerstin-Joensson-768x432.webp 768w, https:\/\/smago.de\/ws2\/wp-content\/uploads\/2024\/02\/hertel_Graefe-und-Unzer-Kerstin-Joensson-1536x864.webp 1536w, https:\/\/smago.de\/ws2\/wp-content\/uploads\/2024\/02\/hertel_Graefe-und-Unzer-Kerstin-Joensson-392x221.webp 392w, https:\/\/smago.de\/ws2\/wp-content\/uploads\/2024\/02\/hertel_Graefe-und-Unzer-Kerstin-Joensson-130x73.webp 130w, https:\/\/smago.de\/ws2\/wp-content\/uploads\/2024\/02\/hertel_Graefe-und-Unzer-Kerstin-Joensson-791x445.webp 791w, https:\/\/smago.de\/ws2\/wp-content\/uploads\/2024\/02\/hertel_Graefe-und-Unzer-Kerstin-Joensson-870x489.webp 870w, https:\/\/smago.de\/ws2\/wp-content\/uploads\/2024\/02\/hertel_Graefe-und-Unzer-Kerstin-Joensson-292x164.webp 292w, https:\/\/smago.de\/ws2\/wp-content\/uploads\/2024\/02\/hertel_Graefe-und-Unzer-Kerstin-Joensson-435x245.webp 435w, https:\/\/smago.de\/ws2\/wp-content\/uploads\/2024\/02\/hertel_Graefe-und-Unzer-Kerstin-Joensson-895x503.webp 895w, https:\/\/smago.de\/ws2\/wp-content\/uploads\/2024\/02\/hertel_Graefe-und-Unzer-Kerstin-Joensson.webp 1920w\" sizes=\"(max-width: 800px) 100vw, 800px\" \/><figcaption id=\"caption-attachment-218734\" class=\"wp-caption-text\"><em>Foto-Credit: Gr\u00e4fe und Unzer \/ Kerstin Joensson<\/em><\/figcaption><\/figure>\n","protected":false},"excerpt":{"rendered":"<p>NDR Fernsehen, 18:45 Uhr &#8211; 19:30 Uhr (Wh.: 11.02. 05:15 Uhr &#8211; 06:00 Uhr)!<\/p>\n","protected":false},"author":2,"featured_media":218734,"comment_status":"open","ping_status":"closed","sticky":false,"template":"","format":"standard","meta":{"_FSMCFIC_featured_image_caption":"","_FSMCFIC_featured_image_nocaption":"","_FSMCFIC_featured_image_hide":""},"categories":[29,128],"tags":[91],"acf":[],"_links":{"self":[{"href":"https:\/\/smago.de\/ws2\/wp-json\/wp\/v2\/posts\/218733"}],"collection":[{"href":"https:\/\/smago.de\/ws2\/wp-json\/wp\/v2\/posts"}],"about":[{"href":"https:\/\/smago.de\/ws2\/wp-json\/wp\/v2\/types\/post"}],"author":[{"embeddable":true,"href":"https:\/\/smago.de\/ws2\/wp-json\/wp\/v2\/users\/2"}],"replies":[{"embeddable":true,"href":"https:\/\/smago.de\/ws2\/wp-json\/wp\/v2\/comments?post=218733"}],"version-history":[{"count":1,"href":"https:\/\/smago.de\/ws2\/wp-json\/wp\/v2\/posts\/218733\/revisions"}],"predecessor-version":[{"id":218735,"href":"https:\/\/smago.de\/ws2\/wp-json\/wp\/v2\/posts\/218733\/revisions\/218735"}],"wp:featuredmedia":[{"embeddable":true,"href":"https:\/\/smago.de\/ws2\/wp-json\/wp\/v2\/media\/218734"}],"wp:attachment":[{"href":"https:\/\/smago.de\/ws2\/wp-json\/wp\/v2\/media?parent=218733"}],"wp:term":[{"taxonomy":"category","embeddable":true,"href":"https:\/\/smago.de\/ws2\/wp-json\/wp\/v2\/categories?post=218733"},{"taxonomy":"post_tag","embeddable":true,"href":"https:\/\/smago.de\/ws2\/wp-json\/wp\/v2\/tags?post=218733"}],"curies":[{"name":"wp","href":"https:\/\/api.w.org\/{rel}","templated":true}]}}