{"id":218623,"date":"2024-02-09T00:00:19","date_gmt":"2024-02-08T23:00:19","guid":{"rendered":"https:\/\/smago.de\/ws2\/?p=218623"},"modified":"2024-02-08T20:37:21","modified_gmt":"2024-02-08T19:37:21","slug":"mainzer-hofsaenger-thomas-neger-und-die-humbas-u-a-heute-09-02-2024-zdf-mainz-bleibt-mainz-wie-es-singt-und-lacht","status":"publish","type":"post","link":"https:\/\/smago.de\/ws2\/schlager\/mainzer-hofsaenger-thomas-neger-und-die-humbas-u-a-heute-09-02-2024-zdf-mainz-bleibt-mainz-wie-es-singt-und-lacht\/","title":{"rendered":"MAINZER HOFS\u00c4NGER, THOMAS NEGER (und die HUMBAS) u.a. <br>Heute, 09.02.2024, ZDF: &#8222;Mainz bleibt Mainz, wie es singt und lacht&#8220;!"},"content":{"rendered":"<p>Live aus dem Kurf\u00fcrstlichen Schloss zu Mainz \/\/ 20:15 Uhr &#8211; 00:00 Uhr!<!--more--><\/p>\n<p style=\"text-align: justify;\">\n<p style=\"text-align: justify;\">\n<p style=\"text-align: justify;\">Die Fernsehsitzung aus Mainz ist seit Jahrzehnten ein H\u00f6hepunkt f\u00fcr Karnevalisten im ganzen Land. Am Freitag, 9. Februar 2024, \u00fcbertr\u00e4gt das ZDF die Traditionsveranstaltung live aus dem Kurf\u00fcrstlichen Schloss.<\/p>\n<p style=\"text-align: justify;\">\n<p style=\"text-align: justify;\">\n<p style=\"text-align: justify;\">***<\/p>\n<p style=\"text-align: justify;\">\n<p style=\"text-align: justify;\">\n<div class=\"grid-container grid-x\" style=\"text-align: justify;\">\n<div class=\"cell large-8 large-offset-2 \">\n<p>Comeback des Obermessdieners, Abschied von Protokoller Erhard Grom und zwei Newcomer bei &#8222;Mainz bleibt Mainz, wie es singt und lacht&#8220;: Die Karnevalisten k\u00f6nnen sich auch in diesem Jahr auf die traditionsreiche Fernsehsitzung freuen.<\/p>\n<\/div>\n<\/div>\n<p style=\"text-align: justify;\">\n<p style=\"text-align: justify;\">\n<p style=\"text-align: justify;\">\n<p style=\"text-align: justify;\">\n<div class=\"grid-container grid-x\" style=\"text-align: justify;\">\n<div class=\"cell large-8 large-offset-2 x-end\">\n<h3 class=\"small-headline\">&#8222;Protokoller&#8220; Erhard Grom verabschiedet sich<\/h3>\n<p>&nbsp;<\/p>\n<\/div>\n<\/div>\n<div class=\"grid-container grid-x\" style=\"text-align: justify;\">\n<div class=\"cell large-8 large-offset-2 \">\n<p>F\u00fcr den Mainzer Sitzungs-Klassiker hat das ZDF gemeinsam mit den Pr\u00e4sidenten von MCV, MCC, GCV und KCK ein Programm zusammengestellt, das neben bekannten Symbolfiguren und Mainzer Originalen auch Newcomer pr\u00e4sentiert: Den Reigen der politischen Redner er\u00f6ffnet Erhard Grom, der sich als Chef des Protokolls in diesem Jahr von seinem Publikum verabschiedet. Johannes Bersch geh\u00f6rt als &#8222;Moguntia&#8220; zu den Symbolfiguren und festen Gr\u00f6\u00dfen der Fernsehfastnacht aus Mainz. Mit Florian Sitte und seiner Premiere als Till kehrt eine weitere Symbolfigur auf die n\u00e4rrische TV-B\u00fchne zur\u00fcck, um der Politik den Spiegel vorzuhalten. Thomas Becker pr\u00e4sentiert sich in dieser Kampagne erstmals als politischer Redner. Als Mann im Mond begibt er sich mit Peter Gottron, einem Newcomer bei &#8222;Mainz bleibt Mainz&#8220;, auf n\u00e4rrische Mondfahrt. Humorvoll blicken die beiden auf das Weltgeschehen und die gro\u00dfe Politik.<\/p>\n<\/div>\n<\/div>\n<p style=\"text-align: justify;\">\n<p style=\"text-align: justify;\">\n<p style=\"text-align: justify;\">\n<div class=\"grid-container grid-x\" style=\"text-align: justify;\">\n<div class=\"cell large-8 large-offset-2 x-end\">\n<h3 class=\"small-headline\">Comeback des &#8222;Obermessdieners&#8220; Andreas Schmitt<\/h3>\n<p>&nbsp;<\/p>\n<\/div>\n<\/div>\n<div class=\"grid-container grid-x\" style=\"text-align: justify;\">\n<div class=\"cell large-8 large-offset-2 \">\n<p>Nach zwei Jahren TV-Pause des Obermessdieners vom Mainzer Dom meldet sich Sitzungspr\u00e4sident Andreas Schmitt in seiner Paraderolle zur\u00fcck und wird als Schlussredner die Lachmuskeln strapazieren und den Politikern kr\u00e4ftig die Leviten lesen. Zum typischen Mainzer Mix geh\u00f6rt neben der politisch-literarischen Fastnacht der echte Meenzer Kokolores: Hier ist J\u00fcrgen Wiesmann alias &#8222;Ernst Lustig&#8220; auch in diesem Jahr gesetzt. Alexander Leber begibt sich als Meenzer Polizist auf pointenreiche Streife durch die Stadt, und Marcus Schwalbach erz\u00e4hlt als urkomischer Gardist von seinen Erlebnissen in der f\u00fcnften Jahreszeit. Das Duo Martin Heininger und Christian Schier ist inzwischen Kult: Als Unternehmensgr\u00fcnder f\u00fcr k\u00fcnstliche Intelligenz beantworten sie zu sp\u00e4ter Stunde skurrile Fragen auf ihre unverwechselbar komische Art.<\/p>\n<\/div>\n<\/div>\n<p style=\"text-align: justify;\">\n<p style=\"text-align: justify;\">\n<p style=\"text-align: justify;\">\n<p style=\"text-align: justify;\">\n<div class=\"grid-container grid-x\" style=\"text-align: justify;\">\n<div class=\"cell large-8 large-offset-2 x-end\">\n<h3 class=\"small-headline\">Ohrw\u00fcrmer und Stimmungshits<\/h3>\n<p>&nbsp;<\/p>\n<\/div>\n<\/div>\n<div class=\"grid-container grid-x\" style=\"text-align: justify;\">\n<div class=\"cell large-8 large-offset-2 \">\n<p>Auch musikalisch pr\u00e4sentieren sich die Mainzer Narren hitverd\u00e4chtig und jung. Markus Sch\u00f6nberg, ebenfalls Deb\u00fctant bei &#8222;Mainz bleibt Mainz&#8220;, \u00fcberzeugt mit einem echten Ohrwurm: Aus dem Klassiker &#8222;O Champs-\u00c9lys\u00e9es&#8220; wird bei ihm kurzerhand &#8222;O Schorsch is des schee&#8220;. DobbelBock rockt mit dem aktuellen Kampagnen-Hit \u201eOhne Dich\u201c die B\u00fchne. Die Br\u00fcder Matthias und Andreas Bockius werden dabei vom Gardeballett der F\u00fcsilier-Garde begleitet. Getanzte Fastnacht pr\u00e4sentiert zudem das &#8222;Till-Ballett&#8220; des MCC. Neue Musik gibt es von der Band Handk\u00e4s und sei Mussig. Thomas Neger und die HUMBAS feiern 60 Jahre &#8222;Humba t\u00e4t\u00e4r\u00e4&#8220; und stimmen ihre Hymne &#8222;Im Schatten des Doms&#8220; an. Die Schnorreswackler werden den Saal zur Er\u00f6ffnung in Stimmung bringen und mit den Mainzer Hofs\u00e4ngern geht es traditionell ins Finale der Fernsehsitzung.<\/p>\n<\/div>\n<\/div>\n<p style=\"text-align: justify;\">\n<p style=\"text-align: justify;\">\n<p style=\"text-align: justify;\">\n<p style=\"text-align: justify;\">\n<div class=\"grid-container grid-x\" style=\"text-align: justify;\">\n<div class=\"cell large-8 large-offset-2 x-end\">\n<h3 class=\"small-headline\">Neues B\u00fchnenbild<\/h3>\n<p>&nbsp;<\/p>\n<\/div>\n<\/div>\n<div class=\"grid-container grid-x\" style=\"text-align: justify;\">\n<div class=\"cell large-8 large-offset-2 \">\n<p>Der gro\u00dfe Saal des kurf\u00fcrstlichen Schlosses pr\u00e4sentiert sich f\u00fcr diese Fernsehsitzung in einem neuen Look: Nach \u00fcber zwanzig Jahren haben SWR und ZDF f\u00fcr den Sitzungsklassiker &#8222;Mainz bleibt Mainz, wie es singt und lacht&#8220; gemeinsam ein neues B\u00fchnenbild entwickelt.<\/p>\n<\/div>\n<\/div>\n<div class=\"grid-container grid-x\">\n<div class=\"cell large-8 large-offset-2 \">\n<p style=\"text-align: justify;\">&#8222;Mainz bleibt Mainz, wie es singt und lacht&#8220; ist eine Gemeinschaftssitzung des MCV (Mainzer Carneval-Verein), MCC (Mainzer Carneval Club), GCV (Gonsenheimer Carneval Verein) und KCK (Karneval-Club Kastel). Seit 1973 \u00fcbertragen ZDF und SWR im j\u00e4hrlichen Wechsel.<\/p>\n<\/div>\n<\/div>\n<p>&nbsp;<\/p>\n<p>&nbsp;<\/p>\n<p>&nbsp;<\/p>\n<div class=\"mceTemp\"><\/div>\n<figure id=\"attachment_218624\" aria-describedby=\"caption-attachment-218624\" style=\"width: 800px\" class=\"wp-caption alignnone\"><img decoding=\"async\" loading=\"lazy\" class=\"size-large wp-image-218624\" src=\"https:\/\/smago.de\/ws2\/wp-content\/uploads\/2024\/02\/andreas-schmitt-1181280x720_Sitzungspraesident-Andreas-Schmitt.-\u00a9-ZDFTorsten-Silz-800x450.jpeg\" alt=\"\" width=\"800\" height=\"450\" srcset=\"https:\/\/smago.de\/ws2\/wp-content\/uploads\/2024\/02\/andreas-schmitt-1181280x720_Sitzungspraesident-Andreas-Schmitt.-\u00a9-ZDFTorsten-Silz-800x450.jpeg 800w, https:\/\/smago.de\/ws2\/wp-content\/uploads\/2024\/02\/andreas-schmitt-1181280x720_Sitzungspraesident-Andreas-Schmitt.-\u00a9-ZDFTorsten-Silz-522x294.jpeg 522w, https:\/\/smago.de\/ws2\/wp-content\/uploads\/2024\/02\/andreas-schmitt-1181280x720_Sitzungspraesident-Andreas-Schmitt.-\u00a9-ZDFTorsten-Silz-267x150.jpeg 267w, https:\/\/smago.de\/ws2\/wp-content\/uploads\/2024\/02\/andreas-schmitt-1181280x720_Sitzungspraesident-Andreas-Schmitt.-\u00a9-ZDFTorsten-Silz-768x432.jpeg 768w, https:\/\/smago.de\/ws2\/wp-content\/uploads\/2024\/02\/andreas-schmitt-1181280x720_Sitzungspraesident-Andreas-Schmitt.-\u00a9-ZDFTorsten-Silz-392x221.jpeg 392w, https:\/\/smago.de\/ws2\/wp-content\/uploads\/2024\/02\/andreas-schmitt-1181280x720_Sitzungspraesident-Andreas-Schmitt.-\u00a9-ZDFTorsten-Silz-130x73.jpeg 130w, https:\/\/smago.de\/ws2\/wp-content\/uploads\/2024\/02\/andreas-schmitt-1181280x720_Sitzungspraesident-Andreas-Schmitt.-\u00a9-ZDFTorsten-Silz-791x445.jpeg 791w, https:\/\/smago.de\/ws2\/wp-content\/uploads\/2024\/02\/andreas-schmitt-1181280x720_Sitzungspraesident-Andreas-Schmitt.-\u00a9-ZDFTorsten-Silz-870x489.jpeg 870w, https:\/\/smago.de\/ws2\/wp-content\/uploads\/2024\/02\/andreas-schmitt-1181280x720_Sitzungspraesident-Andreas-Schmitt.-\u00a9-ZDFTorsten-Silz-292x164.jpeg 292w, https:\/\/smago.de\/ws2\/wp-content\/uploads\/2024\/02\/andreas-schmitt-1181280x720_Sitzungspraesident-Andreas-Schmitt.-\u00a9-ZDFTorsten-Silz-435x245.jpeg 435w, https:\/\/smago.de\/ws2\/wp-content\/uploads\/2024\/02\/andreas-schmitt-1181280x720_Sitzungspraesident-Andreas-Schmitt.-\u00a9-ZDFTorsten-Silz-895x503.jpeg 895w, https:\/\/smago.de\/ws2\/wp-content\/uploads\/2024\/02\/andreas-schmitt-1181280x720_Sitzungspraesident-Andreas-Schmitt.-\u00a9-ZDFTorsten-Silz.jpeg 1280w\" sizes=\"(max-width: 800px) 100vw, 800px\" \/><figcaption id=\"caption-attachment-218624\" class=\"wp-caption-text\"><em>Sitzungspr\u00e4sident Andreas Schmitt<\/em><\/p>\n<p><em>\u00a9 ZDF \/ Torsten Silz<\/em><\/figcaption><\/figure>\n","protected":false},"excerpt":{"rendered":"<p>Live aus dem Kurf\u00fcrstlichen Schloss zu Mainz \/\/ 20:15 Uhr &#8211; 00:00 Uhr!<\/p>\n","protected":false},"author":2,"featured_media":218624,"comment_status":"open","ping_status":"closed","sticky":false,"template":"","format":"standard","meta":{"_FSMCFIC_featured_image_caption":"","_FSMCFIC_featured_image_nocaption":"","_FSMCFIC_featured_image_hide":""},"categories":[29,39,128],"tags":[904],"acf":[],"_links":{"self":[{"href":"https:\/\/smago.de\/ws2\/wp-json\/wp\/v2\/posts\/218623"}],"collection":[{"href":"https:\/\/smago.de\/ws2\/wp-json\/wp\/v2\/posts"}],"about":[{"href":"https:\/\/smago.de\/ws2\/wp-json\/wp\/v2\/types\/post"}],"author":[{"embeddable":true,"href":"https:\/\/smago.de\/ws2\/wp-json\/wp\/v2\/users\/2"}],"replies":[{"embeddable":true,"href":"https:\/\/smago.de\/ws2\/wp-json\/wp\/v2\/comments?post=218623"}],"version-history":[{"count":1,"href":"https:\/\/smago.de\/ws2\/wp-json\/wp\/v2\/posts\/218623\/revisions"}],"predecessor-version":[{"id":218625,"href":"https:\/\/smago.de\/ws2\/wp-json\/wp\/v2\/posts\/218623\/revisions\/218625"}],"wp:featuredmedia":[{"embeddable":true,"href":"https:\/\/smago.de\/ws2\/wp-json\/wp\/v2\/media\/218624"}],"wp:attachment":[{"href":"https:\/\/smago.de\/ws2\/wp-json\/wp\/v2\/media?parent=218623"}],"wp:term":[{"taxonomy":"category","embeddable":true,"href":"https:\/\/smago.de\/ws2\/wp-json\/wp\/v2\/categories?post=218623"},{"taxonomy":"post_tag","embeddable":true,"href":"https:\/\/smago.de\/ws2\/wp-json\/wp\/v2\/tags?post=218623"}],"curies":[{"name":"wp","href":"https:\/\/api.w.org\/{rel}","templated":true}]}}