{"id":218438,"date":"2024-02-05T00:00:06","date_gmt":"2024-02-04T23:00:06","guid":{"rendered":"https:\/\/smago.de\/ws2\/?p=218438"},"modified":"2024-02-04T20:51:25","modified_gmt":"2024-02-04T19:51:25","slug":"peter-orloff-smago-top-exklusiv-der-titan-erzaehlt-die-legende-von-den-12-raeubern","status":"publish","type":"post","link":"https:\/\/smago.de\/ws2\/schlager\/peter-orloff-smago-top-exklusiv-der-titan-erzaehlt-die-legende-von-den-12-raeubern\/","title":{"rendered":"PETER ORLOFF <br>smago! top-exklusiv: &#8222;Der Titan&#8220; erz\u00e4hlt &#8222;Die Legende von den 12 R\u00e4ubern&#8220;!"},"content":{"rendered":"<p>Mit seinem Schwarzmeer Kosaken-Chor feiert Peter Orloff gerade einen echten YouTube Hit!<br \/>\n<!--more--><\/p>\n<p>&nbsp;<\/p>\n<p style=\"text-align: justify;\">\n<p style=\"text-align: justify;\">\n<p style=\"text-align: justify;\">Mit fast 80 Jahren ist PETER ORLOFF \u2013 &#8222;Der Titan&#8220; \u2013 jetzt auch noch YouTube Star, wie Sie <strong><a href=\"https:\/\/smago.de\/ws2\/schlager\/peter-orloff-und-der-schwarzmeer-kosaken-chor-der-titan-erobert-jetzt-auch-die-youtube-music-charts\/\">HIER<\/a><\/strong> nachlesen k\u00f6nnen.<\/p>\n<p style=\"text-align: justify;\">Zwar wurde &#8222;Die Legende von den 12 R\u00e4ubern&#8220; bereits von Ivan Rebroff (1931 &#8211; 2008) erz\u00e4hlt, aber: Durch Peter Orloff und den Schwarzmeer Kosakne-Chor wurde der Song gerade zu einem echten YouTube Hit. Und zwar in den Offiziellen YouTube Music Charts (Deutschland).<\/p>\n<p style=\"text-align: justify;\">Peter Orloff exklusiv zu <strong><a href=\"http:\/\/www.smago.de\">www.smago.de<\/a><\/strong>: <em>&#8222;Das ist der Song, den ich jeden Abend im Konzert singe, eins meiner absoluten Lieblings-Soli!<\/em><\/p>\n<p style=\"text-align: justify;\"><em>Und eine ganz besondere Geschichte: Kudijar, ein Ataman, gew\u00e4hlter Anf\u00fchrer einer Kosaken-Truppe, und dazu ein gef\u00fcrchteter R\u00e4uber-Hauptmann, wird durch die Gnade Gottes bekehrt und ein frommer M\u00f6nch, der M\u00f6nch Pitirim, der hier seine eigene Geschichte erz\u00e4hlt: &#8218;Die Legende von den 12 R\u00e4ubern&#8216;!<\/em><\/p>\n<p style=\"text-align: justify;\"><em>Mein Ensemble besteht auch aus 12 Mitgliedern und ich bin seit 25 Jahren von allen Mitgliedern auf Lebenszeit gew\u00e4hlter Ataman!<\/em><\/p>\n<p style=\"text-align: justify;\"><em>Das Lied habe ich tats\u00e4chlich auch zum ersten Mal vor 65 Jahren gesungen im Schwarzmeer Kosaken-Chor. Damals sang das Lied bei uns auch Ivan Rebroff, der zusammen mit mir dort ebenfalls seine Karriere begonnen hatte und sp\u00e4ter in Frankreich mit \u201eLa legende des douze brigands\u201c einen gro\u00dfen Hit hatte. Mein Vater war \u00fcbrigens sein erster Produzent!<\/em><\/p>\n<p style=\"text-align: justify;\"><em>Und jetzt, kurz vor meinem 80. Geburtstag, habe ich in Deutschland damit einen echten YouTube Hit! Perfekt f\u00fcr mein Jubil\u00e4umsjahr!<\/em><\/p>\n<p style=\"text-align: justify;\"><em>Und noch eine verr\u00fcckte Geschichte, als ich 1992 mit &#8218;Ein M\u00e4dchen f\u00fcr immer&#8216; noch einmal als Evergreen die Hitparade von Dieter Thomas Heck gewonnen hatte, sang ich bei der Feier nach der Sendung mit Charlie Goldbeck von Radio Bremen am Akkordeon spontan &#8218;Die Legende von den 12 R\u00e4ubern&#8216;! Dieter und seine Frau waren total \u00fcberrascht und aus dem H\u00e4uschen und sagten &#8218;Das ist Deine Bestimmung!&#8216;. Sie wurden sp\u00e4ter beide zeitlebens gro\u00dfe Freunde des &#8218;Schwarzmeer Kosaken-Chores&#8216;.<\/em><\/p>\n<p style=\"text-align: justify;\"><em>Denn kurz danach wurde mir die musikalische Gesamtleitung des Schwarzmeer Kosaken-Chores angeboten. Und seitdem hab ich dieses Lied, vorsichtig gesch\u00e4tzt bei etwa 150 Konzerten pro Jahr und mehr in 30 Jahren an die 5.000 Mal im Konzert gesungen! Da sind aus den zw\u00f6lf R\u00e4ubern inzwischen an die 60.000 R\u00e4uber geworden!<\/em><\/p>\n<p style=\"text-align: justify;\"><em>Ein echter \u00dcberraschungs-Hit und seine ganz besondere Geschichte!&#8220;<\/em><\/p>\n<p style=\"text-align: justify;\">\n<p style=\"text-align: justify;\">\n<p>&nbsp;<\/p>\n<p><iframe loading=\"lazy\" src=\"\/\/www.youtube.com\/embed\/HLRPLNXwLjQ?embeds_referring_euri=https\" width=\"800\" height=\"449\" allowfullscreen=\"allowfullscreen\"><\/iframe><\/p>\n<p>&nbsp;<\/p>\n<p>&nbsp;<\/p>\n<p>&nbsp;<\/p>\n<div class=\"mceTemp\"><\/div>\n<figure id=\"attachment_218442\" aria-describedby=\"caption-attachment-218442\" style=\"width: 573px\" class=\"wp-caption alignnone\"><img decoding=\"async\" loading=\"lazy\" class=\"size-large wp-image-218442\" src=\"https:\/\/smago.de\/ws2\/wp-content\/uploads\/2024\/02\/orloff_1959_IMG_8250-573x800.jpg\" alt=\"\" width=\"573\" height=\"800\" srcset=\"https:\/\/smago.de\/ws2\/wp-content\/uploads\/2024\/02\/orloff_1959_IMG_8250-573x800.jpg 573w, https:\/\/smago.de\/ws2\/wp-content\/uploads\/2024\/02\/orloff_1959_IMG_8250-374x522.jpg 374w, https:\/\/smago.de\/ws2\/wp-content\/uploads\/2024\/02\/orloff_1959_IMG_8250-107x150.jpg 107w, https:\/\/smago.de\/ws2\/wp-content\/uploads\/2024\/02\/orloff_1959_IMG_8250-768x1072.jpg 768w, https:\/\/smago.de\/ws2\/wp-content\/uploads\/2024\/02\/orloff_1959_IMG_8250-1100x1536.jpg 1100w, https:\/\/smago.de\/ws2\/wp-content\/uploads\/2024\/02\/orloff_1959_IMG_8250-1467x2048.jpg 1467w, https:\/\/smago.de\/ws2\/wp-content\/uploads\/2024\/02\/orloff_1959_IMG_8250-195x272.jpg 195w, https:\/\/smago.de\/ws2\/wp-content\/uploads\/2024\/02\/orloff_1959_IMG_8250-430x600.jpg 430w, https:\/\/smago.de\/ws2\/wp-content\/uploads\/2024\/02\/orloff_1959_IMG_8250-93x130.jpg 93w, https:\/\/smago.de\/ws2\/wp-content\/uploads\/2024\/02\/orloff_1959_IMG_8250-319x445.jpg 319w, https:\/\/smago.de\/ws2\/wp-content\/uploads\/2024\/02\/orloff_1959_IMG_8250-136x190.jpg 136w, https:\/\/smago.de\/ws2\/wp-content\/uploads\/2024\/02\/orloff_1959_IMG_8250-208x290.jpg 208w, https:\/\/smago.de\/ws2\/wp-content\/uploads\/2024\/02\/orloff_1959_IMG_8250-scaled.jpg 1834w\" sizes=\"(max-width: 573px) 100vw, 573px\" \/><figcaption id=\"caption-attachment-218442\" class=\"wp-caption-text\"><em>Peter Orloff, 1959<\/em><\/p>\n<p><em>Foto-Credit: TROJA<\/em><\/figcaption><\/figure>\n<p>&nbsp;<\/p>\n<p>&nbsp;<\/p>\n<p>&nbsp;<\/p>\n<figure id=\"attachment_218443\" aria-describedby=\"caption-attachment-218443\" style=\"width: 800px\" class=\"wp-caption alignnone\"><img decoding=\"async\" loading=\"lazy\" class=\"size-large wp-image-218443\" src=\"https:\/\/smago.de\/ws2\/wp-content\/uploads\/2024\/02\/orloff_1960_Garmisch-Partenkirchen_IMG_1501-800x548.jpg\" alt=\"\" width=\"800\" height=\"548\" srcset=\"https:\/\/smago.de\/ws2\/wp-content\/uploads\/2024\/02\/orloff_1960_Garmisch-Partenkirchen_IMG_1501-800x548.jpg 800w, https:\/\/smago.de\/ws2\/wp-content\/uploads\/2024\/02\/orloff_1960_Garmisch-Partenkirchen_IMG_1501-522x357.jpg 522w, https:\/\/smago.de\/ws2\/wp-content\/uploads\/2024\/02\/orloff_1960_Garmisch-Partenkirchen_IMG_1501-219x150.jpg 219w, https:\/\/smago.de\/ws2\/wp-content\/uploads\/2024\/02\/orloff_1960_Garmisch-Partenkirchen_IMG_1501-768x526.jpg 768w, https:\/\/smago.de\/ws2\/wp-content\/uploads\/2024\/02\/orloff_1960_Garmisch-Partenkirchen_IMG_1501-1536x1051.jpg 1536w, https:\/\/smago.de\/ws2\/wp-content\/uploads\/2024\/02\/orloff_1960_Garmisch-Partenkirchen_IMG_1501-392x268.jpg 392w, https:\/\/smago.de\/ws2\/wp-content\/uploads\/2024\/02\/orloff_1960_Garmisch-Partenkirchen_IMG_1501-130x89.jpg 130w, https:\/\/smago.de\/ws2\/wp-content\/uploads\/2024\/02\/orloff_1960_Garmisch-Partenkirchen_IMG_1501-650x445.jpg 650w, https:\/\/smago.de\/ws2\/wp-content\/uploads\/2024\/02\/orloff_1960_Garmisch-Partenkirchen_IMG_1501-220x150.jpg 220w, https:\/\/smago.de\/ws2\/wp-content\/uploads\/2024\/02\/orloff_1960_Garmisch-Partenkirchen_IMG_1501-763x522.jpg 763w, https:\/\/smago.de\/ws2\/wp-content\/uploads\/2024\/02\/orloff_1960_Garmisch-Partenkirchen_IMG_1501-278x190.jpg 278w, https:\/\/smago.de\/ws2\/wp-content\/uploads\/2024\/02\/orloff_1960_Garmisch-Partenkirchen_IMG_1501-424x290.jpg 424w, https:\/\/smago.de\/ws2\/wp-content\/uploads\/2024\/02\/orloff_1960_Garmisch-Partenkirchen_IMG_1501.jpg 1746w\" sizes=\"(max-width: 800px) 100vw, 800px\" \/><figcaption id=\"caption-attachment-218443\" class=\"wp-caption-text\"><\/em> <em>1960 Garmisch Partenkirchen, Theater<\/em><\/p>\n<p><em>Foto-Credit: TROJA<\/em><\/figcaption><\/figure>\n<p>&nbsp;<\/p>\n<p>&nbsp;<\/p>\n<p>&nbsp;<\/p>\n<figure id=\"attachment_218444\" aria-describedby=\"caption-attachment-218444\" style=\"width: 800px\" class=\"wp-caption alignnone\"><img decoding=\"async\" loading=\"lazy\" class=\"size-large wp-image-218444\" src=\"https:\/\/smago.de\/ws2\/wp-content\/uploads\/2024\/02\/orloff_IMG_8235-800x600.jpg\" alt=\"\" width=\"800\" height=\"600\" srcset=\"https:\/\/smago.de\/ws2\/wp-content\/uploads\/2024\/02\/orloff_IMG_8235-800x600.jpg 800w, https:\/\/smago.de\/ws2\/wp-content\/uploads\/2024\/02\/orloff_IMG_8235-522x392.jpg 522w, https:\/\/smago.de\/ws2\/wp-content\/uploads\/2024\/02\/orloff_IMG_8235-200x150.jpg 200w, https:\/\/smago.de\/ws2\/wp-content\/uploads\/2024\/02\/orloff_IMG_8235-768x576.jpg 768w, https:\/\/smago.de\/ws2\/wp-content\/uploads\/2024\/02\/orloff_IMG_8235-1536x1152.jpg 1536w, https:\/\/smago.de\/ws2\/wp-content\/uploads\/2024\/02\/orloff_IMG_8235-2048x1536.jpg 2048w, https:\/\/smago.de\/ws2\/wp-content\/uploads\/2024\/02\/orloff_IMG_8235-363x272.jpg 363w, https:\/\/smago.de\/ws2\/wp-content\/uploads\/2024\/02\/orloff_IMG_8235-130x98.jpg 130w, https:\/\/smago.de\/ws2\/wp-content\/uploads\/2024\/02\/orloff_IMG_8235-593x445.jpg 593w, https:\/\/smago.de\/ws2\/wp-content\/uploads\/2024\/02\/orloff_IMG_8235-696x522.jpg 696w, https:\/\/smago.de\/ws2\/wp-content\/uploads\/2024\/02\/orloff_IMG_8235-253x190.jpg 253w, https:\/\/smago.de\/ws2\/wp-content\/uploads\/2024\/02\/orloff_IMG_8235-387x290.jpg 387w\" sizes=\"(max-width: 800px) 100vw, 800px\" \/><figcaption id=\"caption-attachment-218444\" class=\"wp-caption-text\"><\/em> <em>2002 in der Sendung \u201eMelodien f\u00fcr Millionen\u201c von und mit Dieter Thomas Heck in Leipzig<\/em><\/p>\n<p><em>Foto-Credit: TROJA<\/em><\/figcaption><\/figure>\n","protected":false},"excerpt":{"rendered":"<p>Mit seinem Schwarzmeer Kosaken-Chor feiert Peter Orloff gerade einen echten YouTube Hit!<\/p>\n","protected":false},"author":2,"featured_media":218441,"comment_status":"open","ping_status":"closed","sticky":false,"template":"","format":"standard","meta":{"_FSMCFIC_featured_image_caption":"","_FSMCFIC_featured_image_nocaption":"","_FSMCFIC_featured_image_hide":""},"categories":[29,39],"tags":[743,3619,3618],"acf":[],"_links":{"self":[{"href":"https:\/\/smago.de\/ws2\/wp-json\/wp\/v2\/posts\/218438"}],"collection":[{"href":"https:\/\/smago.de\/ws2\/wp-json\/wp\/v2\/posts"}],"about":[{"href":"https:\/\/smago.de\/ws2\/wp-json\/wp\/v2\/types\/post"}],"author":[{"embeddable":true,"href":"https:\/\/smago.de\/ws2\/wp-json\/wp\/v2\/users\/2"}],"replies":[{"embeddable":true,"href":"https:\/\/smago.de\/ws2\/wp-json\/wp\/v2\/comments?post=218438"}],"version-history":[{"count":3,"href":"https:\/\/smago.de\/ws2\/wp-json\/wp\/v2\/posts\/218438\/revisions"}],"predecessor-version":[{"id":218445,"href":"https:\/\/smago.de\/ws2\/wp-json\/wp\/v2\/posts\/218438\/revisions\/218445"}],"wp:featuredmedia":[{"embeddable":true,"href":"https:\/\/smago.de\/ws2\/wp-json\/wp\/v2\/media\/218441"}],"wp:attachment":[{"href":"https:\/\/smago.de\/ws2\/wp-json\/wp\/v2\/media?parent=218438"}],"wp:term":[{"taxonomy":"category","embeddable":true,"href":"https:\/\/smago.de\/ws2\/wp-json\/wp\/v2\/categories?post=218438"},{"taxonomy":"post_tag","embeddable":true,"href":"https:\/\/smago.de\/ws2\/wp-json\/wp\/v2\/tags?post=218438"}],"curies":[{"name":"wp","href":"https:\/\/api.w.org\/{rel}","templated":true}]}}