{"id":218245,"date":"2024-02-01T23:58:44","date_gmt":"2024-02-01T22:58:44","guid":{"rendered":"https:\/\/smago.de\/ws2\/?p=218245"},"modified":"2024-02-01T14:37:27","modified_gmt":"2024-02-01T13:37:27","slug":"florian-schroeder-u-a-fr-02-02-2024-in-der-talk-show-3nach9-zu-gast","status":"publish","type":"post","link":"https:\/\/smago.de\/ws2\/comedy\/florian-schroeder-u-a-fr-02-02-2024-in-der-talk-show-3nach9-zu-gast\/","title":{"rendered":"FLORIAN SCHROEDER u.a. <br>Fr. (02.02.2024) in der Talk-Show &#8222;3nach9&#8220; zu Gast!"},"content":{"rendered":"<p>NDR Fernsehen + HR Fernsehen, 22:00 Uhr &#8211; 00:00 Uhr! Moderation:\u00a0Judith Rakers und Giovanni di Lorenzo!<br \/>\n<!--more--><\/p>\n<p>&nbsp;<\/p>\n<p>&nbsp;<\/p>\n<p>Judith Rakers und Giovanni di Lorenzo begr\u00fc\u00dfen\u00a0folgende G\u00e4ste:<\/p>\n<p>&nbsp;<\/p>\n<p>&nbsp;<\/p>\n<ul>\n<li>Florian Schroeder, Kabarettist<\/li>\n<li>Michaela May, Schauspielerin<\/li>\n<li>Henry Maske, Ex-Profiboxer<\/li>\n<li>Ildik\u00f3 von K\u00fcrthy, Journalistin<\/li>\n<li>Luisa Deubzer, Extrem-Klettersportlerin<\/li>\n<li>Dagmar Hirche, Gr\u00fcnderin des Vereins &#8222;Wege aus der Einsamkeit&#8220;<\/li>\n<\/ul>\n<p style=\"text-align: justify;\">\n<p style=\"text-align: justify;\">\n<p style=\"text-align: justify;\">\n<p style=\"text-align: justify;\">\n<ul style=\"text-align: justify;\">\n<li><strong>Florian Schroeder<\/strong><\/li>\n<\/ul>\n<p style=\"text-align: justify;\">\n<p style=\"text-align: justify;\">Gesellschaftskritik ist sein Metier. Kein Wunder: Florian Schroeder ist von ganzem Herzen Kabarettist. Aktuell hat der Radio- und Fernsehmoderator das B\u00f6se unter die Lupe genommen. Obwohl man heute, wie er sagt, so wenig Kriminalit\u00e4t wie noch nie in den vergangenen 50 Jahren erlebt. Dennoch tut sich gerade viel: viel Nicht-Gutes \u2013 nicht nur in Deutschland. Florian Schroeder versucht, die Welt zu verstehen und zu erkl\u00e4ren. Der zahlreich ausgezeichnete und gelernte Satiriker und Parodist beobachtet und beschreibt Rechtsextreme, die Letzte Generation sowie die k\u00fcnstliche Intelligenz. Bei &#8222;3nach9&#8220; spricht der Berliner \u00fcber das, was ihn aktuell ber\u00fchrt, was ihm Angst macht. Und er verr\u00e4t, wie er aufgewachsen und zu dem geworden ist, der er heute ist.<\/p>\n<p style=\"text-align: justify;\">\n<p style=\"text-align: justify;\">\n<p style=\"text-align: justify;\">\n<p style=\"text-align: justify;\">\n<ul style=\"text-align: justify;\">\n<li><strong>Michaela May<\/strong><\/li>\n<\/ul>\n<p style=\"text-align: justify;\">\n<p style=\"text-align: justify;\">Sie ist eine der erfolgreichsten deutschen Schauspielerinnen: Michaela May. Ihre Karriere begann bereits als junges M\u00e4dchen. W\u00e4hrend der Grundschulzeit wird sie in der Ballettschule entdeckt. Sie spielt in &#8222;Heidi&#8220; und &#8222;Onkel Toms H\u00fctte&#8220; mit, sp\u00e4ter nimmt sie acht Jahre lang die Rolle der Kommissarin im &#8222;Polizeiruf 110&#8220; an der Seite von Edgar Selge ein. Viele Menschen sehen in ihr die lachende, vor Lebensfreude spr\u00fchende M\u00fcnchnerin. Doch das Leben der heute 71-J\u00e4hrigen verlief nicht immer nur in geraden Bahnen: Zu ihrem 70. Geburtstag l\u00fcftet sie erstmals ein lang geh\u00fctetes Familiengeheimnis. Ihre drei Geschwister nahmen sich in jungen Jahren das Leben. Wieso sie trotzdem nie ihr Strahlen verloren hat und warum man ihr die Figur des Max Mustermann zu verdanken hat, berichtet Michaela May bei &#8222;3nach9&#8220;.<\/p>\n<p style=\"text-align: justify;\">\n<p style=\"text-align: justify;\">\n<p style=\"text-align: justify;\">\n<p style=\"text-align: justify;\">\n<ul style=\"text-align: justify;\">\n<li><strong>Henry Maske<\/strong><\/li>\n<\/ul>\n<p style=\"text-align: justify;\">\n<p style=\"text-align: justify;\">Im Alter von sieben Jahren absolviert er sein erstes Boxtraining, viele Jahre sp\u00e4ter schreibt er als Olympiasieger und Weltmeister im Halbschwergewicht Sportgeschichte: Henry Maske. Der geb\u00fcrtige Brandenburger wird Idol einer ganzen Generation und macht das Profiboxen salonf\u00e4hig. Es gibt wohl kaum jemanden, der damals nicht gebannt vor dem Fernsehger\u00e4t sitzt, wenn er in den Ring steigt. Und kaum jemanden, der bei den Melodien von &#8222;Conquest of Paradise&#8220; und &#8222;Time To Say Goodbye&#8220; nicht an den &#8222;Gentleman-Boxer&#8220; denkt. Der wegen seines eleganten Boxstils so genannte Henry Maske verliert w\u00e4hrend seiner Profikarriere nur einen einzigen Kampf. Die Revanche gegen den US-Amerikaner Virgil Hill konnte er vor 17 Jahren, im M\u00e4rz 2007, letztlich doch f\u00fcr sich entscheiden und beendet daraufhin seine aktive Sportkarriere. Welche Rolle Disziplin auch heute in seinem Leben spielt, berichtet Henry Maske kurz nach seinem 60. Geburtstag bei &#8222;3nach9&#8220;.<\/p>\n<p style=\"text-align: justify;\">\n<p style=\"text-align: justify;\">\n<p style=\"text-align: justify;\">\n<p style=\"text-align: justify;\">\n<ul style=\"text-align: justify;\">\n<li><strong>Ildik\u00f3 von K\u00fcrthy<\/strong><\/li>\n<\/ul>\n<p style=\"text-align: justify;\">\n<p style=\"text-align: justify;\">Seit einem Vierteljahrhundert erz\u00e4hlt Ildik\u00f3 von K\u00fcrthy Geschichten und ver\u00f6ffentlicht diese zwischen zwei Buchdeckeln. Der Durchbruch gelang der geb\u00fcrtigen Rheinl\u00e4nderin mit ihrem ersten Roman &#8222;Mondscheintarif&#8220; (1999). Er landete sofort auf der Bestsellerliste. Ein Happy End im Roman und auch im Leben der Journalistin, die in Hamburg beheimatet ist. Seitdem schreibt sie erfolgreich Kolumnen, Romane und Sachb\u00fccher. F\u00fcr ihre Recherche betritt Ildik\u00f3 von K\u00fcrthy manchmal interessante Wege, ver\u00e4ndert Gesicht und Haupthaar, schweigt im Kloster und versucht sich am herabschauenden Hund in der Morgensonne. Das ist eine Yogapose, H\u00fcndin Hilde kam so in ihr Leben. Seit gut drei Jahren tauscht sie sich in ihrem Podcast mit klugen Frauen \u00fcber das Leben aus. Man darf gespannt sein auf das Gespr\u00e4ch mit einer Autorin, die nichts vom Streben nach Gl\u00fcck h\u00e4lt, da &#8222;das Leben auch in Ordnung ist, wenn es schlecht l\u00e4uft&#8220;.<\/p>\n<p style=\"text-align: justify;\">\n<p style=\"text-align: justify;\">\n<p style=\"text-align: justify;\">\n<p style=\"text-align: justify;\">\n<ul style=\"text-align: justify;\">\n<li><strong>Luisa Deubzer<\/strong><\/li>\n<\/ul>\n<p style=\"text-align: justify;\">\n<p style=\"text-align: justify;\">Sechs Extrem-Klettersportlerinnen haben ein gemeinsames Ziel: zum ersten Mal eine gef\u00e4hrliche Route in Gr\u00f6nland zu bezwingen. In einem Tal nahe der Siedlung Kulusuk steht dort die mehrw\u00f6chige Abschlussexpedition des Frauenkaders des Deutschen Alpenvereins an. Luisa Deubzer ist Teil des Teams. Die 29-j\u00e4hrige Berg- und Klettersportlerin bricht gemeinsam mit ihren Kolleginnen zu einer sogenannten Erstbegehung auf: Sie\u00a0klettern auf Felsw\u00e4nden, die keiner zuvor je bezwungen hat. Hohe Risikofreude, aber auch die Angst vor dem Absturz sind dabei ein st\u00e4ndiger Begleiter. Wie hart Luisa Deubzer f\u00fcr diese Expedition trainieren musste und wie ihr Team mit wiederkehrenden R\u00fcckschl\u00e4gen umgegangen ist, wird sie bei ihrem Besuch bei &#8222;3nach9&#8220; berichten.<\/p>\n<p style=\"text-align: justify;\">\n<p style=\"text-align: justify;\">\n<p style=\"text-align: justify;\">\n<p style=\"text-align: justify;\">\n<ul style=\"text-align: justify;\">\n<li><strong>Dagmar Hirche<\/strong><\/li>\n<\/ul>\n<p style=\"text-align: justify;\">\n<p style=\"text-align: justify;\">Ob Busticket, Parkausweis, Stromrechnung, Bankgesch\u00e4fte oder Buchungen von Arzt- oder Beh\u00f6rdenterminen: Vieles geht nur noch online. Doch noch immer sind in Deutschland 3,4 Millionen Menschen offline. Am gr\u00f6\u00dften ist der Anteil der &#8222;Offliner&#8220; in der Altersgruppe der 65- bis 74-J\u00e4hrigen: 17 Prozent von ihnen waren noch nie im Internet. Seit zehn Jahren ermutigt die Hamburgerin Dagmar Hirche Menschen 65 plus, digitale Schritte zu gehen. F\u00fcr ihr Engagement ist sie im Dezember im Schloss Bellevue pers\u00f6nlich von Bundespr\u00e4sident Frank-Walter Steinmeier mit dem Verdienstkreuz am Bande ausgezeichnet worden. Ihr Verein Wege aus der Einsamkeit, den sie 2007 gr\u00fcndete, k\u00fcmmert sich auch darum, Lebensumst\u00e4nde \u00e4lterer Menschen in der Gesellschaft zu verbessern und das Bild vom Alter positiver zu gestalten.<\/p>\n<p>&nbsp;<\/p>\n<p>&nbsp;<\/p>\n<figure id=\"attachment_214489\" aria-describedby=\"caption-attachment-214489\" style=\"width: 800px\" class=\"wp-caption alignnone\"><img decoding=\"async\" loading=\"lazy\" class=\"size-large wp-image-214489\" src=\"https:\/\/smago.de\/ws2\/wp-content\/uploads\/2023\/11\/2_3nach9_Judith_Rakers_und_Giovanni_di_Lorenzo_2019-800x528.jpg\" alt=\"\" width=\"800\" height=\"528\" srcset=\"https:\/\/smago.de\/ws2\/wp-content\/uploads\/2023\/11\/2_3nach9_Judith_Rakers_und_Giovanni_di_Lorenzo_2019-800x528.jpg 800w, https:\/\/smago.de\/ws2\/wp-content\/uploads\/2023\/11\/2_3nach9_Judith_Rakers_und_Giovanni_di_Lorenzo_2019-522x345.jpg 522w, https:\/\/smago.de\/ws2\/wp-content\/uploads\/2023\/11\/2_3nach9_Judith_Rakers_und_Giovanni_di_Lorenzo_2019-227x150.jpg 227w, https:\/\/smago.de\/ws2\/wp-content\/uploads\/2023\/11\/2_3nach9_Judith_Rakers_und_Giovanni_di_Lorenzo_2019-768x507.jpg 768w, https:\/\/smago.de\/ws2\/wp-content\/uploads\/2023\/11\/2_3nach9_Judith_Rakers_und_Giovanni_di_Lorenzo_2019-1536x1014.jpg 1536w, https:\/\/smago.de\/ws2\/wp-content\/uploads\/2023\/11\/2_3nach9_Judith_Rakers_und_Giovanni_di_Lorenzo_2019-2048x1352.jpg 2048w, https:\/\/smago.de\/ws2\/wp-content\/uploads\/2023\/11\/2_3nach9_Judith_Rakers_und_Giovanni_di_Lorenzo_2019-392x259.jpg 392w, https:\/\/smago.de\/ws2\/wp-content\/uploads\/2023\/11\/2_3nach9_Judith_Rakers_und_Giovanni_di_Lorenzo_2019-130x86.jpg 130w, https:\/\/smago.de\/ws2\/wp-content\/uploads\/2023\/11\/2_3nach9_Judith_Rakers_und_Giovanni_di_Lorenzo_2019-674x445.jpg 674w, https:\/\/smago.de\/ws2\/wp-content\/uploads\/2023\/11\/2_3nach9_Judith_Rakers_und_Giovanni_di_Lorenzo_2019-791x522.jpg 791w, https:\/\/smago.de\/ws2\/wp-content\/uploads\/2023\/11\/2_3nach9_Judith_Rakers_und_Giovanni_di_Lorenzo_2019-288x190.jpg 288w, https:\/\/smago.de\/ws2\/wp-content\/uploads\/2023\/11\/2_3nach9_Judith_Rakers_und_Giovanni_di_Lorenzo_2019-435x287.jpg 435w, https:\/\/smago.de\/ws2\/wp-content\/uploads\/2023\/11\/2_3nach9_Judith_Rakers_und_Giovanni_di_Lorenzo_2019-150x100.jpg 150w\" sizes=\"(max-width: 800px) 100vw, 800px\" \/><figcaption id=\"caption-attachment-214489\" class=\"wp-caption-text\"><em>Judith Rakers und Giovanni di Lorenzo<\/em><\/p>\n<p><em>\u00a9 Radio Bremen \/ Matthias Hornung<\/em><\/figcaption><\/figure>\n","protected":false},"excerpt":{"rendered":"<p>NDR Fernsehen + HR Fernsehen, 22:00 Uhr &#8211; 00:00 Uhr! Moderation:\u00a0Judith Rakers und Giovanni di Lorenzo!<\/p>\n","protected":false},"author":2,"featured_media":214489,"comment_status":"open","ping_status":"closed","sticky":false,"template":"","format":"standard","meta":{"_FSMCFIC_featured_image_caption":"","_FSMCFIC_featured_image_nocaption":"","_FSMCFIC_featured_image_hide":""},"categories":[3,128],"tags":[215],"acf":[],"_links":{"self":[{"href":"https:\/\/smago.de\/ws2\/wp-json\/wp\/v2\/posts\/218245"}],"collection":[{"href":"https:\/\/smago.de\/ws2\/wp-json\/wp\/v2\/posts"}],"about":[{"href":"https:\/\/smago.de\/ws2\/wp-json\/wp\/v2\/types\/post"}],"author":[{"embeddable":true,"href":"https:\/\/smago.de\/ws2\/wp-json\/wp\/v2\/users\/2"}],"replies":[{"embeddable":true,"href":"https:\/\/smago.de\/ws2\/wp-json\/wp\/v2\/comments?post=218245"}],"version-history":[{"count":1,"href":"https:\/\/smago.de\/ws2\/wp-json\/wp\/v2\/posts\/218245\/revisions"}],"predecessor-version":[{"id":218246,"href":"https:\/\/smago.de\/ws2\/wp-json\/wp\/v2\/posts\/218245\/revisions\/218246"}],"wp:featuredmedia":[{"embeddable":true,"href":"https:\/\/smago.de\/ws2\/wp-json\/wp\/v2\/media\/214489"}],"wp:attachment":[{"href":"https:\/\/smago.de\/ws2\/wp-json\/wp\/v2\/media?parent=218245"}],"wp:term":[{"taxonomy":"category","embeddable":true,"href":"https:\/\/smago.de\/ws2\/wp-json\/wp\/v2\/categories?post=218245"},{"taxonomy":"post_tag","embeddable":true,"href":"https:\/\/smago.de\/ws2\/wp-json\/wp\/v2\/tags?post=218245"}],"curies":[{"name":"wp","href":"https:\/\/api.w.org\/{rel}","templated":true}]}}