{"id":217573,"date":"2024-01-22T11:15:00","date_gmt":"2024-01-22T10:15:00","guid":{"rendered":"https:\/\/smago.de\/ws2\/?p=217573"},"modified":"2024-01-22T11:15:00","modified_gmt":"2024-01-22T10:15:00","slug":"eurovision-song-contest-ich-will-zum-esc-mit-conchita-wurst-und-rea-garvey-2","status":"publish","type":"post","link":"https:\/\/smago.de\/ws2\/pop\/eurovision-song-contest-ich-will-zum-esc-mit-conchita-wurst-und-rea-garvey-2\/","title":{"rendered":"&#8222;EUROVISION SONG CONTEST&#8220; <br>\u201eIch will zum ESC!\u201c mit Conchita Wurst und Rea Garvey!"},"content":{"rendered":"<p style=\"text-align: justify;\">:Start am 25. Januar in der ARD Mediathek!<br \/>\n<!--more--><\/p>\n<p style=\"text-align: justify;\">\n<p style=\"text-align: justify;\">\n<p style=\"text-align: justify;\">In der sechsteiligen Docutainment-Serie \u201eIch will zum ESC!\u201c begleiten die beiden Coaches Conchita Wurst und Rea Garvey talentierte Hoffnungstr\u00e4ger, die sich in diesem Jahr beim NDR als Gesangstalent beworben haben, um ihrem Traum vom ESC ein St\u00fcck n\u00e4her zu kommen. Schon in der Auftaktfolge werden daf\u00fcr die ersten Weichen gestellt: Wer von 15 Talenten schafft es in die Teams der prominenten Coaches und darf sich in den kommenden Folgen auf ein immer h\u00f6heres musikalisches Level begeben? \u201eIch will zum ESC!\u201c startet am Donnerstag, 25. Februar, in der ARD Mediathek. Welches der 15 Talente schlie\u00dflich gewinnt und damit beim deutschen ESC-Vorentscheid \u201eEurovision Song Contest \u2013 Das deutsche Finale 2024\u201c dabei ist, w\u00e4hlen die Zuschauerinnen und Zuschauer von \u201eIch will zum ESC!\u201c in der sechsten Folge am Donnerstag, 8. Februar, live in der ARD Mediathek und im NDR Fernsehen.<\/p>\n<p style=\"text-align: justify;\">Zu den Coaches: Conchita Wurst konnte 2014 mit dem Song \u201eRise Like A Phoenix\u201c sensationell das Publikum in ganz Europa \u00fcberzeugen und gewann den ESC f\u00fcr \u00d6sterreich. S\u00e4nger und Songwriter Rea Garvey liebt den Eurovision Song Contest &#8211; sicher auch, weil seine Heimat Irland zusammen mit Schweden die Hitliste mit den meisten Siegen (n\u00e4mlich sieben!) anf\u00fchrt.<\/p>\n<p style=\"text-align: justify;\">\n<p style=\"text-align: justify;\">\n<p style=\"text-align: justify;\">\n<p style=\"text-align: justify;\">\n<p style=\"text-align: justify;\"><strong>Kurzinterview mit Conchita Wurst und Rea Garvey zu \u201eIch will zum ESC!\u201c<\/strong><\/p>\n<p style=\"text-align: justify;\">\n<p style=\"text-align: justify;\">\n<p style=\"text-align: justify;\">\n<p style=\"text-align: justify;\"><strong>1)<\/strong> <strong>Was ist das Besondere am neuen Format \u201eIch will zum ESC!\u201c?<\/strong><\/p>\n<p style=\"text-align: justify;\">\n<p style=\"text-align: justify;\">Conchita Wurst: <em>\u201eDas Besondere am neuen Format \u201eIch will zum ESC!\u201c ist, dass am Ende der potenzielle Gewinnersong des Song Contests rausschaut &#8211; ich glaube, das ist in der Welt der Castingshows der gr\u00f6\u00dfte Preis, den es jemals gegeben hat!\u201c<\/em><\/p>\n<p style=\"text-align: justify;\">\n<p style=\"text-align: justify;\">Rea Garvey: <em>\u201eIch denke, es ist ein sehr unterhaltsames Format, das eine neue M\u00f6glichkeit bietet, Teil der Eurovision-Erfahrung zu sein. Die Show hat etwas Unvorhersehbares, aber durch Conchita und mich haben die Kandidaten die Chance, ihre Leistung, ihr Selbstbewusstsein und ihre Chancen zu verbessern, Deutschland beim ESC zu vertreten.<\/em><\/p>\n<p style=\"text-align: justify;\">\n<p style=\"text-align: justify;\"><strong>2) Was erwartest du dir von den Acts, wie ist das musikalische Niveau einzusch\u00e4tzen?<\/strong><\/p>\n<p style=\"text-align: justify;\">\n<p style=\"text-align: justify;\">Conchita Wurst: <em>\u201eVon den Acts erwarte ich mir Authentizit\u00e4t, Ernsthaftigkeit und das gewisse Etwas. Authentisch zu sein ist der einzige Weg, den Song Contest auch wirklich gewinnen zu k\u00f6nnen. Ernsthaftigkeit braucht es mit vollem Fokus auf die drei Minuten, in denen ein Millionenpublikum zusieht und entscheidet, ob es der eine Beitrag ist, f\u00fcr den man anruft. Und \u201adas gewisse Etwas\u2018 ist das, was man eben leider nicht erkl\u00e4ren kann. Zu alledem braucht es nat\u00fcrlich auch noch Spa\u00df f\u00fcr den gesamten Weg bis nach Malm\u00f6.\u201c<\/em><\/p>\n<p style=\"text-align: justify;\">\n<p style=\"text-align: justify;\">Rea Garvey: <em>\u201eMeine Erfahrung hat mir gezeigt, dass Deutschland eine unendliche Menge an guten Talenten hat, von denen aber viele vielleicht nicht ihren F\u00e4higkeiten vertrauen. Oder es ist ihnen manchmal nicht einmal bewusst, wie gut sie wirklich sind. Ich erwarte, gute, gro\u00dfartige und erstaunliche S\u00e4nger zu h\u00f6ren &#8211; und vielleicht auch den ein oder anderen Rohdiamanten. Jemanden, dessen Talent noch entdeckt werden will. Mein Job ist es, dieser Person zu helfen, ihr Selbstbewusstsein zu finden und ihren Ehrgeiz zu wecken!\u201c <\/em><\/p>\n<p style=\"text-align: justify;\">\n<p style=\"text-align: justify;\"><strong>3) Welche Message hast du f\u00fcr deinen Coach-Gegner?<\/strong><\/p>\n<p style=\"text-align: justify;\">\n<p style=\"text-align: justify;\">Conchita Wurst: <em>\u201eThank you for participating, Rea! Ich freue mich au\u00dferordentlich, dass du zur Arbeit erschienen bist, aber du hast leider keine Chance!\u201c (lacht)<\/em><\/p>\n<p style=\"text-align: justify;\">\n<p style=\"text-align: justify;\">Rea Garvey: <em>\u201eConchita, als Musiker und Fan des ESC bin ich beeindruckt von deinem Talent, deiner Pr\u00e4senz und deinem \u201aLegenden\u2018-Status in diesem Wettbewerb. Als Coach habe ich dich aber im R\u00fcckspiegel!\u201c (lacht)<\/em><\/p>\n<p style=\"text-align: justify;\">\n<p style=\"text-align: justify;\">\n<p style=\"text-align: justify;\">Die Fans k\u00f6nnen neben der Show in der ARD Mediathek auch auf Social Media mit ihren Favoriten mitfiebern: Sowohl die Talente als auch die Coaches geben auf TikTok unter dem Hashtag #IchWillZumESC exklusive Behind-the-Scenes-Einblicke, lassen an ihren Emotionen teilhaben und liefern hautnahe Eindr\u00fccke vom Set.<\/p>\n<p style=\"text-align: justify;\">Ab Donnerstag, 25. Januar, sind die Folgen 1 bis 3 von \u201eIch will zum ESC!\u201c in der ARD Mediathek zu sehen. Die 4. Ausgabe folgt am Dienstag, 30. Januar. In den Folgen zeigt sich, welche Talente Conchita Wurst und Rea Garvey f\u00fcr ihre Teams aussuchen und wie sie mit ihnen arbeiten. Die Favoriten f\u00fcr das deutsche Finale stellen sich in Folge 5 heraus (ab Donnerstag, 1. Februar, in der ARD Mediathek).<\/p>\n<p style=\"text-align: justify;\">\n<p style=\"text-align: justify;\">\n<p style=\"text-align: justify;\">\n<p style=\"text-align: justify;\">Hier wird \u201eIch will zum ESC!\u201c au\u00dferdem zu sehen sein:<\/p>\n<p style=\"text-align: justify;\">\n<p style=\"text-align: justify;\">\n<ul style=\"text-align: justify;\">\n<li>Sonnabend, 27. Januar \u00a0\u00a0\u00a0\u00a0\u00a0\u00a0\u00a0\u00a0\u00a0\u00a0\u00a0\u00a0\u00a0\u00a0\u00a0\u00a0\u00a0\u00a0\u00a0\u00a0\u00a0\u00a0\u00a0\u00a0\u00a0\u00a0 23.05 Uhr, Folge 1 und 2, Das Erste<\/li>\n<li>Montag, 29. Januar\u00a0\u00a0\u00a0\u00a0\u00a0\u00a0\u00a0\u00a0\u00a0\u00a0\u00a0\u00a0\u00a0\u00a0\u00a0\u00a0\u00a0\u00a0\u00a0 \u00a0\u00a0\u00a0\u00a0\u00a0\u00a0\u00a0\u00a0\u00a0\u00a0\u00a0\u00a0\u00a0\u00a0\u00a0 23.55 Uhr, Folge 1, hr-fernsehen<\/li>\n<li>Dienstag, 30. Januar\u00a0\u00a0\u00a0\u00a0\u00a0\u00a0\u00a0\u00a0\u00a0\u00a0\u00a0\u00a0\u00a0\u00a0\u00a0\u00a0\u00a0 \u00a0\u00a0\u00a0\u00a0\u00a0\u00a0\u00a0\u00a0\u00a0\u00a0\u00a0\u00a0\u00a0\u00a0\u00a0 0.40 Uhr, Folge 2, hr-fernsehen<\/li>\n<li>Sonnabend, 3. Februar\u00a0\u00a0\u00a0\u00a0\u00a0\u00a0\u00a0\u00a0\u00a0\u00a0\u00a0\u00a0\u00a0\u00a0\u00a0\u00a0\u00a0\u00a0\u00a0\u00a0\u00a0\u00a0\u00a0\u00a0\u00a0\u00a0\u00a0 23.55 Uhr, Folge 3, Das Erste<\/li>\n<li>Sonntag, 4. Februar\u00a0\u00a0\u00a0\u00a0\u00a0\u00a0\u00a0\u00a0\u00a0\u00a0\u00a0\u00a0\u00a0\u00a0\u00a0\u00a0\u00a0\u00a0 \u00a0\u00a0\u00a0\u00a0\u00a0\u00a0\u00a0\u00a0\u00a0\u00a0\u00a0\u00a0\u00a0\u00a0\u00a0 ab 0.40 Uhr, Folgen 4 und 5, Das Erste<\/li>\n<li>Dienstag, 6. Februar\u00a0\u00a0\u00a0\u00a0\u00a0\u00a0\u00a0\u00a0\u00a0\u00a0\u00a0\u00a0\u00a0\u00a0\u00a0\u00a0\u00a0 \u00a0\u00a0\u00a0\u00a0\u00a0\u00a0\u00a0\u00a0\u00a0\u00a0\u00a0\u00a0\u00a0\u00a0\u00a0 ab 0.00 Uhr, Folgen 3-5, hr-fernsehen<\/li>\n<li>Mittwoch, 14. Februar, auf Donnerstag, 15. Februar\u00a0\u00a0\u00a0\u00a0\u00a0\u00a0\u00a0\u00a0\u00a0\u00a0\u00a0 ab 1.15 Uhr, Folgen 1 bis 6, rbb Fernsehen<\/li>\n<\/ul>\n<p style=\"text-align: justify;\">\n<p style=\"text-align: justify;\">\n<p style=\"text-align: justify;\">\u201eIch will zum ESC!\u201c ist eine Produktion von Bildergarten Entertainment im Auftrag des Norddeutschen und des Hessischen Rundfunks.<\/p>\n<p style=\"text-align: justify;\">\n<p style=\"text-align: justify;\">\n<p style=\"text-align: justify;\">Die Informationen zu allen 15 Talents gibt es auf <a href=\"http:\/\/eurovision.de\/esc\">eurovision.de\/esc<\/a>.<\/p>\n<p style=\"text-align: justify;\">\n<p style=\"text-align: justify;\">Die von Barbara Sch\u00f6neberger moderierte Show \u201eEurovision Song Contest \u2013 das Deutsche Finale 2024\u201c \u00fcbertragen Das Erste, ONE, <a href=\"http:\/\/eurovision.de\/\">eurovision.de<\/a> und die ARD Mediathek am Freitag, 16. Februar, ab 22.05 Uhr live aus Berlin.<\/p>\n<p>&nbsp;<\/p>\n<p>&nbsp;<\/p>\n<figure id=\"attachment_217574\" aria-describedby=\"caption-attachment-217574\" style=\"width: 800px\" class=\"wp-caption alignnone\"><img decoding=\"async\" loading=\"lazy\" class=\"size-large wp-image-217574\" src=\"https:\/\/smago.de\/ws2\/wp-content\/uploads\/2024\/01\/1_Ich_will_zum_ESC_Rea_Garvey_Conchita_Wurst-800x448.jpg\" alt=\"\" width=\"800\" height=\"448\" srcset=\"https:\/\/smago.de\/ws2\/wp-content\/uploads\/2024\/01\/1_Ich_will_zum_ESC_Rea_Garvey_Conchita_Wurst-800x448.jpg 800w, https:\/\/smago.de\/ws2\/wp-content\/uploads\/2024\/01\/1_Ich_will_zum_ESC_Rea_Garvey_Conchita_Wurst-522x292.jpg 522w, https:\/\/smago.de\/ws2\/wp-content\/uploads\/2024\/01\/1_Ich_will_zum_ESC_Rea_Garvey_Conchita_Wurst-268x150.jpg 268w, https:\/\/smago.de\/ws2\/wp-content\/uploads\/2024\/01\/1_Ich_will_zum_ESC_Rea_Garvey_Conchita_Wurst-768x430.jpg 768w, https:\/\/smago.de\/ws2\/wp-content\/uploads\/2024\/01\/1_Ich_will_zum_ESC_Rea_Garvey_Conchita_Wurst-1536x860.jpg 1536w, https:\/\/smago.de\/ws2\/wp-content\/uploads\/2024\/01\/1_Ich_will_zum_ESC_Rea_Garvey_Conchita_Wurst-2048x1147.jpg 2048w, https:\/\/smago.de\/ws2\/wp-content\/uploads\/2024\/01\/1_Ich_will_zum_ESC_Rea_Garvey_Conchita_Wurst-392x220.jpg 392w, https:\/\/smago.de\/ws2\/wp-content\/uploads\/2024\/01\/1_Ich_will_zum_ESC_Rea_Garvey_Conchita_Wurst-130x73.jpg 130w, https:\/\/smago.de\/ws2\/wp-content\/uploads\/2024\/01\/1_Ich_will_zum_ESC_Rea_Garvey_Conchita_Wurst-794x445.jpg 794w, https:\/\/smago.de\/ws2\/wp-content\/uploads\/2024\/01\/1_Ich_will_zum_ESC_Rea_Garvey_Conchita_Wurst-870x487.jpg 870w, https:\/\/smago.de\/ws2\/wp-content\/uploads\/2024\/01\/1_Ich_will_zum_ESC_Rea_Garvey_Conchita_Wurst-292x164.jpg 292w, https:\/\/smago.de\/ws2\/wp-content\/uploads\/2024\/01\/1_Ich_will_zum_ESC_Rea_Garvey_Conchita_Wurst-435x244.jpg 435w\" sizes=\"(max-width: 800px) 100vw, 800px\" \/><figcaption id=\"caption-attachment-217574\" class=\"wp-caption-text\"><em>Rea Garvey und Conchita Wurst pr\u00e4sentieren die Sendung &#8222;Ich will zum ESC!&#8220;.<\/em><\/p>\n<p><em>\u00a9 NDR \/ Andr\u00e9 Kowalski<\/em><\/figcaption><\/figure>\n","protected":false},"excerpt":{"rendered":"<p>:Start am 25. Januar in der ARD Mediathek!<\/p>\n","protected":false},"author":2,"featured_media":217574,"comment_status":"open","ping_status":"closed","sticky":false,"template":"","format":"standard","meta":{"_FSMCFIC_featured_image_caption":"","_FSMCFIC_featured_image_nocaption":"","_FSMCFIC_featured_image_hide":""},"categories":[27,128],"tags":[3597,85],"acf":[],"_links":{"self":[{"href":"https:\/\/smago.de\/ws2\/wp-json\/wp\/v2\/posts\/217573"}],"collection":[{"href":"https:\/\/smago.de\/ws2\/wp-json\/wp\/v2\/posts"}],"about":[{"href":"https:\/\/smago.de\/ws2\/wp-json\/wp\/v2\/types\/post"}],"author":[{"embeddable":true,"href":"https:\/\/smago.de\/ws2\/wp-json\/wp\/v2\/users\/2"}],"replies":[{"embeddable":true,"href":"https:\/\/smago.de\/ws2\/wp-json\/wp\/v2\/comments?post=217573"}],"version-history":[{"count":1,"href":"https:\/\/smago.de\/ws2\/wp-json\/wp\/v2\/posts\/217573\/revisions"}],"predecessor-version":[{"id":217575,"href":"https:\/\/smago.de\/ws2\/wp-json\/wp\/v2\/posts\/217573\/revisions\/217575"}],"wp:featuredmedia":[{"embeddable":true,"href":"https:\/\/smago.de\/ws2\/wp-json\/wp\/v2\/media\/217574"}],"wp:attachment":[{"href":"https:\/\/smago.de\/ws2\/wp-json\/wp\/v2\/media?parent=217573"}],"wp:term":[{"taxonomy":"category","embeddable":true,"href":"https:\/\/smago.de\/ws2\/wp-json\/wp\/v2\/categories?post=217573"},{"taxonomy":"post_tag","embeddable":true,"href":"https:\/\/smago.de\/ws2\/wp-json\/wp\/v2\/tags?post=217573"}],"curies":[{"name":"wp","href":"https:\/\/api.w.org\/{rel}","templated":true}]}}