{"id":217570,"date":"2024-01-22T10:14:40","date_gmt":"2024-01-22T09:14:40","guid":{"rendered":"https:\/\/smago.de\/ws2\/?p=217570"},"modified":"2024-01-22T10:14:40","modified_gmt":"2024-01-22T09:14:40","slug":"wickie-wickie-feiert-50-geburtstag-im-zdf-in-zdfneo-und-bei-kika","status":"publish","type":"post","link":"https:\/\/smago.de\/ws2\/kinderprogramm\/wickie-wickie-feiert-50-geburtstag-im-zdf-in-zdfneo-und-bei-kika\/","title":{"rendered":"&#8222;WICKIE&#8220; <br> &#8222;Wickie&#8220; feiert 50. Geburtstag im ZDF, in ZDFneo und bei KiKA!"},"content":{"rendered":"<p>1974 schipperten die Wikinger in der Serie &#8222;Wickie \u2026 und die starken M\u00e4nner&#8220; erstmals \u00fcber die Weltmeere!<br \/>\n<!--more--><\/p>\n<p>&nbsp;<\/p>\n<p style=\"text-align: justify;\">\n<p class=\"normalabsatz\" style=\"text-align: justify;\">Der Wikinger-Junge mit den genialen Ideen wird 50 Jahre alt: Am 31. Januar 1974 war &#8222;Wickie&#8220; in der Zeichentrickserie &#8222;Wickie \u2026 und die starken M\u00e4nner&#8220; erstmals im ZDF-Programm zu sehen. Zu seinem runden Geburtstag sind er und seine Freunde ab Freitag, 26. Januar 2024, in einem umfassenden Schwerpunkt wieder zur\u00fcck \u2013 bei KiKA, im ZDF, in ZDFneo und in der ZDFmediathek.<\/p>\n<p class=\"normalabsatz\" style=\"text-align: justify;\">1974 schipperten die Wikinger in der Serie &#8222;Wickie \u2026 und die starken M\u00e4nner&#8220; erstmals \u00fcber die Weltmeere. An fremden K\u00fcsten gingen sie auf Beutezug und gerieten dabei selbst so manches Mal in Furcht und Schrecken. Immer dabei: Wickie mit seinen guten Ideen. Ab Sonntag, 28. Januar 2024, startet ZDFneo mit den ersten 16 Folgen der Serie und strahlt an den Folgetagen die komplette erste Staffel aus. Das ZDF zeigt zudem die ersten f\u00fcnf Folgen der zweiten Staffel. KiKA strahlt zum Jubil\u00e4um bereits am Samstag, 27. Januar 2024, 16.25 Uhr, acht Folgen der 3-D-Animationsserie &#8222;Wickie und die starken M\u00e4nner&#8220; aus.<\/p>\n<p class=\"normalabsatz\" style=\"text-align: justify;\">Zudem werden die beiden Spielfilme &#8222;Wickie \u2026 und die starken M\u00e4nner&#8220; aus dem Jahr 1978 (Sonntag, 28. Januar 2024, 7.40 Uhr, ZDF) sowie &#8222;Wickie und die starken M\u00e4nner \u2013 Das magische Schwert&#8220; aus dem Jahr 2020 (Freitag, 26. Januar 2024, 19.30 Uhr, KiKA) zu sehen sein.<\/p>\n<p style=\"text-align: justify;\">\n<p style=\"text-align: justify;\">\n<p style=\"text-align: justify;\">\n<p style=\"text-align: justify;\">\n<p class=\"normalabsatz\" style=\"text-align: justify;\"><strong>\u00dcbersicht der Sendedaten:<\/strong><\/p>\n<p style=\"text-align: justify;\">\n<p style=\"text-align: justify;\">\n<p class=\"normalabsatz\" style=\"text-align: justify;\"><strong>&#8222;Wickie \u2026 und die starken M\u00e4nner&#8220;, f\u00fcnf Folgen<\/strong><br \/>\nab Sonntag, 28. Januar 2024, 5.50 Uhr, im ZDF<\/p>\n<p style=\"text-align: justify;\">\n<p style=\"text-align: justify;\">\n<p class=\"normalabsatz\" style=\"text-align: justify;\"><strong>&#8222;Wickie \u2026 und die starken M\u00e4nner, Zeichentrickfilm aus dem Jahr 1978<\/strong><br \/>\nSonntag, 28. Januar 2024, 7.40 Uhr, im ZDF<br \/>\nab Freitag, 26. Januar 2024, 5.00 Uhr, in der ZDFmediathek<\/p>\n<p style=\"text-align: justify;\">\n<p style=\"text-align: justify;\">\n<p class=\"normalabsatz\" style=\"text-align: justify;\"><strong>&#8222;Wickie \u2026 und die starken M\u00e4nner&#8220;, die komplette erste Staffel<\/strong><br \/>\nab Sonntag, 28. Januar 2024, 10.45 Uhr, in ZDFneo<\/p>\n<p style=\"text-align: justify;\">\n<p style=\"text-align: justify;\">\n<p class=\"normalabsatz\" style=\"text-align: justify;\">Alle Folgen nach der jeweiligen Ausstrahlung in der ZDFmediathek (komplett online ab Freitag, 2. Februar 2024)<\/p>\n<p style=\"text-align: justify;\">\n<p style=\"text-align: justify;\">\n<p style=\"text-align: justify;\">\n<p style=\"text-align: justify;\">\n<p class=\"normalabsatz\" style=\"text-align: justify;\"><strong>&#8222;Wickie und die starken M\u00e4nner&#8220;, acht Folgen der 3-D-Animationsserie<\/strong><br \/>\nab Samstag, 27. Januar 2024, 16.25 Uhr, bei KiKA<\/p>\n<p style=\"text-align: justify;\">\n<p style=\"text-align: justify;\">\n<p class=\"normalabsatz\" style=\"text-align: justify;\"><strong>&#8222;Wickie und die starken M\u00e4nner \u2013 Das magische Schwert&#8220;, Animationsfilm aus dem Jahr 2020<\/strong><br \/>\nFreitag, 26. Januar 2024, 19.30 Uhr, und Sonntag, 28. Januar 2024, 13.30 Uhr, bei KiKA\u00a0ab Mittwoch, 24. Januar 2024, 05.00 Uhr, in der ZDFmediathek<\/p>\n<p class=\"normalabsatz\">\n<p>&nbsp;<\/p>\n<p>&nbsp;<\/p>\n<figure id=\"attachment_217571\" aria-describedby=\"caption-attachment-217571\" style=\"width: 720px\" class=\"wp-caption alignnone\"><img decoding=\"async\" loading=\"lazy\" class=\"size-full wp-image-217571\" src=\"https:\/\/smago.de\/ws2\/wp-content\/uploads\/2024\/01\/WICKIE-17-1_b2a646fc9b.jpg\" alt=\"\" width=\"720\" height=\"407\" srcset=\"https:\/\/smago.de\/ws2\/wp-content\/uploads\/2024\/01\/WICKIE-17-1_b2a646fc9b.jpg 720w, https:\/\/smago.de\/ws2\/wp-content\/uploads\/2024\/01\/WICKIE-17-1_b2a646fc9b-522x295.jpg 522w, https:\/\/smago.de\/ws2\/wp-content\/uploads\/2024\/01\/WICKIE-17-1_b2a646fc9b-265x150.jpg 265w, https:\/\/smago.de\/ws2\/wp-content\/uploads\/2024\/01\/WICKIE-17-1_b2a646fc9b-392x222.jpg 392w, https:\/\/smago.de\/ws2\/wp-content\/uploads\/2024\/01\/WICKIE-17-1_b2a646fc9b-130x73.jpg 130w, https:\/\/smago.de\/ws2\/wp-content\/uploads\/2024\/01\/WICKIE-17-1_b2a646fc9b-292x165.jpg 292w, https:\/\/smago.de\/ws2\/wp-content\/uploads\/2024\/01\/WICKIE-17-1_b2a646fc9b-435x246.jpg 435w\" sizes=\"(max-width: 720px) 100vw, 720px\" \/><figcaption id=\"caption-attachment-217571\" class=\"wp-caption-text\"><em>Ein Feuer ist im Wald ausgebrochen und droht, Flake zu zerst\u00f6ren! Wickie hat die geniale Idee, die neuen Wasserleitungen zu Wasserschl\u00e4uchen umzufunktionieren.<\/em><\/p>\n<p><em>ZDF \/ Studio 100 Media<\/em><\/figcaption><\/figure>\n","protected":false},"excerpt":{"rendered":"<p>1974 schipperten die Wikinger in der Serie &#8222;Wickie \u2026 und die starken M\u00e4nner&#8220; erstmals \u00fcber die Weltmeere!<\/p>\n","protected":false},"author":2,"featured_media":217571,"comment_status":"open","ping_status":"closed","sticky":false,"template":"","format":"standard","meta":{"_FSMCFIC_featured_image_caption":"","_FSMCFIC_featured_image_nocaption":"","_FSMCFIC_featured_image_hide":""},"categories":[20,128],"tags":[3596],"acf":[],"_links":{"self":[{"href":"https:\/\/smago.de\/ws2\/wp-json\/wp\/v2\/posts\/217570"}],"collection":[{"href":"https:\/\/smago.de\/ws2\/wp-json\/wp\/v2\/posts"}],"about":[{"href":"https:\/\/smago.de\/ws2\/wp-json\/wp\/v2\/types\/post"}],"author":[{"embeddable":true,"href":"https:\/\/smago.de\/ws2\/wp-json\/wp\/v2\/users\/2"}],"replies":[{"embeddable":true,"href":"https:\/\/smago.de\/ws2\/wp-json\/wp\/v2\/comments?post=217570"}],"version-history":[{"count":1,"href":"https:\/\/smago.de\/ws2\/wp-json\/wp\/v2\/posts\/217570\/revisions"}],"predecessor-version":[{"id":217572,"href":"https:\/\/smago.de\/ws2\/wp-json\/wp\/v2\/posts\/217570\/revisions\/217572"}],"wp:featuredmedia":[{"embeddable":true,"href":"https:\/\/smago.de\/ws2\/wp-json\/wp\/v2\/media\/217571"}],"wp:attachment":[{"href":"https:\/\/smago.de\/ws2\/wp-json\/wp\/v2\/media?parent=217570"}],"wp:term":[{"taxonomy":"category","embeddable":true,"href":"https:\/\/smago.de\/ws2\/wp-json\/wp\/v2\/categories?post=217570"},{"taxonomy":"post_tag","embeddable":true,"href":"https:\/\/smago.de\/ws2\/wp-json\/wp\/v2\/tags?post=217570"}],"curies":[{"name":"wp","href":"https:\/\/api.w.org\/{rel}","templated":true}]}}