{"id":217465,"date":"2024-01-21T00:00:58","date_gmt":"2024-01-20T23:00:58","guid":{"rendered":"https:\/\/smago.de\/ws2\/?p=217465"},"modified":"2024-01-20T13:16:55","modified_gmt":"2024-01-20T12:16:55","slug":"partyhelden-la-luna-damore-2-0-ein-ohrwurm-mit-hit-qualitaet","status":"publish","type":"post","link":"https:\/\/smago.de\/ws2\/party-schlager\/partyhelden-la-luna-damore-2-0-ein-ohrwurm-mit-hit-qualitaet\/","title":{"rendered":"PARTYHELDEN <br>&#8222;La luna d&#8217;amore 2.0&#8220; \u2013 ein Ohrwurm mit Hit-Qualit\u00e4t!"},"content":{"rendered":"<p>Am 11.05.2024 sind sie beim gro\u00dfen &#8222;Calimeros Schlagerfest&#8220; in CH-Wichtrach zu Gast!<br \/>\n<!--more--><\/p>\n<p>&nbsp;<\/p>\n<p>&nbsp;<\/p>\n<p style=\"text-align: justify;\">\n<p style=\"text-align: justify;\">DIE PARTYHELDEN haben sich zur meist gebuchten und erfolgreichsten Partyformation der Schweiz gespielt. Mit dem Schweizer Partyhit \u00abDini Seel \u00e4 chli la Bamb\u00e4l\u00e4 la\u00bb, der sogar von DJ \u00d6tzi gecovert wurde, gelang den \u00abPartyhelden\u00bb der Durchbruch und haben mit dem Megaseller einen Hit geschaffen, der nicht mehr wegzudenken ist.<\/p>\n<p style=\"text-align: justify;\">Abseits von Schweizer Partyhits lieben Die Partyhelden den \u00abdeutschen Schlager\u00bb und wollen immer wieder aufzeigen, dass der \u00abdeutsche\u00bb Schlager dem absoluten Zeitgeist entspricht.<\/p>\n<p style=\"text-align: justify;\">Die brandneue Ohwurm-Single \u00abLa luna damore 2.0\u00bb haben \u00abdie Partyhelden\u00bb schon einmal produziert und ver\u00f6ffentlicht, damals als Ballade. Heute, im Zeitalter des Popschlagers, klingt der Song 2024 so, wie es sein muss: modern, zeitgem\u00e4\u00df, tanzbar, trendig und zu 100% am Puls der heutigen Zeit.<\/p>\n<p style=\"text-align: justify;\">\u00abLa luna damore 2.0\u00bb &#8211; ein absoluter Ohrwurm mit \u00abHit-Qualit\u00e4t\u00bb.<\/p>\n<p>&nbsp;<\/p>\n<p>&nbsp;<\/p>\n<p>&nbsp;<\/p>\n<p>Bitte beachten Sie auch <strong><a href=\"http:\/\/www.partyhelden.ch\">www.partyhelden.ch<\/a><\/strong>!<\/p>\n","protected":false},"excerpt":{"rendered":"<p>Am 11.05.2024 sind sie beim gro\u00dfen &#8222;Calimeros Schlagerfest&#8220; in CH-Wichtrach zu Gast!<\/p>\n","protected":false},"author":2,"featured_media":217466,"comment_status":"open","ping_status":"closed","sticky":false,"template":"","format":"standard","meta":{"_FSMCFIC_featured_image_caption":"","_FSMCFIC_featured_image_nocaption":"","_FSMCFIC_featured_image_hide":""},"categories":[26],"tags":[3587],"acf":[],"_links":{"self":[{"href":"https:\/\/smago.de\/ws2\/wp-json\/wp\/v2\/posts\/217465"}],"collection":[{"href":"https:\/\/smago.de\/ws2\/wp-json\/wp\/v2\/posts"}],"about":[{"href":"https:\/\/smago.de\/ws2\/wp-json\/wp\/v2\/types\/post"}],"author":[{"embeddable":true,"href":"https:\/\/smago.de\/ws2\/wp-json\/wp\/v2\/users\/2"}],"replies":[{"embeddable":true,"href":"https:\/\/smago.de\/ws2\/wp-json\/wp\/v2\/comments?post=217465"}],"version-history":[{"count":2,"href":"https:\/\/smago.de\/ws2\/wp-json\/wp\/v2\/posts\/217465\/revisions"}],"predecessor-version":[{"id":217468,"href":"https:\/\/smago.de\/ws2\/wp-json\/wp\/v2\/posts\/217465\/revisions\/217468"}],"wp:featuredmedia":[{"embeddable":true,"href":"https:\/\/smago.de\/ws2\/wp-json\/wp\/v2\/media\/217466"}],"wp:attachment":[{"href":"https:\/\/smago.de\/ws2\/wp-json\/wp\/v2\/media?parent=217465"}],"wp:term":[{"taxonomy":"category","embeddable":true,"href":"https:\/\/smago.de\/ws2\/wp-json\/wp\/v2\/categories?post=217465"},{"taxonomy":"post_tag","embeddable":true,"href":"https:\/\/smago.de\/ws2\/wp-json\/wp\/v2\/tags?post=217465"}],"curies":[{"name":"wp","href":"https:\/\/api.w.org\/{rel}","templated":true}]}}