{"id":217198,"date":"2024-01-15T17:22:37","date_gmt":"2024-01-15T16:22:37","guid":{"rendered":"https:\/\/smago.de\/ws2\/?p=217198"},"modified":"2024-01-15T17:23:12","modified_gmt":"2024-01-15T16:23:12","slug":"franz-beckenbauer-rtl-und-ntv-uebertragen-gedenkfeier-fuer-franz-beckenbauer","status":"publish","type":"post","link":"https:\/\/smago.de\/ws2\/oldies\/franz-beckenbauer-rtl-und-ntv-uebertragen-gedenkfeier-fuer-franz-beckenbauer\/","title":{"rendered":"FRANZ BECKENBAUER <br>RTL und ntv \u00fcbertragen Gedenkfeier f\u00fcr Franz Beckenbauer"},"content":{"rendered":"<p style=\"text-align: justify;\">Fr., 19.01.2024, ab 14:50 Uhr RTL Spezial: \u201eAbschied vom Kaiser \u2013 Trauerfeier f\u00fcr Franz Beckenbauer\u201c!<br \/>\n<!--more--><\/p>\n<p>&nbsp;<\/p>\n<p>&nbsp;<\/p>\n<p style=\"text-align: justify;\">\n<p style=\"text-align: justify;\">\n<p style=\"text-align: justify;\">Millionen Menschen auf der ganzen Welt trauern um die deutsche Fu\u00dfball-Legende FRANZ BECKENBAUER.<\/p>\n<p style=\"text-align: justify;\">Zu Ehren der im Alter von 78 Jahren verstorbenen Ikone findet am Freitag, 19. Januar, eine gro\u00dfe Trauerfeier in der M\u00fcnchner Allianz Arena statt.<\/p>\n<p style=\"text-align: justify;\">Anl\u00e4sslich des Gedenkens an den Fu\u00dfball-Kaiser \u00e4ndern RTL und ntv ihr Programm f\u00fcr eine Sondersendung und berichten ab 14:50 Uhr live von der Veranstaltung.<\/p>\n<p style=\"text-align: justify;\">Moderator Florian K\u00f6nig f\u00fchrt durch die \u00dcbertragung aus dem Stadion des deutschen Rekordmeisters und begr\u00fc\u00dft an seiner Seite mit G\u00fcnther Jauch einen langj\u00e4hrigen Weggef\u00e4hrten Beckenbauers.<\/p>\n<p style=\"text-align: justify;\">\n<p>&nbsp;<\/p>\n<figure id=\"attachment_217199\" aria-describedby=\"caption-attachment-217199\" style=\"width: 800px\" class=\"wp-caption alignnone\"><img decoding=\"async\" loading=\"lazy\" class=\"size-large wp-image-217199\" src=\"https:\/\/smago.de\/ws2\/wp-content\/uploads\/2024\/01\/beckenbauer_RTL-800x450.jpg\" alt=\"\" width=\"800\" height=\"450\" srcset=\"https:\/\/smago.de\/ws2\/wp-content\/uploads\/2024\/01\/beckenbauer_RTL-800x450.jpg 800w, https:\/\/smago.de\/ws2\/wp-content\/uploads\/2024\/01\/beckenbauer_RTL-522x294.jpg 522w, https:\/\/smago.de\/ws2\/wp-content\/uploads\/2024\/01\/beckenbauer_RTL-267x150.jpg 267w, https:\/\/smago.de\/ws2\/wp-content\/uploads\/2024\/01\/beckenbauer_RTL-768x432.jpg 768w, https:\/\/smago.de\/ws2\/wp-content\/uploads\/2024\/01\/beckenbauer_RTL-392x221.jpg 392w, https:\/\/smago.de\/ws2\/wp-content\/uploads\/2024\/01\/beckenbauer_RTL-130x73.jpg 130w, https:\/\/smago.de\/ws2\/wp-content\/uploads\/2024\/01\/beckenbauer_RTL-791x445.jpg 791w, https:\/\/smago.de\/ws2\/wp-content\/uploads\/2024\/01\/beckenbauer_RTL-870x489.jpg 870w, https:\/\/smago.de\/ws2\/wp-content\/uploads\/2024\/01\/beckenbauer_RTL-292x164.jpg 292w, https:\/\/smago.de\/ws2\/wp-content\/uploads\/2024\/01\/beckenbauer_RTL-435x245.jpg 435w, https:\/\/smago.de\/ws2\/wp-content\/uploads\/2024\/01\/beckenbauer_RTL-895x503.jpg 895w, https:\/\/smago.de\/ws2\/wp-content\/uploads\/2024\/01\/beckenbauer_RTL.jpg 1150w\" sizes=\"(max-width: 800px) 100vw, 800px\" \/><figcaption id=\"caption-attachment-217199\" class=\"wp-caption-text\"><em>Franz Beckenbauer<\/em><\/p>\n<p><em>Foto-Credit: RTL \/ Stefan Gregorowius<\/em><\/p>\n<p><em>Bitte beachten Sie auch <strong><a href=\"https:\/\/plus.rtl.de\">RTL+<\/a><\/strong>!<\/em><\/figcaption><\/figure>\n","protected":false},"excerpt":{"rendered":"<p>Fr., 19.01.2024, ab 14:50 Uhr RTL Spezial: \u201eAbschied vom Kaiser \u2013 Trauerfeier f\u00fcr Franz Beckenbauer\u201c!<\/p>\n","protected":false},"author":2,"featured_media":217199,"comment_status":"open","ping_status":"closed","sticky":false,"template":"","format":"standard","meta":{"_FSMCFIC_featured_image_caption":"","_FSMCFIC_featured_image_nocaption":"","_FSMCFIC_featured_image_hide":""},"categories":[24,128],"tags":[2496],"acf":[],"_links":{"self":[{"href":"https:\/\/smago.de\/ws2\/wp-json\/wp\/v2\/posts\/217198"}],"collection":[{"href":"https:\/\/smago.de\/ws2\/wp-json\/wp\/v2\/posts"}],"about":[{"href":"https:\/\/smago.de\/ws2\/wp-json\/wp\/v2\/types\/post"}],"author":[{"embeddable":true,"href":"https:\/\/smago.de\/ws2\/wp-json\/wp\/v2\/users\/2"}],"replies":[{"embeddable":true,"href":"https:\/\/smago.de\/ws2\/wp-json\/wp\/v2\/comments?post=217198"}],"version-history":[{"count":2,"href":"https:\/\/smago.de\/ws2\/wp-json\/wp\/v2\/posts\/217198\/revisions"}],"predecessor-version":[{"id":217201,"href":"https:\/\/smago.de\/ws2\/wp-json\/wp\/v2\/posts\/217198\/revisions\/217201"}],"wp:featuredmedia":[{"embeddable":true,"href":"https:\/\/smago.de\/ws2\/wp-json\/wp\/v2\/media\/217199"}],"wp:attachment":[{"href":"https:\/\/smago.de\/ws2\/wp-json\/wp\/v2\/media?parent=217198"}],"wp:term":[{"taxonomy":"category","embeddable":true,"href":"https:\/\/smago.de\/ws2\/wp-json\/wp\/v2\/categories?post=217198"},{"taxonomy":"post_tag","embeddable":true,"href":"https:\/\/smago.de\/ws2\/wp-json\/wp\/v2\/tags?post=217198"}],"curies":[{"name":"wp","href":"https:\/\/api.w.org\/{rel}","templated":true}]}}